{"id":49444,"date":"2019-06-05T15:13:24","date_gmt":"2019-06-05T13:13:24","guid":{"rendered":"http:\/\/www.piuomenopop.it\/?p=49444"},"modified":"2019-06-05T15:13:24","modified_gmt":"2019-06-05T13:13:24","slug":"undamento-maxxi-11-luglio-roma-maxxi-museo-delle-arti-del-xxi-secolo-concerti-e-mostra-fotografica","status":"publish","type":"post","link":"https:\/\/www.piuomenopop.it\/index.php\/2019\/06\/05\/undamento-maxxi-11-luglio-roma-maxxi-museo-delle-arti-del-xxi-secolo-concerti-e-mostra-fotografica\/","title":{"rendered":"UNDAMENTO MAXXI: 11 luglio, ROMA &#8211; Maxxi, Museo Delle Arti del XXI Secolo: concerti e mostra fotografica"},"content":{"rendered":"<p><strong>SAR\u00c0 UNA FESTA.<br \/>\nSAR\u00c0 UN CONCERTO.<br \/>\nSAR\u00c0 UNA PISTA DA BALLO.<br \/>\nSAR\u00c0 UNA MOSTRA FOTOGRAFICA.<br \/>\nSAR\u00c0 A ROMA.<br \/>\nSAR\u00c0 L\u2019UNDICI LUGLIO.<br \/>\nSAR\u00c0 AL MAXXI, MUSEO NAZIONALE DELLE ARTI DEL XXI SECOLO.<br \/>\nSAR\u00c0 UNDAMENTO FAMILY, PER LA PRIMA VOLTA AL COMPLETO.\u00a0<\/strong><\/p>\n<table class=\"m_6996436607408738794mcnTextBlock\" border=\"0\" width=\"100%\" cellspacing=\"0\" cellpadding=\"0\">\n<tbody class=\"m_6996436607408738794mcnTextBlockOuter\">\n<tr>\n<td class=\"m_6996436607408738794mcnTextBlockInner\" valign=\"top\">\n<table class=\"m_6996436607408738794mcnTextContentContainer\" border=\"0\" width=\"100%\" cellspacing=\"0\" cellpadding=\"0\" align=\"left\">\n<tbody>\n<tr>\n<td class=\"m_6996436607408738794mcnTextContent\" valign=\"top\">\n<div><strong>UNDAMENTO MAXXI<\/strong><br \/>\n<strong>LA FESTA DI UNDAMENTO AL MAXXI,\u00a0MUSEO NAZIONALE DELLE ARTI DEL XXI SECOLO\u00a0<\/strong><br \/>\n<strong>11 LUGLIO 2019 &#8211; ROMA\u00a0<\/strong><br \/>\n<strong>Via Guido Reni, 4A &#8211; Apertura cancelli: h. 19.30\u00a0<\/strong><br \/>\n<strong>Ingresso: 15 Euro + d.d.p. (prevendite attive su Vivaticket:<\/strong>\u00a0<strong><a class=\"m_6996436607408738794moz-txt-link-freetext\" href=\"https:\/\/maxxi.vivaticket.it\/ita\/event\/undamento-maxxi\/131917\" target=\"_blank\" rel=\"noopener noreferrer\" data-saferedirecturl=\"https:\/\/www.google.com\/url?q=https:\/\/maxxi.vivaticket.it\/ita\/event\/undamento-maxxi\/131917&amp;source=gmail&amp;ust=1559826124971000&amp;usg=AFQjCNHrIBxX_VVQyiyp4B-HMyvOMuIrow\">https:\/\/maxxi.vivaticket.it\/<wbr \/>ita\/event\/undamento-maxxi\/<wbr \/>131917<\/a><br \/>\n<\/strong><br \/>\nDopo l&#8217;evento al\u00a0<strong>Tempio del Futuro Perduto (Milano)<\/strong>,\u00a0<strong>UNDAMENTO &#8211;<\/strong>\u00a0l&#8217;etichetta\u00a0indipendente di base a Milano che nel corso degli anni ha firmato i dischi di\u00a0<strong>Coez, Frah Quintale, Dutch Nazari<\/strong>\u00a0e molti altri &#8211;\u00a0sar\u00e0 a\u00a0<strong>ROMA<\/strong>\u00a0per una nuova, incredibile festa. L&#8217;evento si svolger\u00e0 l<strong>&#8217;11 luglio<\/strong>\u00a0nella prestigiosa cornice del\u00a0<strong>MAXXI,<\/strong>\u00a0<strong>il\u00a0Museo nazionale delle arti del XXI secolo<\/strong>.\u00a0Una serata che coinvolger\u00e0\u00a0<strong>Undamento<\/strong>, tutta, e che vedr\u00e0 esibirsi dal vivo gli artisti del roster Undamento Family. Un palco, live shows, una pista da ballo e la\u00a0mostra fotografica del tour di\u00a0<strong>Frah Quintale:<\/strong>\u00a0<strong>&#8220;Regardez\u00a0MOI\u00a0&#8211; The Backstage Chronicles&#8221;<\/strong>:<\/p>\n<p><strong>CONCERTI &#8211;\u00a0<\/strong><strong>LINE UP:<\/strong><br \/>\n<strong>DUTCH NAZARI<br \/>\nCERI<br \/>\nJOAN THIELE<br \/>\nDOLA<br \/>\nIRBIS 37<br \/>\nSPZ<br \/>\nSEE MAW<\/strong><br \/>\n<strong>+ SECRET\u00a0GUESTS<\/strong><\/div>\n<\/td>\n<\/tr>\n<\/tbody>\n<\/table>\n<\/td>\n<\/tr>\n<\/tbody>\n<\/table>\n<table class=\"m_6996436607408738794mcnTextBlock\" border=\"0\" width=\"100%\" cellspacing=\"0\" cellpadding=\"0\">\n<tbody class=\"m_6996436607408738794mcnTextBlockOuter\">\n<tr>\n<td class=\"m_6996436607408738794mcnTextBlockInner\" valign=\"top\">\n<table class=\"m_6996436607408738794mcnTextContentContainer\" border=\"0\" width=\"100%\" cellspacing=\"0\" cellpadding=\"0\" align=\"left\">\n<tbody>\n<tr>\n<td class=\"m_6996436607408738794mcnTextContent\" valign=\"top\">\n<div><strong>MOSTRA FOTOGRAFICA &#8211; Regardez Moi &#8220;The Backstage Chronicles&#8221;\u00a0<\/strong><br \/>\n<strong>dalle h.\u00a019.30 alle h.\u00a023.30<\/strong><br \/>\nTra lo studio, le autostrade, gli alberghi, i backstage e i palchi di tutta Italia, un archivio di fotografie analogiche lungo oltre un anno, per mostrare tutto ci\u00f2 che accade durante un tour e non si vede dal parterre.\u00a0Una mostra per aprire l\u2019album dei ricordi del tour del &#8220;<strong>Regardez Moi&#8221;<\/strong>\u00a0Tour di<strong>\u00a0Frah Quintale<\/strong>\u00a0e festeggiare questo pezzo di strada insieme.\u00a0\u00a0<strong>\u00a0<\/strong><\/div>\n<\/td>\n<\/tr>\n<\/tbody>\n<\/table>\n<\/td>\n<\/tr>\n<\/tbody>\n<\/table>\n<p>Si scrive\u00a0<strong><a href=\"https:\/\/www.facebook.com\/undamento\/\" target=\"_blank\" rel=\"noopener noreferrer\">Undamento<\/a>,\u00a0<\/strong>ma si legge<strong>\u2039an\u00b7da\u00b7m\u00e9n\u00b7to\u203a.\u00a0<\/strong><br \/>\n<strong>Undamento\u00a0<\/strong>\u00e8 un\u2019etichetta indipendente di base a Milano nata nel 2012 che nel corso degli anni ha firmato i dischi di\u00a0<strong>Coez,\u00a0<\/strong><strong>Frah Quintale<\/strong>,\u00a0<strong>Dutch Nazari,\u00a0<\/strong><strong>Ceri\u00a0<\/strong>e molti altri. Complice un\u2019estetica ormai iconica, un approccio alla musica fresco e fatto di\u00a0multi-artististicit\u00e0 ed eclettismo, ha saputo imporsi come una delle realt\u00e0 indipendenti\u00a0protagoniste del settore discografico italiano, con un roster di qualit\u00e0 che spazia dal rap\/hip hop all\u2019elettronica, con\u00a0un certo gusto pop al c.d. cantautorato indie.<\/p>\n","protected":false},"excerpt":{"rendered":"<div class=\"mh-excerpt\"><p>SAR\u00c0 UNA FESTA. SAR\u00c0 UN CONCERTO. SAR\u00c0 UNA PISTA DA BALLO. SAR\u00c0 UNA MOSTRA FOTOGRAFICA. SAR\u00c0 A ROMA. SAR\u00c0 L\u2019UNDICI LUGLIO. SAR\u00c0 AL MAXXI, MUSEO <a class=\"mh-excerpt-more\" href=\"https:\/\/www.piuomenopop.it\/index.php\/2019\/06\/05\/undamento-maxxi-11-luglio-roma-maxxi-museo-delle-arti-del-xxi-secolo-concerti-e-mostra-fotografica\/\" title=\"UNDAMENTO MAXXI: 11 luglio, ROMA &#8211; Maxxi, Museo Delle Arti del XXI Secolo: concerti e mostra fotografica\">[&#8230;]<\/a><\/p>\n<\/div>","protected":false},"author":2,"featured_media":49445,"comment_status":"closed","ping_status":"closed","sticky":false,"template":"","format":"standard","meta":{"sfsi_plus_gutenberg_text_before_share":"","sfsi_plus_gutenberg_show_text_before_share":"","sfsi_plus_gutenberg_icon_type":"","sfsi_plus_gutenberg_icon_alignemt":"","sfsi_plus_gutenburg_max_per_row":"","footnotes":"","_links_to":"","_links_to_target":""},"categories":[5184,730,3],"tags":[8071,9916],"class_list":["post-49444","post","type-post","status-publish","format-standard","has-post-thumbnail","hentry","category-calendario-concerti","category-festival","category-news","tag-undamento","tag-undamento-maxxi"],"aioseo_notices":[],"aioseo_head":"\n\t\t<!-- All in One SEO 5.0.1.1 - aioseo.com -->\n\t<meta name=\"description\" content=\"SAR\u00c0 UNA FESTA. SAR\u00c0 UN CONCERTO. SAR\u00c0 UNA PISTA DA BALLO. SAR\u00c0 UNA MOSTRA FOTOGRAFICA. SAR\u00c0 A ROMA. SAR\u00c0 L\u2019UNDICI LUGLIO. SAR\u00c0 AL MAXXI, MUSEO NAZIONALE DELLE ARTI DEL XXI SECOLO. SAR\u00c0 UNDAMENTO FAMILY, PER LA PRIMA VOLTA AL COMPLETO. UNDAMENTO MAXXI LA FESTA DI UNDAMENTO AL MAXXI, MUSEO NAZIONALE DELLE ARTI DEL XXI SECOLO 11\" \/>\n\t<meta name=\"robots\" content=\"max-image-preview:large\" \/>\n\t<meta name=\"author\" content=\"redazione\"\/>\n\t<link rel=\"canonical\" href=\"https:\/\/www.piuomenopop.it\/index.php\/2019\/06\/05\/undamento-maxxi-11-luglio-roma-maxxi-museo-delle-arti-del-xxi-secolo-concerti-e-mostra-fotografica\/\" \/>\n\t<meta name=\"generator\" content=\"All in One SEO (AIOSEO) 5.0.1.1\" \/>\n\t\t<meta property=\"og:locale\" content=\"it_IT\" \/>\n\t\t<meta property=\"og:site_name\" content=\"Piu o Meno POP - uno spazio di condivisione, che si occupa di passioni\" \/>\n\t\t<meta property=\"og:type\" content=\"article\" \/>\n\t\t<meta property=\"og:title\" content=\"UNDAMENTO MAXXI: 11 luglio, ROMA \u2013 Maxxi, Museo Delle Arti del XXI Secolo: concerti e mostra fotografica - Piu o Meno POP\" \/>\n\t\t<meta property=\"og:description\" content=\"SAR\u00c0 UNA FESTA. SAR\u00c0 UN CONCERTO. SAR\u00c0 UNA PISTA DA BALLO. SAR\u00c0 UNA MOSTRA FOTOGRAFICA. SAR\u00c0 A ROMA. SAR\u00c0 L\u2019UNDICI LUGLIO. SAR\u00c0 AL MAXXI, MUSEO NAZIONALE DELLE ARTI DEL XXI SECOLO. SAR\u00c0 UNDAMENTO FAMILY, PER LA PRIMA VOLTA AL COMPLETO. UNDAMENTO MAXXI LA FESTA DI UNDAMENTO AL MAXXI, MUSEO NAZIONALE DELLE ARTI DEL XXI SECOLO 11\" \/>\n\t\t<meta property=\"og:url\" content=\"https:\/\/www.piuomenopop.it\/index.php\/2019\/06\/05\/undamento-maxxi-11-luglio-roma-maxxi-museo-delle-arti-del-xxi-secolo-concerti-e-mostra-fotografica\/\" \/>\n\t\t<meta property=\"article:published_time\" content=\"2019-06-05T13:13:24+00:00\" \/>\n\t\t<meta property=\"article:modified_time\" content=\"2019-06-05T13:13:24+00:00\" \/>\n\t\t<meta name=\"twitter:card\" content=\"summary\" \/>\n\t\t<meta name=\"twitter:title\" content=\"UNDAMENTO MAXXI: 11 luglio, ROMA \u2013 Maxxi, Museo Delle Arti del XXI Secolo: concerti e mostra fotografica - Piu o Meno POP\" \/>\n\t\t<meta name=\"twitter:description\" content=\"SAR\u00c0 UNA FESTA. SAR\u00c0 UN CONCERTO. SAR\u00c0 UNA PISTA DA BALLO. SAR\u00c0 UNA MOSTRA FOTOGRAFICA. SAR\u00c0 A ROMA. SAR\u00c0 L\u2019UNDICI LUGLIO. SAR\u00c0 AL MAXXI, MUSEO NAZIONALE DELLE ARTI DEL XXI SECOLO. SAR\u00c0 UNDAMENTO FAMILY, PER LA PRIMA VOLTA AL COMPLETO. UNDAMENTO MAXXI LA FESTA DI UNDAMENTO AL MAXXI, MUSEO NAZIONALE DELLE ARTI DEL XXI SECOLO 11\" \/>\n\t\t<script type=\"application\/ld+json\" class=\"aioseo-schema\">\n\t\t\t{\"@context\":\"https:\\\/\\\/schema.org\",\"@graph\":[{\"@type\":\"BlogPosting\",\"@id\":\"https:\\\/\\\/www.piuomenopop.it\\\/index.php\\\/2019\\\/06\\\/05\\\/undamento-maxxi-11-luglio-roma-maxxi-museo-delle-arti-del-xxi-secolo-concerti-e-mostra-fotografica\\\/#blogposting\",\"name\":\"UNDAMENTO MAXXI: 11 luglio, ROMA \\u2013 Maxxi, Museo Delle Arti del XXI Secolo: concerti e mostra fotografica - Piu o Meno POP\",\"headline\":\"UNDAMENTO MAXXI: 11 luglio, ROMA &#8211; Maxxi, Museo Delle Arti del XXI Secolo: concerti e mostra fotografica\",\"author\":{\"@id\":\"https:\\\/\\\/www.piuomenopop.it\\\/index.php\\\/author\\\/sonia\\\/#author\"},\"publisher\":{\"@id\":\"https:\\\/\\\/www.piuomenopop.it\\\/#organization\"},\"image\":{\"@type\":\"ImageObject\",\"url\":\"https:\\\/\\\/www.piuomenopop.it\\\/wp-content\\\/uploads\\\/2019\\\/06\\\/undamento-Small.jpg\",\"width\":854,\"height\":447},\"datePublished\":\"2019-06-05T15:13:24+02:00\",\"dateModified\":\"2019-06-05T15:13:24+02:00\",\"inLanguage\":\"it-IT\",\"mainEntityOfPage\":{\"@id\":\"https:\\\/\\\/www.piuomenopop.it\\\/index.php\\\/2019\\\/06\\\/05\\\/undamento-maxxi-11-luglio-roma-maxxi-museo-delle-arti-del-xxi-secolo-concerti-e-mostra-fotografica\\\/#webpage\"},\"isPartOf\":{\"@id\":\"https:\\\/\\\/www.piuomenopop.it\\\/index.php\\\/2019\\\/06\\\/05\\\/undamento-maxxi-11-luglio-roma-maxxi-museo-delle-arti-del-xxi-secolo-concerti-e-mostra-fotografica\\\/#webpage\"},\"articleSection\":\"calendario concerti, Festival, Notizie, Undamento, UNDAMENTO MAXXI\"},{\"@type\":\"BreadcrumbList\",\"@id\":\"https:\\\/\\\/www.piuomenopop.it\\\/index.php\\\/2019\\\/06\\\/05\\\/undamento-maxxi-11-luglio-roma-maxxi-museo-delle-arti-del-xxi-secolo-concerti-e-mostra-fotografica\\\/#breadcrumblist\",\"itemListElement\":[{\"@type\":\"ListItem\",\"@id\":\"https:\\\/\\\/www.piuomenopop.it#listItem\",\"position\":1,\"name\":\"Home\",\"item\":\"https:\\\/\\\/www.piuomenopop.it\",\"nextItem\":{\"@type\":\"ListItem\",\"@id\":\"https:\\\/\\\/www.piuomenopop.it\\\/index.php\\\/category\\\/news\\\/#listItem\",\"name\":\"Notizie\"}},{\"@type\":\"ListItem\",\"@id\":\"https:\\\/\\\/www.piuomenopop.it\\\/index.php\\\/category\\\/news\\\/#listItem\",\"position\":2,\"name\":\"Notizie\",\"item\":\"https:\\\/\\\/www.piuomenopop.it\\\/index.php\\\/category\\\/news\\\/\",\"nextItem\":{\"@type\":\"ListItem\",\"@id\":\"https:\\\/\\\/www.piuomenopop.it\\\/index.php\\\/2019\\\/06\\\/05\\\/undamento-maxxi-11-luglio-roma-maxxi-museo-delle-arti-del-xxi-secolo-concerti-e-mostra-fotografica\\\/#listItem\",\"name\":\"UNDAMENTO MAXXI: 11 luglio, ROMA &#8211; Maxxi, Museo Delle Arti del XXI Secolo: concerti e mostra fotografica\"},\"previousItem\":{\"@type\":\"ListItem\",\"@id\":\"https:\\\/\\\/www.piuomenopop.it#listItem\",\"name\":\"Home\"}},{\"@type\":\"ListItem\",\"@id\":\"https:\\\/\\\/www.piuomenopop.it\\\/index.php\\\/2019\\\/06\\\/05\\\/undamento-maxxi-11-luglio-roma-maxxi-museo-delle-arti-del-xxi-secolo-concerti-e-mostra-fotografica\\\/#listItem\",\"position\":3,\"name\":\"UNDAMENTO MAXXI: 11 luglio, ROMA &#8211; Maxxi, Museo Delle Arti del XXI Secolo: concerti e mostra fotografica\",\"previousItem\":{\"@type\":\"ListItem\",\"@id\":\"https:\\\/\\\/www.piuomenopop.it\\\/index.php\\\/category\\\/news\\\/#listItem\",\"name\":\"Notizie\"}}]},{\"@type\":\"Organization\",\"@id\":\"https:\\\/\\\/www.piuomenopop.it\\\/#organization\",\"name\":\"Piu o Meno POP\",\"description\":\"uno spazio di condivisione, che si occupa di passioni\",\"url\":\"https:\\\/\\\/www.piuomenopop.it\\\/\"},{\"@type\":\"Person\",\"@id\":\"https:\\\/\\\/www.piuomenopop.it\\\/index.php\\\/author\\\/sonia\\\/#author\",\"url\":\"https:\\\/\\\/www.piuomenopop.it\\\/index.php\\\/author\\\/sonia\\\/\",\"name\":\"redazione\",\"image\":{\"@type\":\"ImageObject\",\"@id\":\"https:\\\/\\\/www.piuomenopop.it\\\/index.php\\\/2019\\\/06\\\/05\\\/undamento-maxxi-11-luglio-roma-maxxi-museo-delle-arti-del-xxi-secolo-concerti-e-mostra-fotografica\\\/#authorImage\",\"url\":\"https:\\\/\\\/secure.gravatar.com\\\/avatar\\\/5a2feb58192bb409d31bb30564805c9ab4588e2df3a00e7e57648d81c2cc138a?s=96&d=mm&r=g\",\"width\":96,\"height\":96,\"caption\":\"redazione\"}},{\"@type\":\"WebPage\",\"@id\":\"https:\\\/\\\/www.piuomenopop.it\\\/index.php\\\/2019\\\/06\\\/05\\\/undamento-maxxi-11-luglio-roma-maxxi-museo-delle-arti-del-xxi-secolo-concerti-e-mostra-fotografica\\\/#webpage\",\"url\":\"https:\\\/\\\/www.piuomenopop.it\\\/index.php\\\/2019\\\/06\\\/05\\\/undamento-maxxi-11-luglio-roma-maxxi-museo-delle-arti-del-xxi-secolo-concerti-e-mostra-fotografica\\\/\",\"name\":\"UNDAMENTO MAXXI: 11 luglio, ROMA \\u2013 Maxxi, Museo Delle Arti del XXI Secolo: concerti e mostra fotografica - Piu o Meno POP\",\"description\":\"SAR\\u00c0 UNA FESTA. SAR\\u00c0 UN CONCERTO. SAR\\u00c0 UNA PISTA DA BALLO. SAR\\u00c0 UNA MOSTRA FOTOGRAFICA. SAR\\u00c0 A ROMA. SAR\\u00c0 L\\u2019UNDICI LUGLIO. SAR\\u00c0 AL MAXXI, MUSEO NAZIONALE DELLE ARTI DEL XXI SECOLO. SAR\\u00c0 UNDAMENTO FAMILY, PER LA PRIMA VOLTA AL COMPLETO. UNDAMENTO MAXXI LA FESTA DI UNDAMENTO AL MAXXI, MUSEO NAZIONALE DELLE ARTI DEL XXI SECOLO 11\",\"inLanguage\":\"it-IT\",\"isPartOf\":{\"@id\":\"https:\\\/\\\/www.piuomenopop.it\\\/#website\"},\"breadcrumb\":{\"@id\":\"https:\\\/\\\/www.piuomenopop.it\\\/index.php\\\/2019\\\/06\\\/05\\\/undamento-maxxi-11-luglio-roma-maxxi-museo-delle-arti-del-xxi-secolo-concerti-e-mostra-fotografica\\\/#breadcrumblist\"},\"author\":{\"@id\":\"https:\\\/\\\/www.piuomenopop.it\\\/index.php\\\/author\\\/sonia\\\/#author\"},\"creator\":{\"@id\":\"https:\\\/\\\/www.piuomenopop.it\\\/index.php\\\/author\\\/sonia\\\/#author\"},\"image\":{\"@type\":\"ImageObject\",\"url\":\"https:\\\/\\\/www.piuomenopop.it\\\/wp-content\\\/uploads\\\/2019\\\/06\\\/undamento-Small.jpg\",\"@id\":\"https:\\\/\\\/www.piuomenopop.it\\\/index.php\\\/2019\\\/06\\\/05\\\/undamento-maxxi-11-luglio-roma-maxxi-museo-delle-arti-del-xxi-secolo-concerti-e-mostra-fotografica\\\/#mainImage\",\"width\":854,\"height\":447},\"primaryImageOfPage\":{\"@id\":\"https:\\\/\\\/www.piuomenopop.it\\\/index.php\\\/2019\\\/06\\\/05\\\/undamento-maxxi-11-luglio-roma-maxxi-museo-delle-arti-del-xxi-secolo-concerti-e-mostra-fotografica\\\/#mainImage\"},\"datePublished\":\"2019-06-05T15:13:24+02:00\",\"dateModified\":\"2019-06-05T15:13:24+02:00\"},{\"@type\":\"WebSite\",\"@id\":\"https:\\\/\\\/www.piuomenopop.it\\\/#website\",\"url\":\"https:\\\/\\\/www.piuomenopop.it\\\/\",\"name\":\"Piu o Meno POP\",\"description\":\"uno spazio di condivisione, che si occupa di passioni\",\"inLanguage\":\"it-IT\",\"publisher\":{\"@id\":\"https:\\\/\\\/www.piuomenopop.it\\\/#organization\"}}]}\n\t\t<\/script>\n\t\t<!-- All in One SEO -->\n\n","aioseo_head_json":{"title":"UNDAMENTO MAXXI: 11 luglio, ROMA \u2013 Maxxi, Museo Delle Arti del XXI Secolo: concerti e mostra fotografica - Piu o Meno POP","description":"SAR\u00c0 UNA FESTA. SAR\u00c0 UN CONCERTO. SAR\u00c0 UNA PISTA DA BALLO. SAR\u00c0 UNA MOSTRA FOTOGRAFICA. SAR\u00c0 A ROMA. SAR\u00c0 L\u2019UNDICI LUGLIO. SAR\u00c0 AL MAXXI, MUSEO NAZIONALE DELLE ARTI DEL XXI SECOLO. SAR\u00c0 UNDAMENTO FAMILY, PER LA PRIMA VOLTA AL COMPLETO. UNDAMENTO MAXXI LA FESTA DI UNDAMENTO AL MAXXI, MUSEO NAZIONALE DELLE ARTI DEL XXI SECOLO 11","canonical_url":"https:\/\/www.piuomenopop.it\/index.php\/2019\/06\/05\/undamento-maxxi-11-luglio-roma-maxxi-museo-delle-arti-del-xxi-secolo-concerti-e-mostra-fotografica\/","robots":"max-image-preview:large","keywords":"","webmasterTools":{"miscellaneous":""},"schema":{"@context":"https:\/\/schema.org","@graph":[{"@type":"BlogPosting","@id":"https:\/\/www.piuomenopop.it\/index.php\/2019\/06\/05\/undamento-maxxi-11-luglio-roma-maxxi-museo-delle-arti-del-xxi-secolo-concerti-e-mostra-fotografica\/#blogposting","name":"UNDAMENTO MAXXI: 11 luglio, ROMA \u2013 Maxxi, Museo Delle Arti del XXI Secolo: concerti e mostra fotografica - Piu o Meno POP","headline":"UNDAMENTO MAXXI: 11 luglio, ROMA &#8211; Maxxi, Museo Delle Arti del XXI Secolo: concerti e mostra fotografica","author":{"@id":"https:\/\/www.piuomenopop.it\/index.php\/author\/sonia\/#author"},"publisher":{"@id":"https:\/\/www.piuomenopop.it\/#organization"},"image":{"@type":"ImageObject","url":"https:\/\/www.piuomenopop.it\/wp-content\/uploads\/2019\/06\/undamento-Small.jpg","width":854,"height":447},"datePublished":"2019-06-05T15:13:24+02:00","dateModified":"2019-06-05T15:13:24+02:00","inLanguage":"it-IT","mainEntityOfPage":{"@id":"https:\/\/www.piuomenopop.it\/index.php\/2019\/06\/05\/undamento-maxxi-11-luglio-roma-maxxi-museo-delle-arti-del-xxi-secolo-concerti-e-mostra-fotografica\/#webpage"},"isPartOf":{"@id":"https:\/\/www.piuomenopop.it\/index.php\/2019\/06\/05\/undamento-maxxi-11-luglio-roma-maxxi-museo-delle-arti-del-xxi-secolo-concerti-e-mostra-fotografica\/#webpage"},"articleSection":"calendario concerti, Festival, Notizie, Undamento, UNDAMENTO MAXXI"},{"@type":"BreadcrumbList","@id":"https:\/\/www.piuomenopop.it\/index.php\/2019\/06\/05\/undamento-maxxi-11-luglio-roma-maxxi-museo-delle-arti-del-xxi-secolo-concerti-e-mostra-fotografica\/#breadcrumblist","itemListElement":[{"@type":"ListItem","@id":"https:\/\/www.piuomenopop.it#listItem","position":1,"name":"Home","item":"https:\/\/www.piuomenopop.it","nextItem":{"@type":"ListItem","@id":"https:\/\/www.piuomenopop.it\/index.php\/category\/news\/#listItem","name":"Notizie"}},{"@type":"ListItem","@id":"https:\/\/www.piuomenopop.it\/index.php\/category\/news\/#listItem","position":2,"name":"Notizie","item":"https:\/\/www.piuomenopop.it\/index.php\/category\/news\/","nextItem":{"@type":"ListItem","@id":"https:\/\/www.piuomenopop.it\/index.php\/2019\/06\/05\/undamento-maxxi-11-luglio-roma-maxxi-museo-delle-arti-del-xxi-secolo-concerti-e-mostra-fotografica\/#listItem","name":"UNDAMENTO MAXXI: 11 luglio, ROMA &#8211; Maxxi, Museo Delle Arti del XXI Secolo: concerti e mostra fotografica"},"previousItem":{"@type":"ListItem","@id":"https:\/\/www.piuomenopop.it#listItem","name":"Home"}},{"@type":"ListItem","@id":"https:\/\/www.piuomenopop.it\/index.php\/2019\/06\/05\/undamento-maxxi-11-luglio-roma-maxxi-museo-delle-arti-del-xxi-secolo-concerti-e-mostra-fotografica\/#listItem","position":3,"name":"UNDAMENTO MAXXI: 11 luglio, ROMA &#8211; Maxxi, Museo Delle Arti del XXI Secolo: concerti e mostra fotografica","previousItem":{"@type":"ListItem","@id":"https:\/\/www.piuomenopop.it\/index.php\/category\/news\/#listItem","name":"Notizie"}}]},{"@type":"Organization","@id":"https:\/\/www.piuomenopop.it\/#organization","name":"Piu o Meno POP","description":"uno spazio di condivisione, che si occupa di passioni","url":"https:\/\/www.piuomenopop.it\/"},{"@type":"Person","@id":"https:\/\/www.piuomenopop.it\/index.php\/author\/sonia\/#author","url":"https:\/\/www.piuomenopop.it\/index.php\/author\/sonia\/","name":"redazione","image":{"@type":"ImageObject","@id":"https:\/\/www.piuomenopop.it\/index.php\/2019\/06\/05\/undamento-maxxi-11-luglio-roma-maxxi-museo-delle-arti-del-xxi-secolo-concerti-e-mostra-fotografica\/#authorImage","url":"https:\/\/secure.gravatar.com\/avatar\/5a2feb58192bb409d31bb30564805c9ab4588e2df3a00e7e57648d81c2cc138a?s=96&d=mm&r=g","width":96,"height":96,"caption":"redazione"}},{"@type":"WebPage","@id":"https:\/\/www.piuomenopop.it\/index.php\/2019\/06\/05\/undamento-maxxi-11-luglio-roma-maxxi-museo-delle-arti-del-xxi-secolo-concerti-e-mostra-fotografica\/#webpage","url":"https:\/\/www.piuomenopop.it\/index.php\/2019\/06\/05\/undamento-maxxi-11-luglio-roma-maxxi-museo-delle-arti-del-xxi-secolo-concerti-e-mostra-fotografica\/","name":"UNDAMENTO MAXXI: 11 luglio, ROMA \u2013 Maxxi, Museo Delle Arti del XXI Secolo: concerti e mostra fotografica - Piu o Meno POP","description":"SAR\u00c0 UNA FESTA. SAR\u00c0 UN CONCERTO. SAR\u00c0 UNA PISTA DA BALLO. SAR\u00c0 UNA MOSTRA FOTOGRAFICA. SAR\u00c0 A ROMA. SAR\u00c0 L\u2019UNDICI LUGLIO. SAR\u00c0 AL MAXXI, MUSEO NAZIONALE DELLE ARTI DEL XXI SECOLO. SAR\u00c0 UNDAMENTO FAMILY, PER LA PRIMA VOLTA AL COMPLETO. UNDAMENTO MAXXI LA FESTA DI UNDAMENTO AL MAXXI, MUSEO NAZIONALE DELLE ARTI DEL XXI SECOLO 11","inLanguage":"it-IT","isPartOf":{"@id":"https:\/\/www.piuomenopop.it\/#website"},"breadcrumb":{"@id":"https:\/\/www.piuomenopop.it\/index.php\/2019\/06\/05\/undamento-maxxi-11-luglio-roma-maxxi-museo-delle-arti-del-xxi-secolo-concerti-e-mostra-fotografica\/#breadcrumblist"},"author":{"@id":"https:\/\/www.piuomenopop.it\/index.php\/author\/sonia\/#author"},"creator":{"@id":"https:\/\/www.piuomenopop.it\/index.php\/author\/sonia\/#author"},"image":{"@type":"ImageObject","url":"https:\/\/www.piuomenopop.it\/wp-content\/uploads\/2019\/06\/undamento-Small.jpg","@id":"https:\/\/www.piuomenopop.it\/index.php\/2019\/06\/05\/undamento-maxxi-11-luglio-roma-maxxi-museo-delle-arti-del-xxi-secolo-concerti-e-mostra-fotografica\/#mainImage","width":854,"height":447},"primaryImageOfPage":{"@id":"https:\/\/www.piuomenopop.it\/index.php\/2019\/06\/05\/undamento-maxxi-11-luglio-roma-maxxi-museo-delle-arti-del-xxi-secolo-concerti-e-mostra-fotografica\/#mainImage"},"datePublished":"2019-06-05T15:13:24+02:00","dateModified":"2019-06-05T15:13:24+02:00"},{"@type":"WebSite","@id":"https:\/\/www.piuomenopop.it\/#website","url":"https:\/\/www.piuomenopop.it\/","name":"Piu o Meno POP","description":"uno spazio di condivisione, che si occupa di passioni","inLanguage":"it-IT","publisher":{"@id":"https:\/\/www.piuomenopop.it\/#organization"}}]},"og:locale":"it_IT","og:site_name":"Piu o Meno POP - uno spazio di condivisione, che si occupa di passioni","og:type":"article","og:title":"UNDAMENTO MAXXI: 11 luglio, ROMA \u2013 Maxxi, Museo Delle Arti del XXI Secolo: concerti e mostra fotografica - Piu o Meno POP","og:description":"SAR\u00c0 UNA FESTA. SAR\u00c0 UN CONCERTO. SAR\u00c0 UNA PISTA DA BALLO. SAR\u00c0 UNA MOSTRA FOTOGRAFICA. SAR\u00c0 A ROMA. SAR\u00c0 L\u2019UNDICI LUGLIO. SAR\u00c0 AL MAXXI, MUSEO NAZIONALE DELLE ARTI DEL XXI SECOLO. SAR\u00c0 UNDAMENTO FAMILY, PER LA PRIMA VOLTA AL COMPLETO. UNDAMENTO MAXXI LA FESTA DI UNDAMENTO AL MAXXI, MUSEO NAZIONALE DELLE ARTI DEL XXI SECOLO 11","og:url":"https:\/\/www.piuomenopop.it\/index.php\/2019\/06\/05\/undamento-maxxi-11-luglio-roma-maxxi-museo-delle-arti-del-xxi-secolo-concerti-e-mostra-fotografica\/","article:published_time":"2019-06-05T13:13:24+00:00","article:modified_time":"2019-06-05T13:13:24+00:00","twitter:card":"summary","twitter:title":"UNDAMENTO MAXXI: 11 luglio, ROMA \u2013 Maxxi, Museo Delle Arti del XXI Secolo: concerti e mostra fotografica - Piu o Meno POP","twitter:description":"SAR\u00c0 UNA FESTA. SAR\u00c0 UN CONCERTO. SAR\u00c0 UNA PISTA DA BALLO. SAR\u00c0 UNA MOSTRA FOTOGRAFICA. SAR\u00c0 A ROMA. SAR\u00c0 L\u2019UNDICI LUGLIO. SAR\u00c0 AL MAXXI, MUSEO NAZIONALE DELLE ARTI DEL XXI SECOLO. SAR\u00c0 UNDAMENTO FAMILY, PER LA PRIMA VOLTA AL COMPLETO. UNDAMENTO MAXXI LA FESTA DI UNDAMENTO AL MAXXI, MUSEO NAZIONALE DELLE ARTI DEL XXI SECOLO 11"},"aioseo_meta_data":{"post_id":"49444","title":null,"description":null,"keywords":null,"keyphrases":null,"primary_term":null,"canonical_url":null,"og_title":null,"og_description":null,"og_object_type":"default","og_image_type":"default","og_image_url":null,"og_image_width":null,"og_image_height":null,"og_image_custom_url":null,"og_image_custom_fields":null,"og_video":null,"og_custom_url":null,"og_article_section":null,"og_article_tags":null,"twitter_use_og":false,"twitter_card":"default","twitter_image_type":"default","twitter_image_url":null,"twitter_image_custom_url":null,"twitter_image_custom_fields":null,"twitter_title":null,"twitter_description":null,"schema":{"blockGraphs":[],"customGraphs":[],"default":{"data":{"Article":[],"Course":[],"Dataset":[],"FAQPage":[],"Movie":[],"Person":[],"Product":[],"ProductReview":[],"Car":[],"Recipe":[],"Service":[],"SoftwareApplication":[],"WebPage":[]},"graphName":"BlogPosting","isEnabled":true},"graphs":[]},"schema_type":"default","schema_type_options":null,"pillar_content":false,"robots_default":true,"robots_noindex":false,"robots_noarchive":false,"robots_nosnippet":false,"robots_nofollow":false,"robots_noimageindex":false,"robots_noodp":false,"robots_notranslate":false,"robots_max_snippet":null,"robots_max_videopreview":null,"robots_max_imagepreview":"large","priority":null,"frequency":null,"local_seo":null,"limit_modified_date":false,"created":"2022-06-22 21:29:08","updated":"2026-06-22 12:36:02","ai":null,"breadcrumb_settings":null,"seo_analyzer_scan_date":null,"focus_keyword":null,"additional_keywords":null,"truseo_locale":null},"aioseo_breadcrumb":"<div class=\"aioseo-breadcrumbs\"><span class=\"aioseo-breadcrumb\">\n\t\t\t<a href=\"https:\/\/www.piuomenopop.it\" title=\"Home\">Home<\/a>\n\t\t<\/span><span class=\"aioseo-breadcrumb-separator\">&raquo;<\/span><span class=\"aioseo-breadcrumb\">\n\t\t\t<a href=\"https:\/\/www.piuomenopop.it\/index.php\/category\/news\/\" title=\"Notizie\">Notizie<\/a>\n\t\t<\/span><span class=\"aioseo-breadcrumb-separator\">&raquo;<\/span><span class=\"aioseo-breadcrumb\">\n\t\t\tUNDAMENTO MAXXI: 11 luglio, ROMA \u2013 Maxxi, Museo Delle Arti del XXI Secolo: concerti e mostra fotografica\n\t\t<\/span><\/div>","aioseo_breadcrumb_json":[{"label":"Home","link":"https:\/\/www.piuomenopop.it"},{"label":"Notizie","link":"https:\/\/www.piuomenopop.it\/index.php\/category\/news\/"},{"label":"UNDAMENTO MAXXI: 11 luglio, ROMA &#8211; Maxxi, Museo Delle Arti del XXI Secolo: concerti e mostra fotografica","link":"https:\/\/www.piuomenopop.it\/index.php\/2019\/06\/05\/undamento-maxxi-11-luglio-roma-maxxi-museo-delle-arti-del-xxi-secolo-concerti-e-mostra-fotografica\/"}],"_links":{"self":[{"href":"https:\/\/www.piuomenopop.it\/index.php\/wp-json\/wp\/v2\/posts\/49444","targetHints":{"allow":["GET"]}}],"collection":[{"href":"https:\/\/www.piuomenopop.it\/index.php\/wp-json\/wp\/v2\/posts"}],"about":[{"href":"https:\/\/www.piuomenopop.it\/index.php\/wp-json\/wp\/v2\/types\/post"}],"author":[{"embeddable":true,"href":"https:\/\/www.piuomenopop.it\/index.php\/wp-json\/wp\/v2\/users\/2"}],"replies":[{"embeddable":true,"href":"https:\/\/www.piuomenopop.it\/index.php\/wp-json\/wp\/v2\/comments?post=49444"}],"version-history":[{"count":1,"href":"https:\/\/www.piuomenopop.it\/index.php\/wp-json\/wp\/v2\/posts\/49444\/revisions"}],"predecessor-version":[{"id":49446,"href":"https:\/\/www.piuomenopop.it\/index.php\/wp-json\/wp\/v2\/posts\/49444\/revisions\/49446"}],"wp:featuredmedia":[{"embeddable":true,"href":"https:\/\/www.piuomenopop.it\/index.php\/wp-json\/wp\/v2\/media\/49445"}],"wp:attachment":[{"href":"https:\/\/www.piuomenopop.it\/index.php\/wp-json\/wp\/v2\/media?parent=49444"}],"wp:term":[{"taxonomy":"category","embeddable":true,"href":"https:\/\/www.piuomenopop.it\/index.php\/wp-json\/wp\/v2\/categories?post=49444"},{"taxonomy":"post_tag","embeddable":true,"href":"https:\/\/www.piuomenopop.it\/index.php\/wp-json\/wp\/v2\/tags?post=49444"}],"curies":[{"name":"wp","href":"https:\/\/api.w.org\/{rel}","templated":true}]}}