{"id":50420,"date":"2019-06-21T22:50:17","date_gmt":"2019-06-21T20:50:17","guid":{"rendered":"http:\/\/www.piuomenopop.it\/?p=50420"},"modified":"2019-06-21T22:51:07","modified_gmt":"2019-06-21T20:51:07","slug":"50420","status":"publish","type":"post","link":"https:\/\/www.piuomenopop.it\/index.php\/2019\/06\/21\/50420\/","title":{"rendered":"SEM&#038;ST\u00c8NN torna l&#8217;iconico duo pop con un NUOVO SINGOLO, sorprendentemente e per la prima volta in italiano"},"content":{"rendered":"<p style=\"text-align: center;\"><b>SEM&amp;ST\u00c8NN <\/b><\/p>\n<p><b>torna l&#8217;iconico duo pop con un <\/b><b>NUOVO SINGOLO<\/b><b>, sorprendentemente e per la prima volta in italiano. <\/b><b>Un nuovo capitolo che ci avvicina ad un nuovo album <\/b><b>un nuovo percorso, una nuova scena musicale in Italia <\/b><b>K.O. <\/b><b>feat. <\/b><b>YaMatt <\/b><\/p>\n<p><b>IL NUOVO SINGOLO USCTO IL 19 GIUGNO 2019 <\/b><\/p>\n<p><em>&lt;&lt; K.O. descrive il momento in cui ci siamo sentiti a terra, da soli, spompati: ed \u00e8 esattamente in quell\u2019istante che abbiamo scoperto di avere un\u2019energia nuova, quella dell\u2019istinto di sopravvivenza. K.O. \u00e8 cadere sul fondo e risalire con le proprie forze, \u00e8 prendere a cazzotti chi ci ha delusi pi\u00f9 forte di quanto si possa fare nella vita reale. K.O. \u00e8 una uptempo di 160 bpm, che incorpora synth eurodance, ritmiche urban, elettroniche e acustiche, e le barre rap di YaMatt. &gt;&gt; <\/em><\/p>\n<p style=\"text-align: center;\"><iframe loading=\"lazy\" src=\"https:\/\/open.spotify.com\/embed\/track\/1e3E0DDLFZ6scrotKNVbM4\" width=\"300\" height=\"380\" frameborder=\"0\"><\/iframe><\/p>\n<p><span style=\"font-weight: 400;\">Sem&amp;St\u00e8nn si conoscono nel 2007, in un blog di musica, dove condividono passioni e desideri. Decidono di incontrarsi quattro anni dopo, nel 2011. L\u2019anno seguente, la loro unione si trasforma in collaborazione artistica. Frequentano un corso di produzione di musica elettronica e cominciano a lavorare in diversi club milanesi, fino a che, nel 2015, scelgono di dedicarsi totalmente alle loro produzioni, contaminate dalle sonorit\u00e0 di artisti come Pet Shop Boys , Beastie Boys, Depeche Mode, Robyn, MGMT, Goldfrapp, Justice, Basement Jaxx e molti altri. Nell\u2019aprile 2016 pubblicano il primo singolo, cui ne fanno seguito altri due e un ep. Il progetto \u00e8 interamente indipendente, e Sem&amp;St\u00e8nn si occupano di ogni aspetto: sia quello prettamente musicale (scrittura di testi e melodie, scelta degli arrangiamenti, produzione), che alla parte visuale (photoshoot, direzione e regia dei videoclip). Si dedicano in seguito alla promozione del disco, organizzando <\/span><b>un tour in giro per il mondo, tra Italia, Europa e Stati Uniti. <\/b><span style=\"font-weight: 400;\">Nell\u2019estate 2017 arriva <\/span><b>X Factor, <\/b><span style=\"font-weight: 400;\">e i progetti indipendenti vengono congelati. Superano le varie fasi di selezione (Audition, BootCamp e HomeVisit) e vengono infine selezionati tra i 12 finalisti in gara, sotto l\u2019ala di <\/span><b>Manuel Agnelli<\/b><span style=\"font-weight: 400;\">. Sem&amp;St\u00e8nn divertono, disturbano, dividono, scuotono il pubblico, come si erano prefissati di fare, e si fanno portavoce della comunit\u00e0 LGBTIQ+, contro qualsiasi stereotipo di gender.<\/span><\/p>\n<p><a href=\"http:\/\/www.piuomenopop.it\/wp-content\/uploads\/2018\/05\/Sem_Stenn_LatteriaMolloy_Brescia2.jpg\"><img loading=\"lazy\" decoding=\"async\" class=\"alignnone size-full wp-image-33539\" src=\"http:\/\/www.piuomenopop.it\/wp-content\/uploads\/2018\/05\/Sem_Stenn_LatteriaMolloy_Brescia2.jpg\" alt=\"\" width=\"1200\" height=\"801\" srcset=\"https:\/\/www.piuomenopop.it\/wp-content\/uploads\/2018\/05\/Sem_Stenn_LatteriaMolloy_Brescia2.jpg 1200w, https:\/\/www.piuomenopop.it\/wp-content\/uploads\/2018\/05\/Sem_Stenn_LatteriaMolloy_Brescia2-300x200.jpg 300w, https:\/\/www.piuomenopop.it\/wp-content\/uploads\/2018\/05\/Sem_Stenn_LatteriaMolloy_Brescia2-768x513.jpg 768w, https:\/\/www.piuomenopop.it\/wp-content\/uploads\/2018\/05\/Sem_Stenn_LatteriaMolloy_Brescia2-1024x684.jpg 1024w\" sizes=\"auto, (max-width: 1200px) 100vw, 1200px\" \/><\/a><\/p>\n<p><span style=\"font-weight: 400;\">Il 5 gennaio 2018 pubblicano <\/span><b>\u201cThe Fair\u201d, <\/b><span style=\"font-weight: 400;\">l\u2019inedito dalle sonorit\u00e0 electropop\/darkwave presentato alle audition di X Factor, un tributo al mondo dei club, che ne celebra gli eccessi. Il videoclip, diretto da Sem (Salvatore Puglisi), ritrae Sem&amp;St\u00e8nn alle prese con una baby sitter fuori dagli schemi. Tra decostruzione di stereotipi di genere e riferimenti alla cultura pop anni \u201990, il duo con le tute rosse da meccanico si diverte a infrangere le regole e a disturbare il vicinato con uno stereo al massimo volume. Il 13 marzo pubblicano il singolo <\/span><b>\u201cBaby Run\u201d feat Manuel Agnelli, <\/b><span style=\"font-weight: 400;\">che li sceglie come opening performers il 10 aprile al Mediolanum Forum di Assago, data unica celebrativa dei 30 anni degli <\/span><b>Afterhours<\/b><span style=\"font-weight: 400;\">, evento che registra il sold-out. Comincia da l\u00ec l\u2019<\/span><b>OFFBEAT tour <\/b><span style=\"font-weight: 400;\">nelle principali citt\u00e0 italiane, insieme al batterista Antonio Polidoro. A Maggio Sem&amp;St\u00e8nn ritirano il premio dei <\/span><b>Diversity Media Award <\/b><span style=\"font-weight: 400;\">per il \u201cMiglior Programma Tv\u201d dedicato a Xfactor, in quanto protagonisti e promotori dei valori lgbtiq+ e dell\u2019importanza della diversit\u00e0. Il secondo singolo estratto dall\u2019album Offbeat, uscito il 6 aprile, si intitola <\/span><b>\u201cBravo\u201d <\/b><span style=\"font-weight: 400;\">e vede coinvolto nella realizzazione il producer <\/span><b>Populous<\/b><span style=\"font-weight: 400;\">. <\/span><\/p>\n<p><span style=\"font-weight: 400;\">Durante l\u2019estate <\/span><b>Levi\u2019s Italia <\/b><span style=\"font-weight: 400;\">li sceglie come Italian <\/span><b>Ambassador dell\u2019EuroPride a Stoccolma<\/b><span style=\"font-weight: 400;\">, e si esibiscono ad Amburgo proprio in occasione del <\/span><b>Hamburg Pride <\/b><span style=\"font-weight: 400;\">insieme a <\/span><b>Conchita Wurst. <\/b><span style=\"font-weight: 400;\">A Settembre Sem&amp;St\u00e8nn rilasciano Il video del singolo \u201cYou, Your Friend, Another Guy\u201d, ispirato al film Sebastiane del 1976 del regista inglese Derek Jarman che racconta la vita del santo senza censure. <\/span><\/p>\n<p><span style=\"font-weight: 400;\">A gennaio 2019 vengono selezionati come <\/span><b>Italian Act per l\u2019Eurosonic in Olanda. <\/b><span style=\"font-weight: 400;\">Ad aprile esce <\/span><b>\u201cGloss &amp; Glitter\u201d<\/b><span style=\"font-weight: 400;\">, traccia contenuta nel disco d\u2019esordio di <\/span><b>Muriel, <\/b><span style=\"font-weight: 400;\">scritta e prodotta da Sem&amp;St\u00e8nn. Il 28 maggio compaiono in feat. in <\/span><b>\u201cAbramovic\u201d<\/b><span style=\"font-weight: 400;\">, singolo d&#8217;esordio di Duilio, frontman della band I Giocattoli. <\/span><\/p>\n<p><span style=\"font-weight: 400;\">Attualmente il duo \u00e8 al lavoro sul nuovo disco, per la prima volta in italiano, determinato a realizzare qualcosa di rivoluzionario nel music business del bel paese.\u00a0<\/span><b> <\/b><\/p>\n","protected":false},"excerpt":{"rendered":"<div class=\"mh-excerpt\"><p>SEM&amp;ST\u00c8NN torna l&#8217;iconico duo pop con un NUOVO SINGOLO, sorprendentemente e per la prima volta in italiano. Un nuovo capitolo che ci avvicina ad un <a class=\"mh-excerpt-more\" href=\"https:\/\/www.piuomenopop.it\/index.php\/2019\/06\/21\/50420\/\" title=\"SEM&#038;ST\u00c8NN torna l&#8217;iconico duo pop con un NUOVO SINGOLO, sorprendentemente e per la prima volta in italiano\">[&#8230;]<\/a><\/p>\n<\/div>","protected":false},"author":2,"featured_media":50421,"comment_status":"closed","ping_status":"closed","sticky":false,"template":"","format":"standard","meta":{"sfsi_plus_gutenberg_text_before_share":"","sfsi_plus_gutenberg_show_text_before_share":"","sfsi_plus_gutenberg_icon_type":"","sfsi_plus_gutenberg_icon_alignemt":"","sfsi_plus_gutenburg_max_per_row":"","footnotes":"","_links_to":"","_links_to_target":""},"categories":[3,8],"tags":[5617],"class_list":["post-50420","post","type-post","status-publish","format-standard","has-post-thumbnail","hentry","category-news","category-uscite","tag-semstenn"],"aioseo_notices":[],"_links":{"self":[{"href":"https:\/\/www.piuomenopop.it\/index.php\/wp-json\/wp\/v2\/posts\/50420","targetHints":{"allow":["GET"]}}],"collection":[{"href":"https:\/\/www.piuomenopop.it\/index.php\/wp-json\/wp\/v2\/posts"}],"about":[{"href":"https:\/\/www.piuomenopop.it\/index.php\/wp-json\/wp\/v2\/types\/post"}],"author":[{"embeddable":true,"href":"https:\/\/www.piuomenopop.it\/index.php\/wp-json\/wp\/v2\/users\/2"}],"replies":[{"embeddable":true,"href":"https:\/\/www.piuomenopop.it\/index.php\/wp-json\/wp\/v2\/comments?post=50420"}],"version-history":[{"count":2,"href":"https:\/\/www.piuomenopop.it\/index.php\/wp-json\/wp\/v2\/posts\/50420\/revisions"}],"predecessor-version":[{"id":50423,"href":"https:\/\/www.piuomenopop.it\/index.php\/wp-json\/wp\/v2\/posts\/50420\/revisions\/50423"}],"wp:featuredmedia":[{"embeddable":true,"href":"https:\/\/www.piuomenopop.it\/index.php\/wp-json\/wp\/v2\/media\/50421"}],"wp:attachment":[{"href":"https:\/\/www.piuomenopop.it\/index.php\/wp-json\/wp\/v2\/media?parent=50420"}],"wp:term":[{"taxonomy":"category","embeddable":true,"href":"https:\/\/www.piuomenopop.it\/index.php\/wp-json\/wp\/v2\/categories?post=50420"},{"taxonomy":"post_tag","embeddable":true,"href":"https:\/\/www.piuomenopop.it\/index.php\/wp-json\/wp\/v2\/tags?post=50420"}],"curies":[{"name":"wp","href":"https:\/\/api.w.org\/{rel}","templated":true}]}}