{"id":50571,"date":"2019-06-22T17:52:01","date_gmt":"2019-06-22T15:52:01","guid":{"rendered":"http:\/\/www.piuomenopop.it\/?p=50571"},"modified":"2019-06-24T11:44:16","modified_gmt":"2019-06-24T09:44:16","slug":"astimusica-2019-the-white-buffalo-glenn-hughes-special-event-deejay-time-e-donatella-rettore-chiudono-il-cast-della-24-edizione-del-festival-che-si-terra-dal-4-al-17-luglio","status":"publish","type":"post","link":"https:\/\/www.piuomenopop.it\/index.php\/2019\/06\/22\/astimusica-2019-the-white-buffalo-glenn-hughes-special-event-deejay-time-e-donatella-rettore-chiudono-il-cast-della-24-edizione-del-festival-che-si-terra-dal-4-al-17-luglio\/","title":{"rendered":"Astimusica 2019: The White Buffalo, Glenn Hughes, Special event Deejay Time e Donatella Rettore chiudono il cast della 24^ edizione del festival che si terr\u00e0 dal 3 al 17 luglio"},"content":{"rendered":"<p style=\"text-align: center;\"><strong>ASTIMUSICA 2019<\/strong><\/p>\n<p style=\"text-align: center;\"><strong>Chiuso il cartellone del festival che si terr\u00e0 in Piazza della Cattedrale ad Asti dal 3 al 17 luglio.<\/strong><\/p>\n<p>&nbsp;<\/p>\n<p>&nbsp;<\/p>\n<p><b>PROGRAMMA:<\/b><\/p>\n<p><span style=\"font-weight: 400;\">\u00a0<\/span><\/p>\n<p><span style=\"font-weight: 400;\">Mercoled\u00ec 3<\/span><\/p>\n<p><b>MOGOL, L\u2019UNESCO ED IL MONFERRATO<\/b><\/p>\n<p><span style=\"font-weight: 400;\">Una rappresentazione finalizzata a scoprire un territorio attraverso racconti, musica, immagini parole e sensazioni&#8230;<\/span><\/p>\n<p><span style=\"font-weight: 400;\">Come il Monferrato rappresenta uno dei pi\u00f9\u0300 importanti e significativi territori del Piemonte, Mogol rappresenta l\u2019essenza della musica italiana. Una serata particolare e da non perdere con un binomio d\u2019eccellenza dal grande valore storico e culturale.<\/span><\/p>\n<p>&nbsp;<\/p>\n<p><span style=\"font-weight: 400;\">Gioved\u00ec 4 <\/span><\/p>\n<p><b>AMERICA 50th anniversary tour <\/b><span style=\"font-weight: 400;\">[\u20ac40\/\u20ac35\/\u20ac25+prevendita]<\/span><\/p>\n<p><span style=\"font-weight: 400;\">Band anglo-statunitense, icone del rock classico, gli America, con pi\u00f9 di quattro milioni di copie vendute, si sono aggiudicati sei certificazioni tra dischi d\u2019oro e di platino con la loro prima collezione,<\/span><i><span style=\"font-weight: 400;\"> History<\/span><\/i><span style=\"font-weight: 400;\">. La band, vincitrice di un Grammy Awards e con due nomination alle spalle, si \u00e8 posizionata in modo fisso nella TOP 40 e nelle chart delle radio rock negli anni \u201970 con pietre miliari del genere, tra cui <\/span><i><span style=\"font-weight: 400;\">Horse With No Name<\/span><\/i><span style=\"font-weight: 400;\">, <\/span><i><span style=\"font-weight: 400;\">Sister Golden Hair<\/span><\/i><span style=\"font-weight: 400;\">, <\/span><i><span style=\"font-weight: 400;\">I Need You<\/span><\/i><span style=\"font-weight: 400;\">, <\/span><i><span style=\"font-weight: 400;\">Ventura Highway<\/span><\/i><span style=\"font-weight: 400;\">, <\/span><i><span style=\"font-weight: 400;\">Don\u2019t Cross the River<\/span><\/i><span style=\"font-weight: 400;\">, <\/span><i><span style=\"font-weight: 400;\">Tin Man<\/span><\/i><span style=\"font-weight: 400;\"> e <\/span><i><span style=\"font-weight: 400;\">Lonely People<\/span><\/i><span style=\"font-weight: 400;\">.<\/span><\/p>\n<p><span style=\"font-weight: 400;\">\u00a0<\/span><\/p>\n<p><span style=\"font-weight: 400;\">Venerd\u00ec 5 <\/span><\/p>\n<p><b>NEGRITA 25th anniversary tour<\/b><span style=\"font-weight: 400;\"> [\u20ac40\/\u20ac35\/\u20ac25+prevendita]<\/span><\/p>\n<p><span style=\"font-weight: 400;\">La storica rock band formatasi all\u2019inizio degli anni novanta in provincia di Arezzo che prende il proprio nome dal brano dei The Rolling Stones \u201c<\/span><i><span style=\"font-weight: 400;\">Hey! Negrita\u201d<\/span><\/i><span style=\"font-weight: 400;\">,<\/span> <span style=\"font-weight: 400;\">toccher\u00e0 Asti in una tappa del tour dopo la partecipazione all\u2019ultimo Festival di Sanremo con il brano \u201c<\/span><i><span style=\"font-weight: 400;\">I ragazzi stanno bene<\/span><\/i><span style=\"font-weight: 400;\">\u201d da cui prende il nome anche il loro nuovo album uscito lo scorso 8 febbraio.<\/span><\/p>\n<p>&nbsp;<\/p>\n<p><span style=\"font-weight: 400;\">Sabato 6 <\/span><\/p>\n<p><b>DONATELLA RETTORE <\/b><\/p>\n<p><b>In apertura Rais \/ Rebirth<\/b><\/p>\n<p><span style=\"font-weight: 400;\">Personaggio fuori dalle righe, ironica e trasgressiva, raro esempio di cantautrice italiana, Donatella Rettore resta l&#8217;icona di un periodo particolare della storia musicale del nostro paese. Una carriera che la vide tra le stelle della hit parade, ma che che culmin\u00f2 soprattutto nel concept <\/span><i><span style=\"font-weight: 400;\">&#8220;Kamizaze rock&#8217;n&#8217;roll suicide&#8221;,<\/span><\/i><span style=\"font-weight: 400;\"> scheggia impazzita nel panorama musicale italiano mainstream dei primi anni \u201980 portata alla ribalta dai celebri brani come <\/span><i><span style=\"font-weight: 400;\">\u201cSplendido Splendente\u201d, \u201cKobra\u201d<\/span><\/i><span style=\"font-weight: 400;\"> e<\/span><i><span style=\"font-weight: 400;\"> \u201cLamette\u201d.<\/span><\/i><\/p>\n<p><span style=\"font-weight: 400;\">\u00a0<\/span><\/p>\n<p><span style=\"font-weight: 400;\">Domenica 7 <\/span><\/p>\n<p><b>ASTI GOD\u2019S TALENT<\/b><\/p>\n<p><span style=\"font-weight: 400;\">Saranno sette i cori che parteciperanno alla quinta edizione di Asti God\u2019s Talent, il festival dei cori giovanili diocesani. Confermata anche la presenza d\u2019onore di Paolo Conte, padrino del Talent fin dalla prima edizione e presidente di giuria. Ospite speciale sar\u00e0 quest\u2019anno proprio Simona Atzori con il suo corpo di ballo.<\/span><\/p>\n<p><span style=\"font-weight: 400;\">\u00a0<\/span><\/p>\n<p><span style=\"font-weight: 400;\">Luned\u00ec 8 <\/span><\/p>\n<p><b>MORGAN &amp; ANDY dei Bluvertigo con Massimo Cotto<\/b><\/p>\n<p><b>In apertura Tempestuous Sea \/ Margherita Zanin<\/b><\/p>\n<p><span style=\"font-weight: 400;\">Uno spettacolo in tre tempi ideato appositamente per Astimusica e condotto da Massimo Cotto, che vedr\u00e0 esibirsi in un primo tempo Andy, nella seconda parte Morgan, ed in cui si ripercorreranno le loro origini e influenze musicali per arrivare ad un finale all\u2019unisono.<\/span><\/p>\n<p><span style=\"font-weight: 400;\">\u00a0<\/span><\/p>\n<p><span style=\"font-weight: 400;\">Marted\u00ec 9 <\/span><\/p>\n<p><b>GLENN HUGHES<\/b> <b>performs classic Deep Purple <\/b><span style=\"font-weight: 400;\">[\u20ac26\/\u20ac22\/\u20ac17+prevendita]<\/span><\/p>\n<p><span style=\"font-weight: 400;\">Mentre militava nei Trapeze, il giovanissimo Glenn Hughes venne notato dai Deep Purple di cui \u00e8 stato frontman dal 1973 al 1976. Negli anni a seguire Hughes milita in altri gruppi storici, come i Black Sabbath e nel 2016 entra a far parte della Rock and Roll Hall of Fame. Lo scorso anno Glenn Hughes ha deciso di dare il via a questo tour in cui interpreta i pi\u00f9 grandi successi dei Deep Purple. Lo spettacolo promette di essere dinamico: un viaggio nel passato, un omaggio ad una delle band che ha fatto la storia del rock britannico.<\/span><\/p>\n<p>&nbsp;<\/p>\n<p><span style=\"font-weight: 400;\">Mercoled\u00ec 10 <\/span><\/p>\n<p><b>SPECIAL EVENT DEEJAY TIME \u2013 Albertino, Fargetta, Molella e Prezioso con<\/b> <b>EIFFEL65 E CRISTINA D\u2019AVENA<\/b> <b>in collaborazione con Wakeup Festival <\/b><span style=\"font-weight: 400;\">[\u20ac23+prev.\/Ridotto Under 12 \u20ac16+prev.]<\/span><\/p>\n<p><span style=\"font-weight: 400;\">Unica data in Italia che vedr\u00e0 in consolle i dj che, da Radio DeeJay e dai pi\u00f9\u0300 grandi club italiani, ci hanno fatto divertire ed emozionare: Albertino, Fargetta, Molella e Prezioso. Inoltre, due eccezionali guest: Eiffel65, che hanno spopolato in tutto il mondo e scalato ovunque la vetta delle classifiche dance, e Cristina D\u2019Avena con un grande show durante il quale far\u00e0 cantare e ballare tutti sulle note dei suoi pi\u00f9\u0300 grandi successi in un\u2019irripetibile notte all\u2019insegna dei favolosi anni \u201890 (e non solo!).<\/span><\/p>\n<p><span style=\"font-weight: 400;\">\u00a0<\/span><\/p>\n<p><span style=\"font-weight: 400;\">Gioved\u00ec 11 <\/span><\/p>\n<p><b>TREVES BLUES BAND special guest Dennis Greaves in \u201c70 IN BLUES\u201d<\/b><\/p>\n<p><b>In aperture Rubin Red<\/b><\/p>\n<p><span style=\"font-weight: 400;\">\u201c70 in blues\u201d \u00e8 il nuovo tour con cui la Treves Blues Band sar\u00e0 protagonista sui palchi di tutta Italia per celebrare come si conviene il suo leader, Fabio Treves, che nel 2019 festeggia i suoi 70 anni di una vita dedicata al Blues. Sar\u00e0 ancora pi\u00f9 emozionante festeggiare e suonare insieme ad un amico e un bluesman internazionale come Dennis Greaves, cantante, chitarrista e leader dei Nine Below Zero, che fin dal loro detonante esordio nel 1980 con il mitico &#8220;Live at Marquee&#8221;, hanno proposto un mix esplosivo di blues &amp; rock, che li ha consacrati come una delle migliori live band del British Blues.\u00a0<\/span><\/p>\n<p>&nbsp;<\/p>\n<p><span style=\"font-weight: 400;\">Venerd\u00ec 12 <\/span><\/p>\n<p><b>EDOARDO BENNATO <\/b><span style=\"font-weight: 400;\">[\u20ac35\/\u20ac30\/\u20ac20+prevendita]<\/span><\/p>\n<p><span style=\"font-weight: 400;\">Il celebre cantautore rock partenopeo reduce da un tour serrato nei teatri di tutta Italia, torna per proporre alcuni brani evergreen del suo repertorio, alternati a canzoni tratte dal suo ultimo album di inediti \u201cPronti a Salpare\u201d e dalla riedizione del suo grande successo \u201cBurattino senza fili\u201d nella versione del 2017 con i nuovi brani \u201c<\/span><i><span style=\"font-weight: 400;\">Mastro Geppetto<\/span><\/i><span style=\"font-weight: 400;\">\u201d, \u201c<\/span><i><span style=\"font-weight: 400;\">Lucignolo<\/span><\/i><span style=\"font-weight: 400;\">\u201d e \u201c<\/span><i><span style=\"font-weight: 400;\">Che comico il grillo parlante<\/span><\/i><span style=\"font-weight: 400;\">\u201d, per uno spettacolo di grande musica, suggestivo e coinvolgente.<\/span><\/p>\n<p><span style=\"font-weight: 400;\">\u00a0<\/span><\/p>\n<p><span style=\"font-weight: 400;\">Sabato 13 <\/span><\/p>\n<p><b>RANCORE<\/b><\/p>\n<p><b>In apertura Abisso<\/b><\/p>\n<p><span style=\"font-weight: 400;\">Il rapper romano arriva ad Asti dopo la sua ultima partecipazione al Festival di Sanremo che lo ha visto in gara insieme al cantautore Daniele Silvestri, con il brano \u201c<\/span><i><span style=\"font-weight: 400;\">Argentovivo\u201d<\/span><\/i><span style=\"font-weight: 400;\">, classificatosi sesto ma vincendo il Premio della Critica, il Premio della Sala Stampa Lucio Dalla e il Premio Sergio Bardotti per il miglior testo.<\/span><\/p>\n<p><span style=\"font-weight: 400;\">\u00a0<\/span><\/p>\n<p><span style=\"font-weight: 400;\">Domenica 14 <\/span><\/p>\n<p><b>I FARINEJ D\u2019LA BRIGNA &#8211; 30 anni\u00a0l\u2019ultimo tour \u00a0<\/b><\/p>\n<p><span style=\"font-weight: 400;\">Storico gruppo astigiano legato a un genere rock-folk demenziale che ha saputo dare un innegabile contributo alla conoscenza del piemontese tra i giovani, torna sul palco per una serata tutta da cantare. I Farinej hanno deciso di fare 30 ma non 31 e questo concerto sara\u0300 una sorta di addio alle scene. Astimusica sara\u0300 anche l\u2019occasione per presentare l\u2019ultimo album targato Farinej, un album nato nello studio del polistrumentista Davide Calabrese, anima della band con Linus Binello, unico \u201csuperstite\u201d della formazione originale. La serata sar\u00e0\u0300 anche un\u2019occasione per ospitare i vari amici che nei 30 anni hanno accompagnato il gruppo. <\/span><\/p>\n<p>&nbsp;<\/p>\n<p><span style=\"font-weight: 400;\">Luned\u00ec 15<\/span><\/p>\n<p><b>BOBBY SOLO and THE\u00a0BROADCASH play JOHNNY CASH <\/b><\/p>\n<p><b>In apertura La Canaglia e il Gentiluomo<\/b><\/p>\n<p><span style=\"font-weight: 400;\">Sar\u00e0 un concerto che celebra i cinquant\u2019anni dell\u2019uscita dell\u2019album \u201c<\/span><i><span style=\"font-weight: 400;\">Live at Folsom Prison<\/span><\/i><span style=\"font-weight: 400;\">\u201d di Johnny Cash, la cui musica \u00e8 da un decennio il cavallo di battaglia proprio dei BroadCash. Da parte sua Bobby Solo \u00e8 da sempre uno dei cantanti italiani pi\u00f9 attenti allo stile Usa country folk. Insieme \u2013 Bobby e i BroadCash \u2013 firmano un vinile dal titolo \u201cBroadCash play Cash feat Bobby Solo\u201d.<\/span><\/p>\n<p>&nbsp;<\/p>\n<p><span style=\"font-weight: 400;\">Marted\u00ec 16<\/span><\/p>\n<p><b>In collaborazione con Indi(e)avolato fest: Dutch Nazari \/ Postino<\/b><\/p>\n<p><b>In apertura Trigno<\/b><\/p>\n<p><b>DUTCH NAZARI <\/b><\/p>\n<p><span style=\"font-weight: 400;\">\u201cCe lo Chiede l\u2019Europa\u201d (Undamento) e\u0300 l\u2019ultimo disco di Dutch Nazari, quello che lo afferma tra le realta\u0300 piu\u0300 interessanti d\u2019Italia. Il tour e\u0300 iniziato lo scorso dicembre con una serie di sold out ed e\u0300 recentemente arrivato alle porte dell\u2019estate con il Primo Maggio a Roma e MIAMI festival a Milano. Il cantautorap di Dutch girera\u0300 per tutta l\u2019estate e in tutta Italia. <\/span><\/p>\n<p><b>POSTINO <\/b><\/p>\n<p><span style=\"font-weight: 400;\">Una delle rivelazioni dell\u2019ultima stagione. Un disco uscito un anno fa (Labella\/Black Candy), un EP che sta uscendo diviso per capitoli da ora alla fine dell\u2019estate, un pubblico che si moltiplica di giorno in giorno sul web e ai concerti. Postino e\u0300 cosi\u0300, ti cattura al primo ascolto e ti trascina sotto al palco, con una bottiglia \u201cdi latte di soia\u201d, circondato da ragazzi che canta- no \u201cSbagliamo insieme\u201d con te. <\/span><\/p>\n<p>&nbsp;<\/p>\n<p><span style=\"font-weight: 400;\">Mercoled\u00ec 17<\/span><\/p>\n<p><b>THE WHITE BUFFALO<\/b> <span style=\"font-weight: 400;\">[\u20ac23\/\u20ac20 in prevendita]<\/span><\/p>\n<p><span style=\"font-weight: 400;\">The White Buffalo, con la voce oscura e vibrante di Jake Smith, sar\u00e0 in Italia reduce dal successo del suo ultimo album <\/span><i><span style=\"font-weight: 400;\">Darkest Darks, Lightest Light<\/span><\/i><span style=\"font-weight: 400;\">. Un disco che nasce da una reale urgenza interiore, dalla necessit\u00e0 di esprimersi. Country, blues, rock\u2019n\u2019roll e soul nell\u2019unica voce di un artista puro, definito da molti come la versione intimista di Eddie Vedder e Bruce Springsteen, in grado di raccontare miti, storie di delinquenti, ubriaconi e reduci di guerra senza mai perdere un briciolo di intensit\u00e0.<\/span><\/p>\n<p><b>In apertura Dr Feegoold<\/b><\/p>\n<p><span style=\"font-weight: 400;\">La band celebra le radici della musica americana, con un repertorio basato sulle canzoni originariamente ese- guite da artisti della prima generazione rock &amp; roll come Buddy Holly, Fats Domino e Elvis Presley, da star del country come Johnny Cash, Hank Williams, Webb Pierce, del blues come Lazy Lester e Slim Harpo e da nomi sto- rici del bluegrass come Bill Monroe e Flatt &amp; Scruggs. <\/span><\/p>\n<p>&nbsp;<\/p>\n<p><span style=\"font-weight: 400;\">______<\/span><\/p>\n<p>&nbsp;<\/p>\n<p><span style=\"font-weight: 400;\">Le prevendite dei biglietti per gli spettacoli a pagamento sono attive con Ticket One (sia on-line su www.ticketone.it che nei punti vendita).<\/span><\/p>\n<p><span style=\"font-weight: 400;\">Un punto vendita locale sar\u00e0 attivo presso il Teatro Alfieri di Asti in Via Teatro Alfieri 2 nei seguenti orari: marted\u00ec, mercoled\u00ec e gioved\u00ec dalle 10.30 alle 16.30 con orario continuato.<\/span><\/p>\n<p><span style=\"font-weight: 400;\">Per la sola data di The White Buffalo<\/span><span style=\"font-weight: 400;\"> si aggiungono le prevendite presso:<\/span><\/p>\n<p><span style=\"font-weight: 400;\">Libreria Alberi d\u2019Acqua \u2013 Via Rossini 1 \u2013 tel. 0141 556 270<\/span><\/p>\n<p><span style=\"font-weight: 400;\">Alfieri Foto \u2013 piazza Astesano 2- tel. 0141 320 186 <\/span><\/p>\n<p>&nbsp;<\/p>\n","protected":false},"excerpt":{"rendered":"<div class=\"mh-excerpt\"><p>ASTIMUSICA 2019 Chiuso il cartellone del festival che si terr\u00e0 in Piazza della Cattedrale ad Asti dal 3 al 17 luglio. &nbsp; &nbsp; PROGRAMMA: \u00a0 <a class=\"mh-excerpt-more\" href=\"https:\/\/www.piuomenopop.it\/index.php\/2019\/06\/22\/astimusica-2019-the-white-buffalo-glenn-hughes-special-event-deejay-time-e-donatella-rettore-chiudono-il-cast-della-24-edizione-del-festival-che-si-terra-dal-4-al-17-luglio\/\" title=\"Astimusica 2019: The White Buffalo, Glenn Hughes, Special event Deejay Time e Donatella Rettore chiudono il cast della 24^ edizione del festival che si terr\u00e0 dal 3 al 17 luglio\">[&#8230;]<\/a><\/p>\n<\/div>","protected":false},"author":2,"featured_media":50573,"comment_status":"closed","ping_status":"closed","sticky":false,"template":"","format":"standard","meta":{"sfsi_plus_gutenberg_text_before_share":"","sfsi_plus_gutenberg_show_text_before_share":"","sfsi_plus_gutenberg_icon_type":"","sfsi_plus_gutenberg_icon_alignemt":"","sfsi_plus_gutenburg_max_per_row":"","footnotes":"","_links_to":"","_links_to_target":""},"categories":[5184,730,3],"tags":[10023],"class_list":["post-50571","post","type-post","status-publish","format-standard","has-post-thumbnail","hentry","category-calendario-concerti","category-festival","category-news","tag-astimusica-2019"],"aioseo_notices":[],"_links":{"self":[{"href":"https:\/\/www.piuomenopop.it\/index.php\/wp-json\/wp\/v2\/posts\/50571","targetHints":{"allow":["GET"]}}],"collection":[{"href":"https:\/\/www.piuomenopop.it\/index.php\/wp-json\/wp\/v2\/posts"}],"about":[{"href":"https:\/\/www.piuomenopop.it\/index.php\/wp-json\/wp\/v2\/types\/post"}],"author":[{"embeddable":true,"href":"https:\/\/www.piuomenopop.it\/index.php\/wp-json\/wp\/v2\/users\/2"}],"replies":[{"embeddable":true,"href":"https:\/\/www.piuomenopop.it\/index.php\/wp-json\/wp\/v2\/comments?post=50571"}],"version-history":[{"count":2,"href":"https:\/\/www.piuomenopop.it\/index.php\/wp-json\/wp\/v2\/posts\/50571\/revisions"}],"predecessor-version":[{"id":50637,"href":"https:\/\/www.piuomenopop.it\/index.php\/wp-json\/wp\/v2\/posts\/50571\/revisions\/50637"}],"wp:featuredmedia":[{"embeddable":true,"href":"https:\/\/www.piuomenopop.it\/index.php\/wp-json\/wp\/v2\/media\/50573"}],"wp:attachment":[{"href":"https:\/\/www.piuomenopop.it\/index.php\/wp-json\/wp\/v2\/media?parent=50571"}],"wp:term":[{"taxonomy":"category","embeddable":true,"href":"https:\/\/www.piuomenopop.it\/index.php\/wp-json\/wp\/v2\/categories?post=50571"},{"taxonomy":"post_tag","embeddable":true,"href":"https:\/\/www.piuomenopop.it\/index.php\/wp-json\/wp\/v2\/tags?post=50571"}],"curies":[{"name":"wp","href":"https:\/\/api.w.org\/{rel}","templated":true}]}}