{"id":50638,"date":"2019-06-24T13:43:43","date_gmt":"2019-06-24T11:43:43","guid":{"rendered":"http:\/\/www.piuomenopop.it\/?p=50638"},"modified":"2019-06-24T13:43:43","modified_gmt":"2019-06-24T11:43:43","slug":"festival-gaber-arriva-il-calendario-completo-del-festival-ambra-luca-carboni-cosmo-simone-cristicchi-ex-otago-neri-marcore-marco-morandi-giovanni-vernia-bebe-vio-e-moltro-altro-ancora","status":"publish","type":"post","link":"https:\/\/www.piuomenopop.it\/index.php\/2019\/06\/24\/festival-gaber-arriva-il-calendario-completo-del-festival-ambra-luca-carboni-cosmo-simone-cristicchi-ex-otago-neri-marcore-marco-morandi-giovanni-vernia-bebe-vio-e-moltro-altro-ancora\/","title":{"rendered":"FESTIVAL GABER &#8211; ARRIVA IL CALENDARIO COMPLETO DEL FESTIVAL \/\/ AMBRA, LUCA CARBONI, COSMO, SIMONE CRISTICCHI, EX-OTAGO, NERI MARCOR\u00c8, MARCO MORANDI, GIOVANNI VERNIA, BEBE VIO E MOLTRO ALTRO ANCORA"},"content":{"rendered":"<p style=\"font-weight: 400; text-align: center;\">DOPO\u2019 L\u2019ANNUNCIO DEL RADDOPPIO AL LIDO CON\u00a0<em>LE SPIAGGE DI NOTTE<\/em><\/p>\n<p style=\"font-weight: 400; text-align: center;\">ARRIVA IL CALENDARIO COMPLETO DEL FESTIVAL GABER:<\/p>\n<p style=\"font-weight: 400; text-align: center;\"><strong>\u00a0<\/strong><\/p>\n<p style=\"font-weight: 400; text-align: center;\"><strong>Ambra, Luca Carboni, Cosmo, Simone Cristicchi, Ex-Otago, Neri Marcor\u00e8, Marco Morandi, Giovanni Vernia, Bebe Vio<\/strong><\/p>\n<p style=\"font-weight: 400;\">\n<p style=\"font-weight: 400;\">\n<p style=\"font-weight: 400;\">Dopo l\u2019annuncio di raddoppio della manifestazione itinerante che da anni apre la manifestazione di Camaiore con una data di chiusura il 3 agosto al Lido, ecco il calendario completo dell\u2019edizione 2019.<\/p>\n<p style=\"font-weight: 400;\"><strong>&#8220;Abbiamo inteso dare continuit\u00e0 alla formula inaugurata lo scorso anno. Valorizzare gli spazi di Camaiore ci sembra possa essere stato un importante contributo al grande lavoro di rilancio delle attivit\u00e0 del centro storico volute dal Sindaco Del Dotto, e per questo abbiamo confermato l\u2019appuntamento con\u00a0<em>Le strade di notte<\/em>\u00a0del 5 luglio, scritto e diretto da Gian Piero Alloisio, e abbiamo mantenuto una serata al Teatro dell\u2019Olivo che, il 7 luglio prossimo, vedr\u00e0 protagonista Marco Morandi con il suo nuovo spettacolo di Teatro Canzone\u00a0<em>Nel nome del padre. Storia di un figlio di\u2026<\/em>\u201d<\/strong><em>\u00a0<\/em>&#8211; ha dichiarato Dalia Gaber nel corso della prima conferenza stampa di presentazione tenutasi lo scorso 18 giugno.<\/p>\n<p style=\"font-weight: 400;\">A pochi giorni di distanza viene ufficializzato il calendario completo dell\u2019estate 2019, con la presenza di grandi nomi dello spettacolo che, attraverso la loro presenza, renderanno omaggio al grande artista scomparso proprio a Camaiore, nel gennaio del 2003.<\/p>\n<p style=\"font-weight: 400;\">Inaugura la prima serata del Teatro all\u2019aperto allestito in piazza San Bernardino\u00a0<strong>Neri Marcor\u00e8,<\/strong>\u00a0che per ben tre anni ha portato nei pi\u00f9 prestigiosi Teatri italiani\u00a0<em>Un certo Signor G<\/em>,\u00a0canzoni\u00a0e monologhi di Gaber &#8211; Luporini e che torna al Festival il\u00a0<strong>15 luglio<\/strong>\u00a0per dare l\u2019avvio alla nuova edizione.<\/p>\n<p style=\"font-weight: 400;\">Il\u00a0<strong>17 luglio<\/strong>\u00a0la seconda serata sar\u00e0 affidata a\u00a0<strong>Luca Carboni<\/strong>\u00a0che, intervistato dal Presidente Paolo Dal Bon, dar\u00e0 una sua visione molto particolare del\u00a0Signor G che\u00a0lui\u00a0ha amato\u00a0e stimato\u00a0e che ha gi\u00e0 omaggiato con la sua presenza in Cittadella\u00a0del Carnevale di Viareggio\u00a0esattamente dieci anni fa.<\/p>\n<p style=\"font-weight: 400;\">Il\u00a0<strong>20 luglio<\/strong>\u00a0sar\u00e0 l\u2019irrompente comicit\u00e0 di\u00a0<strong>Giovanni Vernia<\/strong>\u00a0a tornare a Camaiore con il suo one man show.<\/p>\n<p style=\"font-weight: 400;\">Il\u00a0<strong>22 luglio<\/strong>\u00a0sar\u00e0 la volta di\u00a0<strong>Simone Cristicchi,\u00a0<\/strong>vincitore del premio Artisti del Teatro Canzone nella seconda edizione del Festival Gaber (2005) amico della Fondazione, e protagonista di un\u2019estate ricca di appuntamenti con la sua musica.<\/p>\n<p style=\"font-weight: 400;\">Il 24 e il 28 due appuntamenti con il pubblico pi\u00f9 giovane a cura di Lorenzo Luporini: a seguito del grande successo ottenuto a Sanremo, il\u00a0<strong>24 luglio<\/strong>\u00a0sul palco di piazza San Bernardino arriveranno gli\u00a0<strong>Ex-Otago\u00a0<\/strong>che hanno ritagliato una data al loro fittissimo tour estivo mentre il\u00a0<strong>28 luglio<\/strong>\u00a0sar\u00e0 la volta di\u00a0<strong>Cosmo,<\/strong>\u00a0grande protagonista della musica destinata ai pi\u00f9 giovani e inventore del cantautorato dance.<\/p>\n<p style=\"font-weight: 400;\">Finale tutto al femminile. Il\u00a0<strong>29 luglio<\/strong>\u00a0il Festival Gaber ha l\u2019onore di presentare l\u2019oro olimpico Rio 2016 alla Paralimpiadi di scherma,\u00a0<strong>Bebe Vio.\u00a0<\/strong><\/p>\n<p style=\"font-weight: 400;\">L\u2019ultimo appuntamento sar\u00e0 affidato ad\u00a0<strong>Ambra Angiolini<\/strong>\u00a0che chiuder\u00e0 le serate nel teatro di piazza San Bernardino il\u00a0<strong>31 luglio<\/strong>.<\/p>\n<p style=\"font-weight: 400;\">Un calendario ricco, che come ogni anno metter\u00e0 Camaiore al centro delle iniziative realizzate per il Festival Gaber, che continua a rappresentare un grande punto di riferimento per\u00a0la cultura e per\u00a0lo spettacolo nazionale.<\/p>\n<p style=\"font-weight: 400;\"><strong>&#8220;Il Festival Gaber \u00e8 un appuntamento irrinunciabile per la citt\u00e0, e l&#8217;attesa per il cartellone sar\u00e0 ripagata da un programma all&#8217;insegna della qualit\u00e0 e di nomi di primissimo piano, uniti nel ricordo della figura di Giorgio Gaber. Un Festival che si &#8220;allarga&#8221; al territorio, sia nel centro storico dove dal consueto palco di piazza San Bernardino ci si spinge all&#8217;Olivo e ai tanti luoghi nascosti che si svelano durante\u00a0<em>Le strade di notte<\/em>, e che addirittura punta su Lido di Camaiore per la prima volta in questi anni. Un grazie a tutti coloro che rendono possibile questa opportunit\u00e0 per il territorio versiliese\u201d<\/strong>\u00a0\u2013 dichiara il sindaco di Camaiore, Alessandro Del Dotto.<\/p>\n<p style=\"font-weight: 400;\">\n<p style=\"font-weight: 400;\">Oltre a Camaiore anche\u00a0<strong>Montecatini, Pistoia<\/strong>\u00a0e\u00a0<strong>Livorno<\/strong>\u00a0hanno aderito al Festival Gaber 2019. A\u00a0<strong>Montecatini<\/strong>, alle\u00a0<strong>Terme Tamerici<\/strong>, sar\u00e0 l\u2019occasione per mettere Giorgio Gaber in relazione ad altri due importanti cantautori nazionali: Fabrizio De Andr\u00e8 e Francesco Guccini. Il\u00a0<strong>16 luglio<\/strong>\u00a0<em>Gaber, Guccini: onest\u00e0 a coraggio<\/em>\u00a0con\u00a0<strong>Teresa Guccini<\/strong>, figlia di Francesco; il\u00a0<strong>23 luglio<\/strong>\u00a0<em>Gaber\/Faber<\/em>con\u00a0<strong>Giulio Casale<\/strong>\u00a0per onorare i vent\u2019anni dalla scomparsa del grande Fabrizio, e il\u00a0<strong>30 luglio<\/strong>\u00a0<strong>Gian Piero Alloisio<\/strong>\u00a0sar\u00e0 il protagonista de\u00a0<em>il mio amico Giorgio Gaber.<\/em><\/p>\n<p style=\"font-weight: 400;\">A\u00a0<strong>Pistoia<\/strong>, il\u00a0<strong>26 luglio<\/strong>, alla\u00a0<strong>Fortezza Santa Barbara<\/strong>\u00a0sar\u00e0 la volta di\u00a0<em>Per fortuna c\u2019\u00e8 Giorgio Gaber<\/em>, spettacolo itinerante con gli artisti pistoiesi cui seguir\u00e0 un lungometraggio dedicato a Giorgio Gaber e realizzato con le immagini di repertorio della Fondazione.<\/p>\n<p style=\"font-weight: 400;\">Il\u00a0<strong>2 agosto<\/strong>, a\u00a0<strong>Livorno<\/strong>, nell\u2019ambito della prestigiosa rassegna\u00a0<strong>Effetto Venezia<\/strong>,\u00a0<em>Gaber, Guccini: onest\u00e0 e coraggio<\/em>\u00a0con Teresa Guccini e Paolo Dal Bon.<\/p>\n<p style=\"font-weight: 400;\">\n<p style=\"font-weight: 400;\">Gli incontri sono tutti ad ingresso libero, in caso di pioggia le serate di Camaiore saranno riprogrammate al Teatro dell\u2019Olivo.<\/p>\n<p style=\"font-weight: 400;\">\n<p style=\"font-weight: 400;\"><strong>Radio Italia<\/strong>\u00a0\u00e8 la radio ufficiale del Festival Gaber.<\/p>\n<p style=\"font-weight: 400;\">\n<p style=\"font-weight: 400;\">Per info\u00a0<a href=\"http:\/\/www.giorgiogaber.it\/\" data-saferedirecturl=\"https:\/\/www.google.com\/url?q=http:\/\/www.giorgiogaber.it&amp;source=gmail&amp;ust=1561458190392000&amp;usg=AFQjCNHwyd3v_E9PYb4HceA9Yn3BrFLieA\">www.giorgiogaber.it<\/a><\/p>\n<p style=\"font-weight: 400;\">\n<p style=\"font-weight: 400;\">\u00c8 possibile prenotare i biglietti per lo spettacolo\u00a0<em>Nel nome del padre. Storia di un figlio di\u2026<\/em>\u00a0di e con Marco Morandi mandando una mail a\u00a0<a href=\"mailto:cultura@comune.camaiore.lu.it\">cultura@comune.camaiore.lu.it<\/a>\u00a0o telefonando allo 0584\/986610 (massimo due biglietti per richiesta).<\/p>\n","protected":false},"excerpt":{"rendered":"<div class=\"mh-excerpt\"><p>DOPO\u2019 L\u2019ANNUNCIO DEL RADDOPPIO AL LIDO CON\u00a0LE SPIAGGE DI NOTTE ARRIVA IL CALENDARIO COMPLETO DEL FESTIVAL GABER: \u00a0 Ambra, Luca Carboni, Cosmo, Simone Cristicchi, Ex-Otago, <a class=\"mh-excerpt-more\" href=\"https:\/\/www.piuomenopop.it\/index.php\/2019\/06\/24\/festival-gaber-arriva-il-calendario-completo-del-festival-ambra-luca-carboni-cosmo-simone-cristicchi-ex-otago-neri-marcore-marco-morandi-giovanni-vernia-bebe-vio-e-moltro-altro-ancora\/\" title=\"FESTIVAL GABER &#8211; ARRIVA IL CALENDARIO COMPLETO DEL FESTIVAL \/\/ AMBRA, LUCA CARBONI, COSMO, SIMONE CRISTICCHI, EX-OTAGO, NERI MARCOR\u00c8, MARCO MORANDI, GIOVANNI VERNIA, BEBE VIO E MOLTRO ALTRO ANCORA\">[&#8230;]<\/a><\/p>\n<\/div>","protected":false},"author":2,"featured_media":50639,"comment_status":"closed","ping_status":"closed","sticky":false,"template":"","format":"standard","meta":{"sfsi_plus_gutenberg_text_before_share":"","sfsi_plus_gutenberg_show_text_before_share":"","sfsi_plus_gutenberg_icon_type":"","sfsi_plus_gutenberg_icon_alignemt":"","sfsi_plus_gutenburg_max_per_row":"","footnotes":"","_links_to":"","_links_to_target":""},"categories":[5184,730,3],"tags":[10044,9640],"class_list":["post-50638","post","type-post","status-publish","format-standard","has-post-thumbnail","hentry","category-calendario-concerti","category-festival","category-news","tag-festival-gaber","tag-giorgio-gaber"],"aioseo_notices":[],"_links":{"self":[{"href":"https:\/\/www.piuomenopop.it\/index.php\/wp-json\/wp\/v2\/posts\/50638","targetHints":{"allow":["GET"]}}],"collection":[{"href":"https:\/\/www.piuomenopop.it\/index.php\/wp-json\/wp\/v2\/posts"}],"about":[{"href":"https:\/\/www.piuomenopop.it\/index.php\/wp-json\/wp\/v2\/types\/post"}],"author":[{"embeddable":true,"href":"https:\/\/www.piuomenopop.it\/index.php\/wp-json\/wp\/v2\/users\/2"}],"replies":[{"embeddable":true,"href":"https:\/\/www.piuomenopop.it\/index.php\/wp-json\/wp\/v2\/comments?post=50638"}],"version-history":[{"count":1,"href":"https:\/\/www.piuomenopop.it\/index.php\/wp-json\/wp\/v2\/posts\/50638\/revisions"}],"predecessor-version":[{"id":50640,"href":"https:\/\/www.piuomenopop.it\/index.php\/wp-json\/wp\/v2\/posts\/50638\/revisions\/50640"}],"wp:featuredmedia":[{"embeddable":true,"href":"https:\/\/www.piuomenopop.it\/index.php\/wp-json\/wp\/v2\/media\/50639"}],"wp:attachment":[{"href":"https:\/\/www.piuomenopop.it\/index.php\/wp-json\/wp\/v2\/media?parent=50638"}],"wp:term":[{"taxonomy":"category","embeddable":true,"href":"https:\/\/www.piuomenopop.it\/index.php\/wp-json\/wp\/v2\/categories?post=50638"},{"taxonomy":"post_tag","embeddable":true,"href":"https:\/\/www.piuomenopop.it\/index.php\/wp-json\/wp\/v2\/tags?post=50638"}],"curies":[{"name":"wp","href":"https:\/\/api.w.org\/{rel}","templated":true}]}}