{"id":51145,"date":"2019-07-03T11:47:49","date_gmt":"2019-07-03T09:47:49","guid":{"rendered":"http:\/\/www.piuomenopop.it\/?p=51145"},"modified":"2019-07-03T11:47:49","modified_gmt":"2019-07-03T09:47:49","slug":"il-4-luglio-ben-ottewell-in-concerto-a-milano-germi","status":"publish","type":"post","link":"https:\/\/www.piuomenopop.it\/index.php\/2019\/07\/03\/il-4-luglio-ben-ottewell-in-concerto-a-milano-germi\/","title":{"rendered":"IL 4 LUGLIO BEN OTTEWELL IN CONCERTO A MILANO @ GERMI"},"content":{"rendered":"<p style=\"text-align: center;\"><strong>IL 4 LUGLIO BEN OTTEWELL IN CONCERTO A MILANO @ GERMI<\/strong><\/p>\n<p style=\"text-align: center;\"><strong>Per il fondatore e leader dei Gomez \u00e8 l\u2019ultima data del tour italiano<\/strong><\/p>\n<p>&nbsp;<\/p>\n<p>Fondatore e leader dei<strong> Gomez<\/strong>, il britannico <strong>Ben Ottewell<\/strong> \u00e8 riconosciuto come uno dei principali cantautori della scena Indie-Folk inglese. La sua voce baritonale e profonda, che lo avvicina a Ray Lamontagne e Eddie Vedder, \u00e8 uno dei marchi di fabbrica che lo contraddistinguono, e rendono i suoi progetti solisti ampiamente efficaci anche in versione acustica, dove esprime grande emozionalit\u00e0 e carisma, ricordando non poco la poesia di Nick Drake.<\/p>\n<p>Autore di tre dischi in 6 anni per la ATO Records, Ben Ottewell arriva in Italia per la promozione dell\u2019ultimo lavoro <strong><em>\u201cA Man Apart\u201d<\/em><\/strong>, definito tra i suoi pi\u00f9 maturi e avvicinabili alle composizioni coi Gomez, con cui presto sar\u00e0 in tour per il 20\u00b0 anniversario del disco \u201cLiquid Skin\u201d.<\/p>\n<p style=\"text-align: center;\"><strong>4 Luglio<\/strong><\/p>\n<p style=\"text-align: center;\"><strong><a href=\"https:\/\/www.facebook.com\/germiLDC\/\" target=\"_blank\" rel=\"noopener noreferrer\">GERMI<\/a> \u2013 LUOGO DI CONTAMINAZIONE &#8211; Via Cicco Simonetta, 14\/A \u2013 Milano<br \/>\n<a href=\"https:\/\/www.facebook.com\/events\/472655133487832\/\" target=\"_blank\" rel=\"noopener noreferrer\">Evento facebook<\/a><\/strong><\/p>\n<p>&nbsp;<\/p>\n<p>Un progetto di Francesca Risi, Gianluca Segale, Rodrigo D&#8217;Erasmo e Manuel Agnelli.<br \/>\nGERMI \u00e8 un contenitore fisico di pensiero.<br \/>\nGERMI \u00e8 una libreria tematica. GERMI \u00e8 un luogo dove creare nuove forme espressive. GERMI \u00e8 uno spazio in cui incontrarsi che crescer\u00e0 in sinergia con il quartiere che lo ospita.<\/p>\n<p>&nbsp;<\/p>\n","protected":false},"excerpt":{"rendered":"<div class=\"mh-excerpt\"><p>IL 4 LUGLIO BEN OTTEWELL IN CONCERTO A MILANO @ GERMI Per il fondatore e leader dei Gomez \u00e8 l\u2019ultima data del tour italiano &nbsp; <a class=\"mh-excerpt-more\" href=\"https:\/\/www.piuomenopop.it\/index.php\/2019\/07\/03\/il-4-luglio-ben-ottewell-in-concerto-a-milano-germi\/\" title=\"IL 4 LUGLIO BEN OTTEWELL IN CONCERTO A MILANO @ GERMI\">[&#8230;]<\/a><\/p>\n<\/div>","protected":false},"author":2,"featured_media":51146,"comment_status":"closed","ping_status":"closed","sticky":false,"template":"","format":"standard","meta":{"sfsi_plus_gutenberg_text_before_share":"","sfsi_plus_gutenberg_show_text_before_share":"","sfsi_plus_gutenberg_icon_type":"","sfsi_plus_gutenberg_icon_alignemt":"","sfsi_plus_gutenburg_max_per_row":"","footnotes":"","_links_to":"","_links_to_target":""},"categories":[5184,3],"tags":[10080,10078,10079],"class_list":["post-51145","post","type-post","status-publish","format-standard","has-post-thumbnail","hentry","category-calendario-concerti","category-news","tag-ben-ottewell","tag-germi","tag-germi-milano"],"aioseo_notices":[],"_links":{"self":[{"href":"https:\/\/www.piuomenopop.it\/index.php\/wp-json\/wp\/v2\/posts\/51145","targetHints":{"allow":["GET"]}}],"collection":[{"href":"https:\/\/www.piuomenopop.it\/index.php\/wp-json\/wp\/v2\/posts"}],"about":[{"href":"https:\/\/www.piuomenopop.it\/index.php\/wp-json\/wp\/v2\/types\/post"}],"author":[{"embeddable":true,"href":"https:\/\/www.piuomenopop.it\/index.php\/wp-json\/wp\/v2\/users\/2"}],"replies":[{"embeddable":true,"href":"https:\/\/www.piuomenopop.it\/index.php\/wp-json\/wp\/v2\/comments?post=51145"}],"version-history":[{"count":1,"href":"https:\/\/www.piuomenopop.it\/index.php\/wp-json\/wp\/v2\/posts\/51145\/revisions"}],"predecessor-version":[{"id":51147,"href":"https:\/\/www.piuomenopop.it\/index.php\/wp-json\/wp\/v2\/posts\/51145\/revisions\/51147"}],"wp:featuredmedia":[{"embeddable":true,"href":"https:\/\/www.piuomenopop.it\/index.php\/wp-json\/wp\/v2\/media\/51146"}],"wp:attachment":[{"href":"https:\/\/www.piuomenopop.it\/index.php\/wp-json\/wp\/v2\/media?parent=51145"}],"wp:term":[{"taxonomy":"category","embeddable":true,"href":"https:\/\/www.piuomenopop.it\/index.php\/wp-json\/wp\/v2\/categories?post=51145"},{"taxonomy":"post_tag","embeddable":true,"href":"https:\/\/www.piuomenopop.it\/index.php\/wp-json\/wp\/v2\/tags?post=51145"}],"curies":[{"name":"wp","href":"https:\/\/api.w.org\/{rel}","templated":true}]}}