{"id":51155,"date":"2019-07-03T17:05:11","date_gmt":"2019-07-03T15:05:11","guid":{"rendered":"http:\/\/www.piuomenopop.it\/?p=51155"},"modified":"2019-07-03T17:05:11","modified_gmt":"2019-07-03T15:05:11","slug":"elliot-murphy-al-posto-di-olivia-sellerio-mar-16-7-a-poggio-a-caiano-festival-delle-colline-e-mer-17-7-a-terranuova-bracciolini-orientocidente","status":"publish","type":"post","link":"https:\/\/www.piuomenopop.it\/index.php\/2019\/07\/03\/elliot-murphy-al-posto-di-olivia-sellerio-mar-16-7-a-poggio-a-caiano-festival-delle-colline-e-mer-17-7-a-terranuova-bracciolini-orientocidente\/","title":{"rendered":"ELLIOT MURPHY al posto di Olivia Sellerio: mar 16\/7 a Poggio a Caiano (Festival delle Colline) e mer 17\/7 a Terranuova Bracciolini (Orientocidente)"},"content":{"rendered":"<div align=\"center\"><span style=\"font-family: tahoma, sans-serif;\">Due concerti in Toscana per<br \/>\n<span style=\"color: #ff0000; font-size: medium;\"><b>ELLIOT MURPHY<\/b><\/span><br \/>\nfeat.\u00a0<span style=\"color: #ff0000;\"><b>Olivier Durand<\/b><\/span><\/p>\n<p><b>Marted\u00ec 16 luglio al Festival delle Colline\u00a0<\/b><b><br \/>\n<\/b><b>Mercoled\u00ec 17 luglio al Festival Orientoccidente<\/b><\/p>\n<p><span style=\"color: #ff0000; font-size: xx-small;\"><i><b>Il cantautore americano sostituisce Olivia Sellerio<\/b><\/i><\/span><br \/>\n<\/span><\/div>\n<p><span style=\"font-family: tahoma, sans-serif;\"><br \/>\nDate le delicate condizioni di Andrea Camilleri, Olivia Sellerio, autrice dei brani per il commissario di Vigata, in questo momento, non ha cuore di cantare le canzoni per Montalbano e annulla i concerti in programma.<\/p>\n<p>Saltano cos\u00ec le due date previste in Toscana nell\u2019ambito del Festival delle Colline e del festival Orientoccidente.<\/p>\n<p>Al suo posto, entrambe le serate, salir\u00e0 sul palco Elliott Murphy, newyorkese e cantautore di culto, storico collaboratore di Bruce Springsteen.<\/p>\n<p>In duo con Olivier Durand, Elliott Murphy sar\u00e0 in concerto marted\u00ec 16 luglio a Villa Il Cerretino di Poggio a Caiano (ore 21 \u2013 biglietto 8 euro \u2013 Festival delle Colline) e mercoled\u00ec 17 luglio in piazza della Liberazione a Terranuova Bracciolini (ore 21 \u2013 ingresso libero &#8211; opening Tito Esposito &#8211; Orientoccidente).<\/p>\n<p>Chi ha gi\u00e0 acquistato il biglietto per lo spettacolo di Olivia Sellerio, pu\u00f2 chiederne il rimborso entro il 30 luglio presso il punto vendita o il circuito di vendita in cui \u00e8 stato effettuato l\u2019acquisto.<\/p>\n<p><\/span><span><span style=\"font-family: tahoma, sans-serif;\">Elliott Murphy feat. Olivier Durand<br \/>\nMarted\u00ec 16 luglio \u2013 ore 21<br \/>\nVilla Il Cerretino &#8211; Poggio a Caiano<br \/>\nIngresso 8 euro<br \/>\nFestival delle Colline<\/p>\n<p>Elliott Murphy feat. Olivier Durand<br \/>\nMercoled\u00ec 17 luglio \u2013 ore 21<br \/>\nPiazza Liberazione &#8211; Terranuova Bracciolini (AR)<br \/>\nOpening Tito Esposito<br \/>\ningresso gratuito<br \/>\nOrientoccidente<\/span><\/span><\/p>\n","protected":false},"excerpt":{"rendered":"<div class=\"mh-excerpt\"><p>Due concerti in Toscana per ELLIOT MURPHY feat.\u00a0Olivier Durand Marted\u00ec 16 luglio al Festival delle Colline\u00a0 Mercoled\u00ec 17 luglio al Festival Orientoccidente Il cantautore americano <a class=\"mh-excerpt-more\" href=\"https:\/\/www.piuomenopop.it\/index.php\/2019\/07\/03\/elliot-murphy-al-posto-di-olivia-sellerio-mar-16-7-a-poggio-a-caiano-festival-delle-colline-e-mer-17-7-a-terranuova-bracciolini-orientocidente\/\" title=\"ELLIOT MURPHY al posto di Olivia Sellerio: mar 16\/7 a Poggio a Caiano (Festival delle Colline) e mer 17\/7 a Terranuova Bracciolini (Orientocidente)\">[&#8230;]<\/a><\/p>\n<\/div>","protected":false},"author":2,"featured_media":51156,"comment_status":"closed","ping_status":"closed","sticky":false,"template":"","format":"standard","meta":{"sfsi_plus_gutenberg_text_before_share":"","sfsi_plus_gutenberg_show_text_before_share":"","sfsi_plus_gutenberg_icon_type":"","sfsi_plus_gutenberg_icon_alignemt":"","sfsi_plus_gutenburg_max_per_row":"","footnotes":"","_links_to":"","_links_to_target":""},"categories":[5184,3],"tags":[10084,576,10086,10085],"class_list":["post-51155","post","type-post","status-publish","format-standard","has-post-thumbnail","hentry","category-calendario-concerti","category-news","tag-elliot-murphy","tag-festival-delle-colline","tag-festival-orientoccidente","tag-olivier-durand"],"aioseo_notices":[],"_links":{"self":[{"href":"https:\/\/www.piuomenopop.it\/index.php\/wp-json\/wp\/v2\/posts\/51155","targetHints":{"allow":["GET"]}}],"collection":[{"href":"https:\/\/www.piuomenopop.it\/index.php\/wp-json\/wp\/v2\/posts"}],"about":[{"href":"https:\/\/www.piuomenopop.it\/index.php\/wp-json\/wp\/v2\/types\/post"}],"author":[{"embeddable":true,"href":"https:\/\/www.piuomenopop.it\/index.php\/wp-json\/wp\/v2\/users\/2"}],"replies":[{"embeddable":true,"href":"https:\/\/www.piuomenopop.it\/index.php\/wp-json\/wp\/v2\/comments?post=51155"}],"version-history":[{"count":1,"href":"https:\/\/www.piuomenopop.it\/index.php\/wp-json\/wp\/v2\/posts\/51155\/revisions"}],"predecessor-version":[{"id":51157,"href":"https:\/\/www.piuomenopop.it\/index.php\/wp-json\/wp\/v2\/posts\/51155\/revisions\/51157"}],"wp:featuredmedia":[{"embeddable":true,"href":"https:\/\/www.piuomenopop.it\/index.php\/wp-json\/wp\/v2\/media\/51156"}],"wp:attachment":[{"href":"https:\/\/www.piuomenopop.it\/index.php\/wp-json\/wp\/v2\/media?parent=51155"}],"wp:term":[{"taxonomy":"category","embeddable":true,"href":"https:\/\/www.piuomenopop.it\/index.php\/wp-json\/wp\/v2\/categories?post=51155"},{"taxonomy":"post_tag","embeddable":true,"href":"https:\/\/www.piuomenopop.it\/index.php\/wp-json\/wp\/v2\/tags?post=51155"}],"curies":[{"name":"wp","href":"https:\/\/api.w.org\/{rel}","templated":true}]}}