{"id":51163,"date":"2019-07-03T22:29:44","date_gmt":"2019-07-03T20:29:44","guid":{"rendered":"http:\/\/www.piuomenopop.it\/?p=51163"},"modified":"2019-07-04T11:15:17","modified_gmt":"2019-07-04T09:15:17","slug":"respiro-laltra-faccia-della-luna-insieme-per-una-libera-sessualita-e-per-i-diritti-lgbtq","status":"publish","type":"post","link":"https:\/\/www.piuomenopop.it\/index.php\/2019\/07\/03\/respiro-laltra-faccia-della-luna-insieme-per-una-libera-sessualita-e-per-i-diritti-lgbtq\/","title":{"rendered":"RESPIRO,  \u201cL\u2019altra faccia della luna\u201d  Insieme per una libera sessualit\u00e0 e per i diritti LGBTQ"},"content":{"rendered":"<p style=\"font-weight: 400; text-align: center;\"><strong>Online il videoclip del brano <em>\u201cL\u2019altra faccia della luna\u201d<\/em>, nuovo estratto da\u00a0<em>\u201cUnPOPositivo\u201d,<\/em>\u00a0l\u2019album<\/strong>\u00a0<strong>del duo pugliese Respiro, <\/strong><strong>progetto uscito con l\u2019etichetta<\/strong>\u00a0<strong>Discographia Clandestina.<\/strong><\/p>\n<p style=\"font-weight: 400;\"><strong>\u00a0<\/strong><\/p>\n<p style=\"font-weight: 400;\"><em>\u00a0<\/em><\/p>\n<p style=\"font-weight: 400;\"><em>\u201c\u2018L\u2019altra faccia della luna\u2019\u00a0<\/em><em>\u00e8 uno dei punti cardine del nostro nuovo album, unPOPositivo. Ultimo nella scrittura ma sicuramente per noi uno dei brani pi\u00f9 significativi, nato dall\u2019esigenza di raccontare le difficolt\u00e0 che ancora oggi molti ragazzi vivono nel dover esprimere la propria omosessualit\u00e0.\u00a0<\/em>\u00a0\u2013\u00a0<strong>racconta il duo<\/strong>\u00a0&#8211;\u00a0<em>In questo disco abbiamo abbracciato tematiche che consideriamo urgenti e la lotta per i diritti LGBTQ \u00e8 una di queste, probabilmente una di quelle che pi\u00f9 abbiamo a cuore. Per noi \u00e8 inaccettabile che si debba ancora lottare per una libera sessualit\u00e0, per dei diritti che dovrebbero essere naturali.<\/em>\u201d<\/p>\n<p style=\"font-weight: 400;\">Nel video si vuole far incontrare ed incrociare due contesti, quello del live della band salentina,\u00a0<strong>Rainbow Day 2019 di Lecce<\/strong>, e quello narrativo dei personaggi impersonati dal\u00a0<strong>performer Luca Cal\u00f2 e da Alexandre D. Roque<\/strong>, creando cos\u00ec un video che permettesse allo spettatore di calarsi appieno in due realt\u00e0 contrapposte, l\u2019evento dello scorso 18 Maggio e la difficile storia di autoaccettazione e di lotta sociale che molti uomini e donne vivono ogni giorno.<\/p>\n<p style=\"font-weight: 400;\">\u201c\u00a0<em>Grazie a questo progetto abbiamo avuto l\u2019occasione di collaborare attivamente con \u2018Lea \u2013 Liberamente e apertamente\u2019 e \u2018Arcigay Salento\u2019, cosa che continueremo a fare in ogni modo possibile\u00a0<\/em>\u201c<\/p>\n<p style=\"font-weight: 400;\"><em>\u201c<strong>Un POPositivo<\/strong>\u201d\u00a0<\/em>\u00e8 una nuova carta d\u2019identit\u00e0 rispetto al primo disco (pi\u00f9 acustico e minimale): contiene un pop d\u2019autore arricchito dal violino, dal multipad e da sequenze di elettronica, un album che non tralascia gli aspetti pi\u00f9 intimi della quotidianit\u00e0: l\u2019amore, la separazione, la paura. \u00a0\u00c8 composto da\u00a0<strong>8 brani<\/strong>, di cui uno,\u00a0<strong><em>\u201cAbissi\u201d,<\/em><\/strong>\u00a0in featuring con\u00a0<strong>Carmine Tundo de \u201cLa Municip\u00e0l\u201d<\/strong>\u00a0e un altro,\u00a0<strong><em>\u201cRandagio\u201d,\u00a0<\/em><\/strong>al quale ha preso parte il <strong>polistrumentista Emanuele Coluccia.<\/strong>\u00a0\u00a0Il\u00a0disco \u00e8 arrangiato e prodotto da\u00a0<strong>Lara Ingrosso<\/strong>\u00a0e registrato, mixato e masterizzato presso\u00a0<strong>MD Lab da Marco D\u2019Agostinis<\/strong>\u00a0(il terzo Respiro). La copertina \u00e8 realizzata da\u00a0<strong>Benedetta Francioso<\/strong>\u00a0(Penni Phi).<\/p>\n<p style=\"font-weight: 400;\">Tra i traguardi pi\u00f9 importanti che il duo ha ottenuto dal 2013 ad oggi, vi sono undici riconoscimenti nazionali, il servizio di\u00a0<strong>Vincenzo Mollica\u00a0<\/strong>durante una puntata del suo programma\u00a0<strong>&#8220;Do Re Ciak Gulp su RAI1<\/strong>, il live per RSI (Radio Televisione Svizzera) durante l&#8217;ultima\u00a0<strong>Fiera del libro di Torino<\/strong>, l\u2019apertura del concerto dei\u00a0<strong>Marlene Kunz<\/strong>\u00a0al Fabrique di Milano a\u00a0Marzo 2016, l\u2019assegnazione della\u00a0<strong>\u201cTarga d\u2019autore controcorrente\u201d<\/strong>\u00a0per il disco \u201cA forma d\u2019ali\u201dnel 2016 e il\u00a0<strong>1\u00b0 premio al Premio Mauro Carratta<\/strong>\u00a02017 e il loro concerto\u00a0<strong>Live<\/strong>\u00a0presso gli studi di\u00a0<strong>RSI (Radiotelevisione Svizzera)<\/strong>\u00a0a Lugano nell&#8217; ottobre 2018. Singolarmente\u00a0<strong>Lara Ingrosso\u00a0<\/strong>con il suo\u00a0<strong>Soundtracks project<\/strong>\u00a0vince il premio per la miglior colonna sonora ai\u00a0<strong><em>Diamond Film Awards\u00a0<\/em><\/strong>per il cortometraggio\u00a0<strong>\u201cDustland\u201d\u00a0<\/strong>di Davide Cantelmo.\u00a0<strong>Francesco Del Prete<\/strong>\u00a0\u00e8 violinista e compositore salentino, inizia il suo percorso musicale con gli studi classici per poi appassionarsi al mondo della musica etnica, dell\u2019elettronica e al jazz.<\/p>\n<p style=\"font-weight: 400;\"><strong>\u00a0<\/strong><\/p>\n<p><iframe loading=\"lazy\" src=\"https:\/\/www.youtube.com\/embed\/sdTDW29ELdI\" width=\"1000\" height=\"568\" frameborder=\"0\" allowfullscreen=\"allowfullscreen\"><\/iframe><\/p>\n","protected":false},"excerpt":{"rendered":"<div class=\"mh-excerpt\"><p>Online il videoclip del brano \u201cL\u2019altra faccia della luna\u201d, nuovo estratto da\u00a0\u201cUnPOPositivo\u201d,\u00a0l\u2019album\u00a0del duo pugliese Respiro, progetto uscito con l\u2019etichetta\u00a0Discographia Clandestina. \u00a0 \u00a0 \u201c\u2018L\u2019altra faccia della <a class=\"mh-excerpt-more\" href=\"https:\/\/www.piuomenopop.it\/index.php\/2019\/07\/03\/respiro-laltra-faccia-della-luna-insieme-per-una-libera-sessualita-e-per-i-diritti-lgbtq\/\" title=\"RESPIRO,  \u201cL\u2019altra faccia della luna\u201d  Insieme per una libera sessualit\u00e0 e per i diritti LGBTQ\">[&#8230;]<\/a><\/p>\n<\/div>","protected":false},"author":2,"featured_media":51164,"comment_status":"closed","ping_status":"closed","sticky":false,"template":"","format":"standard","meta":{"sfsi_plus_gutenberg_text_before_share":"","sfsi_plus_gutenberg_show_text_before_share":"","sfsi_plus_gutenberg_icon_type":"","sfsi_plus_gutenberg_icon_alignemt":"","sfsi_plus_gutenburg_max_per_row":"","footnotes":"","_links_to":"","_links_to_target":""},"categories":[3,8,939],"tags":[10090,6824,10094,4409,10089,10091,10092,10093],"class_list":["post-51163","post","type-post","status-publish","format-standard","has-post-thumbnail","hentry","category-news","category-uscite","category-pop","tag-alexandre-d-roque","tag-carmine-tundo","tag-discographia-clandestina","tag-la-municipal","tag-luca-calo","tag-marlene-kunz","tag-respiro","tag-unpopositivo"],"aioseo_notices":[],"_links":{"self":[{"href":"https:\/\/www.piuomenopop.it\/index.php\/wp-json\/wp\/v2\/posts\/51163","targetHints":{"allow":["GET"]}}],"collection":[{"href":"https:\/\/www.piuomenopop.it\/index.php\/wp-json\/wp\/v2\/posts"}],"about":[{"href":"https:\/\/www.piuomenopop.it\/index.php\/wp-json\/wp\/v2\/types\/post"}],"author":[{"embeddable":true,"href":"https:\/\/www.piuomenopop.it\/index.php\/wp-json\/wp\/v2\/users\/2"}],"replies":[{"embeddable":true,"href":"https:\/\/www.piuomenopop.it\/index.php\/wp-json\/wp\/v2\/comments?post=51163"}],"version-history":[{"count":10,"href":"https:\/\/www.piuomenopop.it\/index.php\/wp-json\/wp\/v2\/posts\/51163\/revisions"}],"predecessor-version":[{"id":51220,"href":"https:\/\/www.piuomenopop.it\/index.php\/wp-json\/wp\/v2\/posts\/51163\/revisions\/51220"}],"wp:featuredmedia":[{"embeddable":true,"href":"https:\/\/www.piuomenopop.it\/index.php\/wp-json\/wp\/v2\/media\/51164"}],"wp:attachment":[{"href":"https:\/\/www.piuomenopop.it\/index.php\/wp-json\/wp\/v2\/media?parent=51163"}],"wp:term":[{"taxonomy":"category","embeddable":true,"href":"https:\/\/www.piuomenopop.it\/index.php\/wp-json\/wp\/v2\/categories?post=51163"},{"taxonomy":"post_tag","embeddable":true,"href":"https:\/\/www.piuomenopop.it\/index.php\/wp-json\/wp\/v2\/tags?post=51163"}],"curies":[{"name":"wp","href":"https:\/\/api.w.org\/{rel}","templated":true}]}}