{"id":51297,"date":"2019-07-05T22:50:09","date_gmt":"2019-07-05T20:50:09","guid":{"rendered":"http:\/\/www.piuomenopop.it\/?p=51297"},"modified":"2019-07-05T22:55:01","modified_gmt":"2019-07-05T20:55:01","slug":"diluvio-festival-2019","status":"publish","type":"post","link":"https:\/\/www.piuomenopop.it\/index.php\/2019\/07\/05\/diluvio-festival-2019\/","title":{"rendered":"DILUVIO FESTIVAL 2019"},"content":{"rendered":"<div style=\"text-align: center;\">DILUVIO FESTIVAL 2019<\/div>\n<div style=\"text-align: center;\">2, 3 E 4 AGOSTO A CAMIGNONE DI PASSIRANO<\/div>\n<div style=\"text-align: center;\"><span style=\"font-family: Raleway-Regular; font-size: small;\"><b>Dal 2 al 4 agosto a Passirano (Bs) torna Diluvio festival con la sua quarta edizione a ingresso gratuito: line-up ricercata, food e beverage di qualita\u0300, un\u2019area market e tanto spazio per attivit\u00e0 collaterali: workshop, talk, gaming e visite in Franciacorta.<\/b><\/span><\/div>\n<div><\/div>\n<div><\/div>\n<div>17 GIUGNO 2019<\/div>\n<div>IL FESTIVAL<\/div>\n<div>Diluvio festival nasce nel 2016 da un\u2019idea dell\u2019Associazione Culturale Diluvio, con l\u2019obiettivo di portare la musica indipendente nel proprio territorio e offrire un evento di qualita\u0300 in tutte le sue sfaccettature, dalla musica al cibo. Diluvio \u00e8 un\u2019esperienza live: vogliamo riportare il Festival alla sua dimensione essenziale, riunire le persone e dare loro l\u2019opportunit\u00e0 di ascoltare musica nuova e diversa, condividendo un\u2019esperienza comune.<\/div>\n<div>La prima notizia importante per l\u2019edizione 2019 \u00e8 la variazione della location: quest\u2019anno infatti il festival si svolger\u00e0 nell\u2019area feste di Via Matteotti (area camignonissima), poco lontanto dalle sue origini. Per motivi logistici e di spazio abbiamo dovuto cercare un\u2019altra casa, e grazie all\u2019aiuto dell\u2019amministrazione comunale abbiamo trovato ospitalit\u00e0 nell\u2019area pubblica di Camignone. Questa \u00e8 una \u201csoluzione temporanea\u201d e ci sposteremo ancora, abbiamo grandi progetti per il 2020, ma \u00e8 ancora tutto un segreto.<\/div>\n<div>La seconda notizia \u00e8 che l\u2019edizione 2019 durer\u00e0 tre giorni, uno in pi\u00f9 rispetto agli scorsi anni, e ospiter\u00e0 ben due palchi. Tante saranno le sorprese e le esperienze che gli utenti potranno vivere durante il festival, e che riveleremo pian piano nel prossimo mese. Per ora possiamo raccontarvi ci\u00f2 che riguarda il programma musicale, pubblicato in maggio sull\u2019evento Facebook:<\/div>\n<div><\/div>\n<p>&nbsp;<\/p>\n<div>VENERD\u00ec 2 AGOSTO<\/div>\n<ul>\n<li dir=\"ltr\">\n<div>Sxrrxwlannd<\/div>\n<\/li>\n<\/ul>\n<div>Un collettivo artistico formato da Osore, Gino Tremila e Giovanni Vipra. Rispettivamente producer, creative director e voce. In campo musicale come in quello visuale, la \u201cLand\u201d porta avanti un intenso lavoro di ricerca e sperimentazione.<\/div>\n<ul>\n<li dir=\"ltr\">\n<div>Dola<\/div>\n<\/li>\n<\/ul>\n<div>Nome d&#8217;arte di Aldo Iacobelli, \u00e8 un cantautore italiano originario di Casalvieri. Entra a far parte della famiglia di Undamento dopo aver conosciuto Tommaso Biagetti, tramite Coez, per il quale aveva lavorato come backliner a Roma e come driver per qualche data di Giorgio Poi.<\/div>\n<ul>\n<li dir=\"ltr\">\n<div>Maiole<\/div>\n<\/li>\n<\/ul>\n<div>Dopo aver remixato Accattone di Frah Quintale, nel 2018 Maiole ha pubblicato Tinder, Crescendo e Cose Pese, prime anticipazioni del suo secondo album Cose Pese, uscito ad ottobre: il disco che trasforma Maiole da semplice producer e beatmaker ad artista pop a tutto tondo.<\/div>\n<ul>\n<li dir=\"ltr\">\n<div>Mike<\/div>\n<\/li>\n<\/ul>\n<div>Nasce a brescia nel 92 da genitori egiziani, gi\u00e0 all\u2019et\u00e0 di 5 anni istintivamente comincia a sperimentare le sue prime composizioni di testi musicali e a 13 anni inizia a scrivere testi rap. Per il 2019 \u00e8 prevista l\u2019uscita di singoli con i quali sta sperimentando sonorit\u00e0 nuove, strutture melodiche pi\u00f9 elaborate ispirate al \u201ccloud Rap\u201d americano e francese.<\/div>\n<p>&nbsp;<\/p>\n<div>SABATO 3 AGOSTO<\/div>\n<ul>\n<li dir=\"ltr\">\n<div>Rovere<\/div>\n<\/li>\n<\/ul>\n<div>I rovere nascono a Bologna nel 2016 da un\u2019idea di Nelson Venceslai, Luca Lambertini e Lorenzo Stivani. I primi due singoli la pioggia che non sapevo e caccia militare, senza usare nessuna maiuscola, entrano immediatamente in Top 50 viral di Spotify e superano in pochi mesi i 2.000.000 di ascolti. Nei mesi successivi la band lavora all\u2019album di debutto frutto anche della collaborazione con Riccardo Zanotti dei Pinguini tattici Nucleari.<\/div>\n<ul>\n<li dir=\"ltr\">\n<div>Fadi<\/div>\n<\/li>\n<\/ul>\n<div>Italo-Nigeriano della riviera romagnola. Un albero genealogico che \u00e8 un canto meticcio. La sua timbrica vocale \u00e8 profonda, il colore inconfondibile. Non ha paura a misurarsi con la forma canzone all\u2019italiana, con il cantautorato migliore che l\u2019italia abbia prodotto nei decenni passati e nei duemila, conservando un gusto tutto anni \u201890 verso alcune sonorit\u00e0 elettriche, nel suono senza fronzoli.<\/div>\n<ul>\n<li dir=\"ltr\">\n<div>Lucio Leoni<\/div>\n<\/li>\n<\/ul>\n<div>Senso, suono, significato: sono le linee guida che Lucio Leoni, cantautore romano classe 1981, ha seguito nella stesura del suo nuovo album intitolato Il Lupo Cattivo. Fresco vincitore della prima edizione del Premio Freak dedicato alla figura di Freak Antoni, leader degli Skiantos scomparso nel 2014, Leoni compone 10 canzoni che parlano di emozioni universali e concetti senza tempo, utilizzando la figura del lupo cattivo per costruire una sorta di saggio sull\u2019esistenza, in cui mescola costruzioni logiche e illogiche che si fanno ora dialogo interiore ora racconto.<\/div>\n<ul>\n<li dir=\"ltr\">\n<div>Lenostrepaure<\/div>\n<div><span style=\"font-size: xx-small;\">(Brescia)<\/span><\/div>\n<\/li>\n<\/ul>\n<p>&nbsp;<\/p>\n<div>DOMENICA 4 AGOSTO<\/div>\n<ul>\n<li dir=\"ltr\">\n<div>Any Other<\/div>\n<\/li>\n<\/ul>\n<div>Any Other \u00e8 il progetto di Adele Nigro, vero e proprio astro nascente della musica italiana, quella di vocazione pi\u00f9 esterofila e che non si pone limiti e confini. Il suo ultimo album \u201cTwo, Geography\u201d, uscito lo scorso settembre per 42 Records, \u00e8 la testimonianza sonora di una crescita incredibile, vera, senza rete e senza paura di sperimentare e rischiare.<\/div>\n<ul>\n<li dir=\"ltr\">\n<div>Blindur<\/div>\n<\/li>\n<\/ul>\n<div>Blindur \u00e8 un duo nato nella primavera del 2014 da Massimo De Vita, cantautore, polistrumentista e produttore, e Michelangelo Bencivenga, polistrumentista. Il sound del duo si ispira alle atmosfere del folk e del post rock, con un piede a Dublino e l&#8217;altro a Reykjav\u00edk.<\/div>\n<ul>\n<li dir=\"ltr\">\n<div>Black Snake Moan<\/div>\n<\/li>\n<\/ul>\n<div>Black Snake Moan \u00e8 un one man band atipico, con radici stilistiche primordiali che fioriscono in sperimentazioni sonore pregne di un sapore intenso e dal fascino arcano. Radici profonde che profumano di delta blues e che si intrecciano con un\u2019ispirata vena psichedelica.<\/div>\n<ul>\n<li dir=\"ltr\">\n<div>Iside<\/div>\n<div>(Bergamo)<\/div>\n<\/li>\n<\/ul>\n<p>&nbsp;<\/p>\n","protected":false},"excerpt":{"rendered":"<div class=\"mh-excerpt\"><p>DILUVIO FESTIVAL 2019 2, 3 E 4 AGOSTO A CAMIGNONE DI PASSIRANO Dal 2 al 4 agosto a Passirano (Bs) torna Diluvio festival con la <a class=\"mh-excerpt-more\" href=\"https:\/\/www.piuomenopop.it\/index.php\/2019\/07\/05\/diluvio-festival-2019\/\" title=\"DILUVIO FESTIVAL 2019\">[&#8230;]<\/a><\/p>\n<\/div>","protected":false},"author":2,"featured_media":51298,"comment_status":"closed","ping_status":"closed","sticky":false,"template":"","format":"standard","meta":{"sfsi_plus_gutenberg_text_before_share":"","sfsi_plus_gutenberg_show_text_before_share":"","sfsi_plus_gutenberg_icon_type":"","sfsi_plus_gutenberg_icon_alignemt":"","sfsi_plus_gutenburg_max_per_row":"","footnotes":"","_links_to":"","_links_to_target":""},"categories":[5184,730,3],"tags":[6704,10114],"class_list":["post-51297","post","type-post","status-publish","format-standard","has-post-thumbnail","hentry","category-calendario-concerti","category-festival","category-news","tag-diluvio-festival","tag-diluvio-festival-2019"],"aioseo_notices":[],"_links":{"self":[{"href":"https:\/\/www.piuomenopop.it\/index.php\/wp-json\/wp\/v2\/posts\/51297","targetHints":{"allow":["GET"]}}],"collection":[{"href":"https:\/\/www.piuomenopop.it\/index.php\/wp-json\/wp\/v2\/posts"}],"about":[{"href":"https:\/\/www.piuomenopop.it\/index.php\/wp-json\/wp\/v2\/types\/post"}],"author":[{"embeddable":true,"href":"https:\/\/www.piuomenopop.it\/index.php\/wp-json\/wp\/v2\/users\/2"}],"replies":[{"embeddable":true,"href":"https:\/\/www.piuomenopop.it\/index.php\/wp-json\/wp\/v2\/comments?post=51297"}],"version-history":[{"count":2,"href":"https:\/\/www.piuomenopop.it\/index.php\/wp-json\/wp\/v2\/posts\/51297\/revisions"}],"predecessor-version":[{"id":51301,"href":"https:\/\/www.piuomenopop.it\/index.php\/wp-json\/wp\/v2\/posts\/51297\/revisions\/51301"}],"wp:featuredmedia":[{"embeddable":true,"href":"https:\/\/www.piuomenopop.it\/index.php\/wp-json\/wp\/v2\/media\/51298"}],"wp:attachment":[{"href":"https:\/\/www.piuomenopop.it\/index.php\/wp-json\/wp\/v2\/media?parent=51297"}],"wp:term":[{"taxonomy":"category","embeddable":true,"href":"https:\/\/www.piuomenopop.it\/index.php\/wp-json\/wp\/v2\/categories?post=51297"},{"taxonomy":"post_tag","embeddable":true,"href":"https:\/\/www.piuomenopop.it\/index.php\/wp-json\/wp\/v2\/tags?post=51297"}],"curies":[{"name":"wp","href":"https:\/\/api.w.org\/{rel}","templated":true}]}}