{"id":51379,"date":"2019-07-12T10:15:09","date_gmt":"2019-07-12T08:15:09","guid":{"rendered":"http:\/\/www.piuomenopop.it\/?p=51379"},"modified":"2019-07-12T10:15:09","modified_gmt":"2019-07-12T08:15:09","slug":"joggi-avant-folk-ultimo-nome-della-line-up-simona-norato","status":"publish","type":"post","link":"https:\/\/www.piuomenopop.it\/index.php\/2019\/07\/12\/joggi-avant-folk-ultimo-nome-della-line-up-simona-norato\/","title":{"rendered":"Joggi Avant Folk &#8211; Ultimo nome della line up: SIMONA NORATO"},"content":{"rendered":"<p style=\"text-align: center;\"><strong>Sabato 16 Agosto ad aprire il concerto di Nada salir\u00e0 sul palco dello <a href=\"https:\/\/www.facebook.com\/joggi.folk\/\" target=\"_blank\" rel=\"noopener noreferrer\">Joggi Avant Folk<\/a><\/strong><\/p>\n<p style=\"text-align: center;\"><strong>SIMONA NORATO trio &#8211; &#8216;Orde di brave figlie&#8217; tour.<\/strong><\/p>\n<p style=\"text-align: center;\"><strong>Joggi \/ Santa Caterina Alb. \/ CS<\/strong><\/p>\n<p style=\"text-align: center;\">INGRESSO GRATUITO<\/p>\n<p>Il nuovo album <em><strong>\u201cOrde di brave figlie\u201d<\/strong><\/em> \u00e8 uscito a settembre del 2018 per Ala Bianca con la produzione artistica di <strong>Cesare Basile<\/strong>.<br \/>\nIl disco parla di relazioni. Si parte da quella con s\u00e8 stessi per giungere a rapportarsi con tutto ci\u00f2 che ci circonda. &#8220;La rabbia si sta tramutando in coraggio. Per la pace \u00e8 questione di poco.&#8221; Uno stretto legame tra desiderio e consapevolezza. Relazioni quindi, che siano semplici o complesse, politiche e sociali, sincere o artefatte, pure e anche pericolose, purch\u00e8 risultino vitali.<br \/>\nL&#8217;album ci mostra un&#8217;artista che, messa a nudo di fronte alla propria umanit\u00e0, ne esce rafforzata. Una persona reale che incarna la sua libert\u00e0 a discapito di una societ\u00e0 basata sul paradosso della finzione formale. &#8220;Le orde di brave figlie sono incontri e scontri da curare con la pazienza dei Santi&#8221;. Una santit\u00e0 laica tale da non ammettere benedizioni di sorta, se non riconciliarsi nell&#8217;essere umani e vivere la propria realt\u00e0 senza temere giudizi.<br \/>\nI testi sono scritti in italiano e i brani sono nati in presa diretta partendo sempre dalla ripresa di un trio o di un quartetto sonante, una sorta di comunione creativa che accresce lo spessore dell&#8217;opera e ne definisce il significato simbolico di relazione artistica. Musicalmente \u00e8 tutt&#8217;altro che semplice. Emerge una profonda ricerca stilistica basata anche su elementi compositivi del Sud Est del mondo, elementi che testimoniano un sentire politico orientato verso una migrazione opposta a quella narrata dalla cronaca di tutti i giorni.<br \/>\nRitmicamente si percepisce l&#8217;amore per la terzina in due tempi in cui il due entra nel tre per diventare quattro in una sola battuta, movimento caro alle visioni desertiche dell\u2019autrice. Una formula che esula dalla classica musica di matrice occidentale, che sia americana o nordeuropea oppure delle repubbliche progredite. Suoni ancestrali e meno familiari, come quella natura che per ignoranza spesso fatichiamo ad accettare.<\/p>\n<p><a href=\"http:\/\/www.piuomenopop.it\/?s=joggi+avant+folk\" target=\"_blank\" rel=\"noopener noreferrer\">Tutti i nostri articoli su Joggi Avant Folk<\/a><\/p>\n","protected":false},"excerpt":{"rendered":"<div class=\"mh-excerpt\"><p>Sabato 16 Agosto ad aprire il concerto di Nada salir\u00e0 sul palco dello Joggi Avant Folk SIMONA NORATO trio &#8211; &#8216;Orde di brave figlie&#8217; tour. <a class=\"mh-excerpt-more\" href=\"https:\/\/www.piuomenopop.it\/index.php\/2019\/07\/12\/joggi-avant-folk-ultimo-nome-della-line-up-simona-norato\/\" title=\"Joggi Avant Folk &#8211; Ultimo nome della line up: SIMONA NORATO\">[&#8230;]<\/a><\/p>\n<\/div>","protected":false},"author":2,"featured_media":51380,"comment_status":"closed","ping_status":"closed","sticky":false,"template":"","format":"standard","meta":{"sfsi_plus_gutenberg_text_before_share":"","sfsi_plus_gutenberg_show_text_before_share":"","sfsi_plus_gutenberg_icon_type":"","sfsi_plus_gutenberg_icon_alignemt":"","sfsi_plus_gutenburg_max_per_row":"","footnotes":"","_links_to":"","_links_to_target":""},"categories":[5184,730,3],"tags":[287,4263],"class_list":["post-51379","post","type-post","status-publish","format-standard","has-post-thumbnail","hentry","category-calendario-concerti","category-festival","category-news","tag-joggi-avant-folk","tag-simona-norato"],"aioseo_notices":[],"_links":{"self":[{"href":"https:\/\/www.piuomenopop.it\/index.php\/wp-json\/wp\/v2\/posts\/51379","targetHints":{"allow":["GET"]}}],"collection":[{"href":"https:\/\/www.piuomenopop.it\/index.php\/wp-json\/wp\/v2\/posts"}],"about":[{"href":"https:\/\/www.piuomenopop.it\/index.php\/wp-json\/wp\/v2\/types\/post"}],"author":[{"embeddable":true,"href":"https:\/\/www.piuomenopop.it\/index.php\/wp-json\/wp\/v2\/users\/2"}],"replies":[{"embeddable":true,"href":"https:\/\/www.piuomenopop.it\/index.php\/wp-json\/wp\/v2\/comments?post=51379"}],"version-history":[{"count":2,"href":"https:\/\/www.piuomenopop.it\/index.php\/wp-json\/wp\/v2\/posts\/51379\/revisions"}],"predecessor-version":[{"id":51562,"href":"https:\/\/www.piuomenopop.it\/index.php\/wp-json\/wp\/v2\/posts\/51379\/revisions\/51562"}],"wp:featuredmedia":[{"embeddable":true,"href":"https:\/\/www.piuomenopop.it\/index.php\/wp-json\/wp\/v2\/media\/51380"}],"wp:attachment":[{"href":"https:\/\/www.piuomenopop.it\/index.php\/wp-json\/wp\/v2\/media?parent=51379"}],"wp:term":[{"taxonomy":"category","embeddable":true,"href":"https:\/\/www.piuomenopop.it\/index.php\/wp-json\/wp\/v2\/categories?post=51379"},{"taxonomy":"post_tag","embeddable":true,"href":"https:\/\/www.piuomenopop.it\/index.php\/wp-json\/wp\/v2\/tags?post=51379"}],"curies":[{"name":"wp","href":"https:\/\/api.w.org\/{rel}","templated":true}]}}