{"id":51382,"date":"2019-07-09T17:07:16","date_gmt":"2019-07-09T15:07:16","guid":{"rendered":"http:\/\/www.piuomenopop.it\/?p=51382"},"modified":"2019-07-09T17:07:16","modified_gmt":"2019-07-09T15:07:16","slug":"collisioni-festival-salmo-e-maneskin-a-confronto","status":"publish","type":"post","link":"https:\/\/www.piuomenopop.it\/index.php\/2019\/07\/09\/collisioni-festival-salmo-e-maneskin-a-confronto\/","title":{"rendered":"Collisioni Festival: Salmo e Maneskin a confronto"},"content":{"rendered":"<p><span style=\"font-weight: 400;\">A cura di\u00a0<a href=\"https:\/\/www.facebook.com\/michela.guerrera\" target=\"_blank\" rel=\"noopener noreferrer\"><strong>Michela Guerrera<\/strong><\/a><\/span><\/p>\n<p>&nbsp;<\/p>\n<p><span style=\"font-weight: 400;\">\u00c8 il 6 luglio, mi trovo al <\/span><b>Collisioni<\/b> <b>Festival di Barolo <\/b><span style=\"font-weight: 400;\">per il doppio concerto di <\/span><b>Salmo<\/b><span style=\"font-weight: 400;\"> e dei <\/span><b>M\u00e5neskin<\/b><span style=\"font-weight: 400;\">. Mi guardo attorno e faccio un piccolo gioco cercando di distinguere i fan del rapper da quelli della band. Sorpresa delle sorprese: non sempre ci vedo giusto. Sar\u00e0 colpa dei cinquanta gradi percepiti o del prezzo dell\u2019acqua calcolato a peso d\u2019oro, ma le mie sinapsi faticano e l\u2019unico elemento discriminante \u00e8 la fascetta della band. Ci\u00f2 nonostante, dopo mezz\u2019ora sotto il sole, per me diventa tutto un mappazzone di fan dei Salmoskin.\u00a0<\/span><\/p>\n<p><span style=\"font-weight: 400;\">Cerco di lasciare a casa i pregiudizi sui <\/span><b>M<\/b><b>aneskin, <\/b><span style=\"font-weight: 400;\">legati al fatto che credo che siano un po&#8217; troppo pieni di loro stessi. Rivedo altri pregiudizi apparire sul megaschermo in apertura del loro live, riferiti alla loro giovane et\u00e0 e all\u2019eredit\u00e0 che purtroppo si portano dietro tutti coloro che nascono da un talent show &#8211; che non condivido minimamente &#8211; e spero di vedere uno spettacolo che dimostri quanto la <\/span><i><span style=\"font-weight: 400;\">band evento degli ultimi anni <\/span><\/i><span style=\"font-weight: 400;\">sia degna di questo nome.<\/span><\/p>\n<p><span style=\"font-weight: 400;\">Realizzano effettivamente un live coinvolgente e a livello di esecuzione sono impeccabili. Il leader della band interagisce col pubblico promulgando messaggi di accettazione di tutti gli orientamenti sessuali e chiedendo ai fan di ridurre l\u2019uso dei social durante i concerti. Dopo questa richiesta non ho visto neanche un cellulare riprendere il palco, cosa che ho apprezzato, ma mi sono messa a\u00a0 ridere quando, appena la band ha iniziato a strimpellare <\/span><i><span style=\"font-weight: 400;\">Torna a casa<\/span><\/i><span style=\"font-weight: 400;\">, sotto palco sono apparsi pi\u00f9 schermi accesi che persone sobrie.<\/span><\/p>\n<p><span style=\"font-weight: 400;\">Per il loro talento e l\u2019evidente lavoro di preparazione non possono mancare i complimenti: non \u00e8 da tutti raggiungere il loro livello di qualit\u00e0.\u00a0<\/span><\/p>\n<p><span style=\"font-weight: 400;\">Per\u00f2&#8230; c\u2019\u00e8 un per\u00f2.\u00a0<\/span><\/p>\n<p><span style=\"font-weight: 400;\">Per\u00f2, cari <\/span><span style=\"font-weight: 400;\">M\u00e5neskin<\/span><span style=\"font-weight: 400;\">, io capisco che siate nati da poco e che quindi, giustamente, non abbiate al momento un gran repertorio dal quale attingere\u2026 ma non pensavo che per sopperire a ci\u00f2 vi sareste trasformati in una cover band. Ho assistito a concerti di gruppi emergenti, il cui primo album era uscito da tre mesi, che in un\u2019ora di concerto hanno suonato un numero decisamente pi\u00f9 consistente di pezzi propri. Questa cosa mi ha fatto un po\u2019 storcere il naso, pi\u00f9 che altro perch\u00e8 le cover erano belle s\u00ec, ma i pezzi in s\u00e9 non ne uscivano arricchiti e non mi hanno entusiasmato. Cosa che, a mio parere, \u00e8 fondamentale nel momento in cui su un grande palco si portano i brani di altri artisti.<\/span><\/p>\n<p><span style=\"font-weight: 400;\">Concludono il concerto senza mostrarsi presuntuosi o vanesi, ne sono stata piacevolmente colpita.\u00a0<\/span><\/p>\n<p>&nbsp;<\/p>\n<p><span style=\"font-weight: 400;\">Dopo quelli che mi sono sembrati dodici anni nel deserto, ma erano solo 20 minuti di sauna da concerto, sale sul palco <\/span><b>Salmo<\/b><span style=\"font-weight: 400;\">. Questo accade nel momento esatto in cui, spinta dal culmine della disidratazione, mi fiondo al servizio bar pi\u00f9 vicino, al quale -ovviamente- faceva cassa un personaggio tanto carico quanto ubriaco. Tra uno scontrino e l\u2019altro passano circa dodici ore e i miei miraggi nel mentre non sono dei migliori.\u00a0<\/span><\/p>\n<p><span style=\"font-weight: 400;\">Poi, dopo aver bevuto in 60 secondi quasi un litro d\u2019acqua (o nettare degli Dei, non ne sono sicura), sono finalmente tornata in possesso delle mie facolt\u00e0 mentali, pronta a concentrarmi sul secondo live della serata.\u00a0<\/span><\/p>\n<p><span style=\"font-weight: 400;\">Sensazionale.\u00a0<\/span><\/p>\n<p><span style=\"font-weight: 400;\">Vedo un rapper costretto sulla sedia a rotelle, reduce dall\u2019infortunio di qualche giorno prima avvenuto durante il suo ultimo live al <\/span><i><span style=\"font-weight: 400;\">Bologna Sonic Park<\/span><\/i><span style=\"font-weight: 400;\">. Molti avrebbero annullato il tour, ma Salmo evidentemente non \u00e8 uno dei molti.\u00a0<\/span><\/p>\n<p><span style=\"font-weight: 400;\">Partendo dal presupposto che gi\u00e0 cantare da seduti non \u00e8 una pacchia, immagino quanto possa infastidire un rapper che solitamente sgambetta sul palco dal primo all\u2019ultimo brano. Sar\u00e0 per questo che a met\u00e0 del concerto ha deciso di diventare il Lazzaro della situazione, alzandosi in piedi e iniziando a zompare sulla gamba sana. Evento che ha mandato i fan in brodo di giuggiole, seppur per pochi minuti. Saranno stati sicuramente altrettanto felici i suoi medici.\u00a0<\/span><\/p>\n<p><span style=\"font-weight: 400;\">Lo Xavier del rap non manca un colpo e la sua band lo segue senza tregua. Ci propone i suoi brani migliori, alternando pezzi dell&#8217;ultimo album <\/span><i><span style=\"font-weight: 400;\">Playlist <\/span><\/i><span style=\"font-weight: 400;\">ad altri pi\u00f9 datati. Le immagini alle spalle della band forniscono maggior risalto ai suoi versi accrescendo l&#8217;euforia dei suoi fan, i quali restituiscono al palco la stessa energia trasmessa da Salmo.\u00a0<\/span><\/p>\n<p><span style=\"font-weight: 400;\">\u00c8 dopo il solito <\/span><i><span style=\"font-weight: 400;\">ciao il concerto \u00e8 finito &#8211; non \u00e8 vero voglio solo che urliate il mio nome a gran voce- <\/span><\/i><span style=\"font-weight: 400;\">Salmo e i suoi compagni di tour tornano sul palco, proponendo un susseguirsi inarrestabile di pezzi della <\/span><i><span style=\"font-weight: 400;\">Machete Crew<\/span><\/i><span style=\"font-weight: 400;\">: si conclude cos\u00ec un concerto dinamico ed elettrico.\u00a0<\/span><\/p>\n<p><span style=\"font-weight: 400;\">Quel che vedo \u00e8 un Salmo instancabile, che ricorda con orgoglio il suo precedente concerto a Barolo: &#8220;ne sono cambiate di cose dal 2014&#8221;.\u00a0<\/span><\/p>\n<p>&nbsp;<\/p>\n","protected":false},"excerpt":{"rendered":"<div class=\"mh-excerpt\"><p>A cura di\u00a0Michela Guerrera &nbsp; \u00c8 il 6 luglio, mi trovo al Collisioni Festival di Barolo per il doppio concerto di Salmo e dei M\u00e5neskin. <a class=\"mh-excerpt-more\" href=\"https:\/\/www.piuomenopop.it\/index.php\/2019\/07\/09\/collisioni-festival-salmo-e-maneskin-a-confronto\/\" title=\"Collisioni Festival: Salmo e Maneskin a confronto\">[&#8230;]<\/a><\/p>\n<\/div>","protected":false},"author":2,"featured_media":51383,"comment_status":"closed","ping_status":"closed","sticky":false,"template":"","format":"standard","meta":{"sfsi_plus_gutenberg_text_before_share":"","sfsi_plus_gutenberg_show_text_before_share":"","sfsi_plus_gutenberg_icon_type":"","sfsi_plus_gutenberg_icon_alignemt":"","sfsi_plus_gutenburg_max_per_row":"","footnotes":"","_links_to":"","_links_to_target":""},"categories":[5],"tags":[9565,8687,3536],"class_list":["post-51382","post","type-post","status-publish","format-standard","has-post-thumbnail","hentry","category-report","tag-collisioni-festival","tag-maneskin","tag-salmo"],"aioseo_notices":[],"_links":{"self":[{"href":"https:\/\/www.piuomenopop.it\/index.php\/wp-json\/wp\/v2\/posts\/51382","targetHints":{"allow":["GET"]}}],"collection":[{"href":"https:\/\/www.piuomenopop.it\/index.php\/wp-json\/wp\/v2\/posts"}],"about":[{"href":"https:\/\/www.piuomenopop.it\/index.php\/wp-json\/wp\/v2\/types\/post"}],"author":[{"embeddable":true,"href":"https:\/\/www.piuomenopop.it\/index.php\/wp-json\/wp\/v2\/users\/2"}],"replies":[{"embeddable":true,"href":"https:\/\/www.piuomenopop.it\/index.php\/wp-json\/wp\/v2\/comments?post=51382"}],"version-history":[{"count":1,"href":"https:\/\/www.piuomenopop.it\/index.php\/wp-json\/wp\/v2\/posts\/51382\/revisions"}],"predecessor-version":[{"id":51384,"href":"https:\/\/www.piuomenopop.it\/index.php\/wp-json\/wp\/v2\/posts\/51382\/revisions\/51384"}],"wp:featuredmedia":[{"embeddable":true,"href":"https:\/\/www.piuomenopop.it\/index.php\/wp-json\/wp\/v2\/media\/51383"}],"wp:attachment":[{"href":"https:\/\/www.piuomenopop.it\/index.php\/wp-json\/wp\/v2\/media?parent=51382"}],"wp:term":[{"taxonomy":"category","embeddable":true,"href":"https:\/\/www.piuomenopop.it\/index.php\/wp-json\/wp\/v2\/categories?post=51382"},{"taxonomy":"post_tag","embeddable":true,"href":"https:\/\/www.piuomenopop.it\/index.php\/wp-json\/wp\/v2\/tags?post=51382"}],"curies":[{"name":"wp","href":"https:\/\/api.w.org\/{rel}","templated":true}]}}