{"id":52753,"date":"2019-08-03T13:58:42","date_gmt":"2019-08-03T11:58:42","guid":{"rendered":"http:\/\/www.piuomenopop.it\/?p=52753"},"modified":"2019-08-03T13:58:42","modified_gmt":"2019-08-03T11:58:42","slug":"color-fest-sei-bella-davvero-intervista-a-mirko-perri","status":"publish","type":"post","link":"https:\/\/www.piuomenopop.it\/index.php\/2019\/08\/03\/color-fest-sei-bella-davvero-intervista-a-mirko-perri\/","title":{"rendered":"Color Fest &#8220;sei bella davvero&#8221;: intervista a Mirko Perri"},"content":{"rendered":"<p>&nbsp;<\/p>\n<p>Ci siamo, oggi e domani si accendono le luci del <a href=\"https:\/\/www.facebook.com\/colorfestlamezia\/\" target=\"_blank\" rel=\"noopener noreferrer\">Color Fest ,<\/a>un appuntamento diventato ormai imperdibile per tutti gli appassionati della buona musica, uno dei festival musicali pi\u00f9 importanti d&#8217;Italia.<\/p>\n<p>Giunto ormai alla sua settima edizione \u00e8 infatti preso d&#8217;assalto non solo dai calabresi ma da giovani che arrivano da ogni parte dello Stivale per ascoltare ottima musica e vivere esperienze ed emozioni indimenticabili.<\/p>\n<p>Chi meglio dell&#8217;organizzatore, <a href=\"https:\/\/www.facebook.com\/mirko.perri.3\" target=\"_blank\" rel=\"noopener noreferrer\">Mirko Perri,<\/a> avrebbe potuto raccontarci meglio i &#8220;segreti&#8221; del successo del festival e i suoi retroscena?<\/p>\n<p>L&#8217;intervista che segue \u00e8 a cura di <a href=\"https:\/\/www.facebook.com\/renata.rossi.39\" target=\"_blank\" rel=\"noopener noreferrer\">Renata Rossi<\/a>.<\/p>\n<p>&nbsp;<\/p>\n<p>&nbsp;<\/p>\n<p><strong>E cos\u00ec siamo giunti alla settima edizione del Color fest, uno dei festival musicali tra i pi\u00f9 attesi e acclamati del sud Italia. Io vorrei partire dall&#8217;inizio, da come \u00e8 nata l&#8217;idea di voler scommetere sulla nostra terra, la Calabria per promuovere un Festival musicale&#8230;<\/strong><\/p>\n<p>Fino a dieci anni fa la Calabria era un territorio decisamente pi\u00f9 complicato a livello musicale rispetto ad ora. Tutto \u00e8 partito dalla nostra volont\u00e0 di giovani ascoltatori, stanchi di dover per forza partire e spostarsi per vedere un concerto. Siamo tra quelli che hanno deciso di rimanere in Calabria e per farlo devi necessariamente avere in testa come obiettivo quello di cambiare qualcosa. Color Fest \u00e8 il nostro contributo, il progetto che abbiamo costruito e che coltiviamo in una regione complicata ma che amiamo in modo incredibile. Inizialmente era una piccola rassegna itinerante, la prima edizione era strutturata in un solo giorno e ci furono 200 persone, ad oggi invece, con l\u2019ultima edizione passata, abbiamo raggiunto traguardi importanti.<\/p>\n<p>&nbsp;<\/p>\n<p><strong>Non \u00a0 tutti conoscono la bellezza del Parco naturale La Giurranda di Platania (CZ) immerso nel verde delle montagne ma vicinissimo al mare. Credo che la suggestione del luogo in cui si svolge un evento come questo non possa far altro che aggiungere bellezza alla rassegna artistica e musicale quest&#8217;anno pi\u00f9 che mai ricca, cosa ne pensi?<\/strong><\/p>\n<p>La Calabria \u00e8 una regione che \u00e8 bella davvero, nonostante non risulti sempre tale. Il nostro festival si svolge in montagna e a 15 minuti dal mare, \u00e8 una cornice splendida. Cogliamo l\u2019occasione per mostrare anche le bellezze del territorio. Il Color Fest vuole essere sempre pi\u00f9 un festival di tipo esperenziale. Non soltanto dei live di ottime band, ma presentazioni, reading , escursioni, food experience. Equidistante fra mare e montagna, gli spettatori avranno infatti la possibilit\u00e0 di campeggiare sul mare, godersi la musica al fresco della collina e passeggiare sul Monte Reventino.<\/p>\n<p>&nbsp;<\/p>\n<p><strong>La crescita musicale del Color negli anni \u00e8 dovuta sicuramente al voler puntare sulla qualit\u00e0 dell&#8217;offerta indipendentemente dal genere musicale. Sia nella serata di sabato che in quella di domenica, il giovane vicino alla musica indie trover\u00e0 sul palco anche artisti che hanno reso grande il rock negli anni &#8217;90 oltre a gruppi emergenti, un vero arricchimento culturale&#8230;<\/strong><strong>\u00a0<\/strong><\/p>\n<p>Volevo che questa edizione mettesse insieme diverse sonorit\u00e0 e riuscisse a far diventare realt\u00e0 un mio sogno personale che \u00e8 quello di vedere genitori e figli insieme al festival. Quindi ci saranno giovani emergenti e pezzi di storia dell\u2019indie, in questa edizione avremo qualche chitarrone in pi\u00f9 rispetto alla precedente. Ci sar\u00e0 poi spazio per stupire con l\u2019arrivo di Myss Keta e godere del live di band che hanno fatto la storia della musica italiana negli ultimi decenni come i Massimo Volume.<\/p>\n<p>&nbsp;<\/p>\n<p><strong>A proposito di scelte musicali, quanto \u00e8 difficile oggi dover fare una scelta tra proposte diverse e ricche, e come pensi il Color Fest riesca a differenziarsi da altri Festival?<\/strong><\/p>\n<p>Il Color Fest non si esaurisce nella sua edizione estiva ma diluisce i suoi appuntamenti in tutto l\u2019anno. Facciamo scouting, abbiamo occhi e orecchie sempre pronti ad ascoltare quello che di buono musicalmente parlando si muove in Italia, senza per\u00f2 essere schiacciati da fenomeni del momento, ma tenendo alta l&#8217;asticella della qualit\u00e0 artistica che travalica i generi.<br \/>\nLa particolarit\u00e0 sta certamente nel luoghi, nell&#8217;esperienza culturale e turistica che il Festival offre e nell&#8217;idea di un appuntamento che renda possibile uno scambio generazionale vero, un festival che genitori e figli possono seguire insieme abbattendo ogni barriera anagrafica.<\/p>\n<p>&nbsp;<\/p>\n<p><strong>Anche quest&#8217;anno non solo musica al Color, ma escursioni e avventura insieme ad esposizioni manufatturiere e artistiche, stand e tanto altro. Puoi raccontarci qualcosa?<\/strong><\/p>\n<p>Il Color vuole essere in questo 2019 un festival di tipo esperenziale. Equidistante fra mare e montagna, chi parteciper\u00e0 quest\u2019anno avr\u00e0 la possibilit\u00e0 di campeggiare sul mare, godersi la musica al fresco della collina e passeggiare sul Monte Reventino: una caratteristica rara se pensiamo che tutto questo \u00e8 a soli 15 minuti di distanza. Musica &amp; natura sono il connubio perfetto che cercheremo di ricreare in questa settima edizione. Ci saranno escursioni a cura di Discovering Reventino, una area expo che racchiude un nutrito creative market coordinato da vintage Star, un partneriato con Cromosomi e una serie di giovanissimi illustratori che dal vivo dialogheranno artisticamente con le band, la presenza di brand calabresi storici come il Lanificio Leo e tantissime altre novit\u00e0 da scoprire.<\/p>\n<p>&nbsp;<\/p>\n<p><strong>Dove vuole arrivare Color fest? Quali sono i vostri progetti per il futuro? In &#8220;Sei bella davvero&#8221; trovo anche un invito per noi calabresi ad apprezzare la bellezza della propria terra, e cos\u00ec? Credi sia ancora possibile riuscire a lottare affinch\u00e9 senza andare troppo lontano ciascuno possa realizzarsi in Calabria?<\/strong><\/p>\n<p>Il festival dopo sette edizioni \u00e8 diventato certamente riferimento al Sud per la nuova musica italiana. La Calabria sta crescendo molto negli ultimi anni, ma ancora pu\u00f2 fare tanto. La cosa bella \u00e8 che le giovani generazioni stanno trainando la regione grazie ad iniziative serie e di importanza nazionale in vari ambiti artistici. Vedo un futuro interessante. L\u2019ambizione \u00e8 quella di arricchire di sempre maggiore qualit\u00e0 l\u2019offerta musicale e diventare un punto di riferimento in Calabria per tutti i ragazzi che si cimenteranno con nuovi progetti culturali. Mi piacerebbe che guardando al Color, possano pensare che sia possibile restare e realizzare ci\u00f2 che credono impossibile.<\/p>\n<p>&nbsp;<\/p>\n<p>&nbsp;<\/p>\n<p><a href=\"https:\/\/www.piuomenopop.it\/?s=color+fest\" target=\"_blank\" rel=\"noopener noreferrer\">Leggi i nostri articoli e guarda le foto delle passate edizioni del COLOR FEST<\/a><\/p>\n<p>&nbsp;<\/p>\n<p>&nbsp;<\/p>\n<p>&nbsp;<\/p>\n","protected":false},"excerpt":{"rendered":"<div class=\"mh-excerpt\"><p>&nbsp; Ci siamo, oggi e domani si accendono le luci del Color Fest ,un appuntamento diventato ormai imperdibile per tutti gli appassionati della buona musica, <a class=\"mh-excerpt-more\" href=\"https:\/\/www.piuomenopop.it\/index.php\/2019\/08\/03\/color-fest-sei-bella-davvero-intervista-a-mirko-perri\/\" title=\"Color Fest &#8220;sei bella davvero&#8221;: intervista a Mirko Perri\">[&#8230;]<\/a><\/p>\n<\/div>","protected":false},"author":1,"featured_media":47469,"comment_status":"closed","ping_status":"closed","sticky":false,"template":"","format":"standard","meta":{"sfsi_plus_gutenberg_text_before_share":"","sfsi_plus_gutenberg_show_text_before_share":"","sfsi_plus_gutenberg_icon_type":"","sfsi_plus_gutenberg_icon_alignemt":"","sfsi_plus_gutenburg_max_per_row":"","footnotes":"","_links_to":"","_links_to_target":""},"categories":[4,1],"tags":[565,9554,10281,10280,2219],"class_list":["post-52753","post","type-post","status-publish","format-standard","has-post-thumbnail","hentry","category-interviste","category-senza-categoria","tag-color-fest","tag-color-fest-2019","tag-la-giurranda","tag-mirko-perri","tag-renata-rossi"],"aioseo_notices":[],"_links":{"self":[{"href":"https:\/\/www.piuomenopop.it\/index.php\/wp-json\/wp\/v2\/posts\/52753","targetHints":{"allow":["GET"]}}],"collection":[{"href":"https:\/\/www.piuomenopop.it\/index.php\/wp-json\/wp\/v2\/posts"}],"about":[{"href":"https:\/\/www.piuomenopop.it\/index.php\/wp-json\/wp\/v2\/types\/post"}],"author":[{"embeddable":true,"href":"https:\/\/www.piuomenopop.it\/index.php\/wp-json\/wp\/v2\/users\/1"}],"replies":[{"embeddable":true,"href":"https:\/\/www.piuomenopop.it\/index.php\/wp-json\/wp\/v2\/comments?post=52753"}],"version-history":[{"count":6,"href":"https:\/\/www.piuomenopop.it\/index.php\/wp-json\/wp\/v2\/posts\/52753\/revisions"}],"predecessor-version":[{"id":53297,"href":"https:\/\/www.piuomenopop.it\/index.php\/wp-json\/wp\/v2\/posts\/52753\/revisions\/53297"}],"wp:featuredmedia":[{"embeddable":true,"href":"https:\/\/www.piuomenopop.it\/index.php\/wp-json\/wp\/v2\/media\/47469"}],"wp:attachment":[{"href":"https:\/\/www.piuomenopop.it\/index.php\/wp-json\/wp\/v2\/media?parent=52753"}],"wp:term":[{"taxonomy":"category","embeddable":true,"href":"https:\/\/www.piuomenopop.it\/index.php\/wp-json\/wp\/v2\/categories?post=52753"},{"taxonomy":"post_tag","embeddable":true,"href":"https:\/\/www.piuomenopop.it\/index.php\/wp-json\/wp\/v2\/tags?post=52753"}],"curies":[{"name":"wp","href":"https:\/\/api.w.org\/{rel}","templated":true}]}}