{"id":53737,"date":"2019-08-11T12:58:24","date_gmt":"2019-08-11T10:58:24","guid":{"rendered":"http:\/\/www.piuomenopop.it\/?p=53737"},"modified":"2019-08-11T13:00:20","modified_gmt":"2019-08-11T11:00:20","slug":"sta-per-arrivare-emigration-song-22-edizione","status":"publish","type":"post","link":"https:\/\/www.piuomenopop.it\/index.php\/2019\/08\/11\/sta-per-arrivare-emigration-song-22-edizione\/","title":{"rendered":"Sta per arrivare &#8220;Emigration Song&#8221; 22\u00b0 edizione"},"content":{"rendered":"<p dir=\"ltr\" style=\"text-align: center;\"><b>\u00a0<a href=\"https:\/\/www.facebook.com\/events\/480038999235270\/\" target=\"_blank\" rel=\"noopener noreferrer\">Emigration Song<\/a><\/b><\/p>\n<p dir=\"ltr\" style=\"text-align: center;\"><b>22\u00b0 edizione<\/b><\/p>\n<p dir=\"ltr\" style=\"text-align: center;\"><b>\u00a013 agosto<\/b><\/p>\n<p dir=\"ltr\" style=\"text-align: center;\"><b>Santa Sofia D\u2019Epiro (CS)<\/b><\/p>\n<p dir=\"ltr\" style=\"text-align: center;\"><strong><a href=\"https:\/\/www.facebook.com\/SudSoundSystemOfficial\/\">SUD SOUND SYSTEM<\/a>\u00a0\u00a0<\/strong><\/p>\n<p dir=\"ltr\">\n<p dir=\"ltr\">Torna\u00a0<a href=\"http:\/\/www.facebook.com\/emigrationsongfestival\" target=\"_blank\" rel=\"noopener noreferrer\">Emigration Song<\/a>, uno dei festival pi\u00f9 longevi della Calabria che taglia quest\u2019anno il traguardo della 22\u00b0 edizione nel bellissimo paese <em>arb\u00ebresh\u00eb<\/em>\u00a0di Santa Sofia d\u2019Epiro.<\/p>\n<p dir=\"ltr\">Appuntamento imperdibile dell\u2019estate calabrese, la kermesse \u00e8 promossa dall\u2019Associazione culturale \u201c<strong>Radio Epiro<\/strong>\u201d, storica realt\u00e0 culturale che dai primi anni \u201890, ha notevolmente contribuito con la sua costante attivit\u00e0 sul territorio a tutelare e valorizzare l\u2019incontro tra culture diverse, partendo dall\u2019 esperienza integrativa dei paesi italo-albanesi e contribuendo con ci\u00f2 alla cura ed alla tutela della cultura, delle tradizioni e della lingua arb\u00ebresh\u00eb di cui Santa Sofia d\u2019Epiro fa parte.<\/p>\n<p dir=\"ltr\">Come ogni anno la mission del festival \u00e8 la contaminazione: fra la cultura nativa arb\u00ebresh\u00eb del piccolo centro che ospita da oltre un ventennio l\u2019appuntamento e le diverse culture del mondo, attraverso tutte le forme di arte: musica, teatro, fumetto, la cui qualit\u00e0 culturale e sociale sia fortemente riconosciuta e riconoscibile.<\/p>\n<p dir=\"ltr\" style=\"text-align: center;\">Quest&#8217;anno ospiti del Festival saranno i <strong><a href=\"https:\/\/www.facebook.com\/SudSoundSystemOfficial\/\">SUD SOUND SYSTEM<\/a>\u00a0\u00a0<\/strong><\/p>\n<p dir=\"ltr\">\n<p dir=\"ltr\"><a href=\"http:\/\/www.piuomenopop.it\/wp-content\/uploads\/2018\/08\/eman-16.jpg\"><img loading=\"lazy\" decoding=\"async\" class=\"alignnone size-full wp-image-36647\" src=\"http:\/\/www.piuomenopop.it\/wp-content\/uploads\/2018\/08\/eman-16.jpg\" alt=\"\" width=\"1200\" height=\"800\" srcset=\"https:\/\/www.piuomenopop.it\/wp-content\/uploads\/2018\/08\/eman-16.jpg 1200w, https:\/\/www.piuomenopop.it\/wp-content\/uploads\/2018\/08\/eman-16-300x200.jpg 300w, https:\/\/www.piuomenopop.it\/wp-content\/uploads\/2018\/08\/eman-16-768x512.jpg 768w, https:\/\/www.piuomenopop.it\/wp-content\/uploads\/2018\/08\/eman-16-1024x683.jpg 1024w\" sizes=\"auto, (max-width: 1200px) 100vw, 1200px\" \/><\/a><\/p>\n<p dir=\"ltr\">\n<p dir=\"ltr\">Leggi tutti i <a href=\"http:\/\/www.piuomenopop.it\/?s=emigration+song\" target=\"_blank\" rel=\"noopener noreferrer\">nostri articoli su Emigration Song<\/a><\/p>\n","protected":false},"excerpt":{"rendered":"<div class=\"mh-excerpt\"><p>\u00a0Emigration Song 22\u00b0 edizione \u00a013 agosto Santa Sofia D\u2019Epiro (CS) SUD SOUND SYSTEM\u00a0\u00a0 Torna\u00a0Emigration Song, uno dei festival pi\u00f9 longevi della Calabria che taglia quest\u2019anno <a class=\"mh-excerpt-more\" href=\"https:\/\/www.piuomenopop.it\/index.php\/2019\/08\/11\/sta-per-arrivare-emigration-song-22-edizione\/\" title=\"Sta per arrivare &#8220;Emigration Song&#8221; 22\u00b0 edizione\">[&#8230;]<\/a><\/p>\n<\/div>","protected":false},"author":2,"featured_media":53738,"comment_status":"closed","ping_status":"closed","sticky":false,"template":"","format":"standard","meta":{"sfsi_plus_gutenberg_text_before_share":"","sfsi_plus_gutenberg_show_text_before_share":"","sfsi_plus_gutenberg_icon_type":"","sfsi_plus_gutenberg_icon_alignemt":"","sfsi_plus_gutenburg_max_per_row":"","footnotes":"","_links_to":"","_links_to_target":""},"categories":[5184,730,3],"tags":[3772,7002,4026],"class_list":["post-53737","post","type-post","status-publish","format-standard","has-post-thumbnail","hentry","category-calendario-concerti","category-festival","category-news","tag-emigration-song","tag-radio-epiro","tag-sud-sound-system"],"aioseo_notices":[],"_links":{"self":[{"href":"https:\/\/www.piuomenopop.it\/index.php\/wp-json\/wp\/v2\/posts\/53737","targetHints":{"allow":["GET"]}}],"collection":[{"href":"https:\/\/www.piuomenopop.it\/index.php\/wp-json\/wp\/v2\/posts"}],"about":[{"href":"https:\/\/www.piuomenopop.it\/index.php\/wp-json\/wp\/v2\/types\/post"}],"author":[{"embeddable":true,"href":"https:\/\/www.piuomenopop.it\/index.php\/wp-json\/wp\/v2\/users\/2"}],"replies":[{"embeddable":true,"href":"https:\/\/www.piuomenopop.it\/index.php\/wp-json\/wp\/v2\/comments?post=53737"}],"version-history":[{"count":3,"href":"https:\/\/www.piuomenopop.it\/index.php\/wp-json\/wp\/v2\/posts\/53737\/revisions"}],"predecessor-version":[{"id":53741,"href":"https:\/\/www.piuomenopop.it\/index.php\/wp-json\/wp\/v2\/posts\/53737\/revisions\/53741"}],"wp:featuredmedia":[{"embeddable":true,"href":"https:\/\/www.piuomenopop.it\/index.php\/wp-json\/wp\/v2\/media\/53738"}],"wp:attachment":[{"href":"https:\/\/www.piuomenopop.it\/index.php\/wp-json\/wp\/v2\/media?parent=53737"}],"wp:term":[{"taxonomy":"category","embeddable":true,"href":"https:\/\/www.piuomenopop.it\/index.php\/wp-json\/wp\/v2\/categories?post=53737"},{"taxonomy":"post_tag","embeddable":true,"href":"https:\/\/www.piuomenopop.it\/index.php\/wp-json\/wp\/v2\/tags?post=53737"}],"curies":[{"name":"wp","href":"https:\/\/api.w.org\/{rel}","templated":true}]}}