{"id":54381,"date":"2019-08-20T08:27:36","date_gmt":"2019-08-20T06:27:36","guid":{"rendered":"http:\/\/www.piuomenopop.it\/?p=54381"},"modified":"2019-08-20T08:27:36","modified_gmt":"2019-08-20T06:27:36","slug":"ginevra-di-marco-cristina-dona-venerdi-23-agosto-in-concerto-a-na-cosetta-estiva-per-presentare-il-nuovo-album","status":"publish","type":"post","link":"https:\/\/www.piuomenopop.it\/index.php\/2019\/08\/20\/ginevra-di-marco-cristina-dona-venerdi-23-agosto-in-concerto-a-na-cosetta-estiva-per-presentare-il-nuovo-album\/","title":{"rendered":"&#8220;Ginevra Di Marco &#038; Cristina Don\u00e0\u201d: venerd\u00ec 23 agosto in concerto a &#8216;Na cosetta estiva per presentare il nuovo album"},"content":{"rendered":"<p class=\"m_7896570094063897571Normal0\" align=\"center\"><strong>GINEVRA DI MARCO &amp; CRISTINA DONA\u2019<\/strong><\/p>\n<p class=\"m_7896570094063897571m_1170415773569336958m_-36137472099887443m_3344195638275158714m_5210912657801427647Normal0\" align=\"center\"><strong>\u00a0Il tour insieme<\/strong><\/p>\n<p class=\"m_7896570094063897571m_1170415773569336958m_-36137472099887443m_3344195638275158714m_5210912657801427647Normal0\" align=\"center\"><strong>venerd\u00ec 23 agosto le due artiste arrivano a Roma A &#8216;Na cosetta estiva per presentare il loro nuovo disco (<a href=\"http:\/\/www.piuomenopop.it\/index.php\/2019\/06\/28\/cosi-vicine-lattesissimo-disco-di-ginevra-di-marco-e-cristina-dona\/\" target=\"_blank\" rel=\"noopener noreferrer\">leggi la recensione<\/a>)<\/strong><\/p>\n<p align=\"center\">\n<p class=\"m_7896570094063897571m_1170415773569336958m_-36137472099887443m_3344195638275158714m_5210912657801427647normal\"><strong><span style=\"font-family: book antiqua, palatino;\">Arriva venerd\u00ec 23\u00a0 agosto al &#8216;Na cosetta estiva il primo tour congiunto di Ginevra Di Marco e Cristina Don\u00e0,<\/span>\u00a0due delle voci pi\u00f9 carismatiche e influenti della musica italiana.\u00a0( ore 21, Via del mandrione 63).<br \/>\n<\/strong><\/p>\n<p class=\"m_7896570094063897571m_1170415773569336958m_-36137472099887443m_3344195638275158714m_5210912657801427647normal\"><strong>Dopo essersi esibite insieme per alcuni concerti la scorsa estate, le due autrici che hanno contribuito a plasmare la materia rock e cantautorale in Italia, hanno deciso di intraprendere un cammino insieme e di suggellare la loro comunione artistica un album a doppia firma, che presenteranno nelle maggiori citt\u00e0 e nei festival pi\u00f9 prestigiosi del nostro paese.\u00a0<\/strong><\/p>\n<p class=\"m_7896570094063897571m_1170415773569336958m_-36137472099887443m_3344195638275158714m_5210912657801427647normal\">Forti delle rispettive carriere costellate di Targhe Tenco e di grandi canzoni, Ginevra e Cristina hanno realizzato un&#8217;opera omonima che ripercorre alcune tappe dei loro percorsi musicali e ne fissa di nuove.<\/p>\n<p class=\"m_7896570094063897571normal\">\u00a0<em>\u201cSiamo partite con l\u2019idea di fare qualche concerto insieme convinte che condividere il palco sarebbe stato abbastanza, e cos\u00ec per cominciare abbiamo fatto due concerti durante la scorsa estate. Ma quei concerti sono stati magici, pi\u00f9 belli di quanto potessimo immaginare. Da l\u00ec la spinta ad andare oltre, e la decisione di \u201cfermare\u201d questa comunione artistica e umana con un intero tour e un disco.\u201d<\/em><\/p>\n<p class=\"m_7896570094063897571normal\">Alla base del disco c&#8217;\u00e8 in primis un&#8217;amicizia atavica: Cristina Don\u00e0 vide per la prima volta Ginevra Di Marco a un concerto del tour di \u201cIn quiete\u201d dei C.S.I., ammirandone la voce straordinaria, la presenza sul palco e quella femminilit\u00e0\u00a0<em>\u201cche credeva di non avere\u201d<\/em>. A distanza di poco tempo, agli albori della sua carriera, la Don\u00e0 si esib\u00ec da sola con la sua chitarra in apertura proprio alla band emiliana, per il tour di \u201cTabula Rasa Elettrificata\u201d, folgorando Ginevra (e l\u2019intero Consorzio dei suonatori) per la sua voce vellutata, capace di squarciare mondi emotivi nuovi. Da l\u00ec, le due artiste hanno stretto un rapporto di stima e amicizia vera che con questo album si estrinseca con grazia e carattere.<\/p>\n<p class=\"m_7896570094063897571normal\">\u00a0Nel cuore di questa inedita collaborazione c&#8217;\u00e8 la volont\u00e0 di\u00a0<em>\u201ccondensare in una manciata di canzoni il nostro vissuto, ovvero il passato che ci ha nutrito e fatto incontrare, e il presente, affinch\u00e9 la fotografia di questo disco fosse pi\u00f9 ricca e rispettosa possibile di un sentire comune. Per questo, oltre a mescolare le nostre voci su brani che fanno parte dei rispettivi repertori, abbiamo deciso di scrivere nuove canzoni per rappresentare l\u2019essere qui oggi, scoprendo una passione comune,<\/em><em>\u00a0<\/em><em>il camminare<\/em><em>,\u00a0<\/em><em>divenuto il tema di fondo del disco<\/em><em>.\u00a0<\/em><em>Da l\u00ec siamo partite per raccontare in musica il senso del cammino: cammino come gesto quotidiano, come scoperta di s\u00e9 nella natura, come risorsa ma anche come metafora, come osservazione del cammino altrui che spesso \u00e8 fatica e sofferenza, il cammino di chi cerca una realt\u00e0 migliore per sopravvivere, il cammino dell\u2019essere madri. Camminare come spinta propulsiva verso la vita, la curiosit\u00e0, il viaggio, la conoscenza, il tentativo di renderci, in ogni esperienza, persone migliori.<\/em><\/p>\n<p class=\"m_7896570094063897571normal\">Da una parte il cammino delle due artiste si distende sulle orme delle loro radici, con la reinterpretazione di alcuni brani dei rispettivi repertori riarrangiati per questa speciale occasione. Dall&#8217;altra, Di Marco e Don\u00e0 procedono nel presente con una sensibilit\u00e0 tutta femminile che diventa lente d&#8217;ingrandimento e strumento d&#8217;indagine per raccontare le questioni della nostra contemporaneit\u00e0, contemplandone le meraviglie o disegnandone le contraddizioni con pennellate dolciamare. Dal grande fenomeno delle migrazioni di\u00a0<em>Confine<\/em>\u00a0all\u2019incitamento al coraggio ad andare avanti rivolto al mondo femminile &#8211; oggi sempre pi\u00f9 in difficolt\u00e0 &#8211; di\u00a0<em>Un passo alla volta,\u00a0<\/em>alla celebrazione del\u00a0<em>Camminare<\/em>\u00a0come pratica per ritrovare se stessi,<em>\u00a0<\/em>i tre brani inediti del disco fotografano il nostro tempo e si soffermano su nuovi orizzonti.<\/p>\n<p>Abili padrone di una ricchezza stilistica che permette loro di scegliere per ogni brano i linguaggi sonori pi\u00f9 congeniali, le due artiste hanno scelto di farsi affiancare nella produzione artistica e nella realizzazione musicale dai compagni di sempre: il gruppo stabile di Ginevra, con\u00a0<strong>Francesco Magnelli (piano, magnellophoni), Andrea Salvadori (chitarra, tzouras) e Luca Ragazzo (batteria), con l\u2019aggiunta del produttore e co-autore degli ultimi dischi di Cristina, Saverio Lanza (chitarra, basso)<\/strong>.\u00a0<strong>Fra gli autori dei testi dell&#8217;album &#8211; realizzato grazie a una fortunata campagna di crowdfunding &#8211; figura anche Francesco Gazz\u00e8, che ha donato a Ginevra e Cristina le parole di<em>Confine<\/em>.<\/strong><\/p>\n<p><strong>Con questo lavoro Ginevra e Cristina hanno vinto il Premio Speciale Mei 2019, riconoscimento che gli verr\u00e0 consegnato il 5 ottobre al Teatro Masini di Faenza.<\/strong><\/p>\n<p class=\"m_7896570094063897571normal\">In concerto i diversi stili di Cristina e Ginevra si intrecciano in maniera armoniosa in un\u2019unica, affascinante dimensione. Sul palco i reciproci sguardi ne svelano l\u2019intesa, la\u00a0 naturalezza e la loro potenza espressiva contagiando il pubblico che si emoziona, sorride, riflette e applaude.\u00a0<strong><br \/>\n<\/strong><\/p>\n<p class=\"m_7896570094063897571normal\"><strong>\u00a0Info:\u00a0<\/strong><\/p>\n<p><strong>23 agosto\u00a0<\/strong><\/p>\n<p>evento FB:\u00a0\u00a0<a href=\"https:\/\/app.mailvox.it\/nl\/pvwqdx\/xudycx\/wx1ggd7\/uf\/1\/aHR0cHM6Ly93d3cuZmFjZWJvb2suY29tL2V2ZW50cy8yMzMwMTYxMDIzNzI5ODUwLw?_d=47I&amp;_c=40f6d7da\" target=\"_blank\" rel=\"noopener noreferrer\" data-saferedirecturl=\"https:\/\/www.google.com\/url?q=https:\/\/app.mailvox.it\/nl\/pvwqdx\/xudycx\/wx1ggd7\/uf\/1\/aHR0cHM6Ly93d3cuZmFjZWJvb2suY29tL2V2ZW50cy8yMzMwMTYxMDIzNzI5ODUwLw?_d%3D47I%26_c%3D40f6d7da&amp;source=gmail&amp;ust=1566366127817000&amp;usg=AFQjCNFHta1a6BY_ki6Re23XWPAEPvVD4A\">https:\/\/www.facebook.com\/<wbr \/>events\/2330161023729850\/<\/a><a href=\"https:\/\/app.mailvox.it\/nl\/pvwqdx\/xudycx\/wx1ggd7\/uf\/2\/aHR0cDovL2JpdC5seS9ET05BRElNQVJDT19QZXJ1Z2lh?_d=47I&amp;_c=930dbf64\" target=\"_blank\" rel=\"noopener noreferrer\" data-saferedirecturl=\"https:\/\/www.google.com\/url?q=https:\/\/app.mailvox.it\/nl\/pvwqdx\/xudycx\/wx1ggd7\/uf\/2\/aHR0cDovL2JpdC5seS9ET05BRElNQVJDT19QZXJ1Z2lh?_d%3D47I%26_c%3D930dbf64&amp;source=gmail&amp;ust=1566366127817000&amp;usg=AFQjCNF7wB6HGj0rI5yXnW5ETN1e_Yv3Zg\"><br \/>\n<\/a><\/p>\n<p>biglietti al Link:\u00a0<a href=\"https:\/\/app.mailvox.it\/nl\/pvwqdx\/xudycx\/wx1ggd7\/uf\/3\/aHR0cHM6Ly9vb29oLmV2ZW50cy9ldmVudG8vZ2luZXZyYS1kaS1tYXJjby1jcmlzdGluYS1kb25hLW5hY29zZXR0YWVzdGl2YS0yMy1hZ29zdG8vP2ZiY2xpZD1Jd0FSMkRNejJVcko4NkRoSjhORUppcEI3ckkzd1BWcFFuOUZuR2tqcUt1dkFJUmp3RndtRkRLRS0tYnFz?_d=47I&amp;_c=b1ff89ce\" target=\"_blank\" rel=\"noopener noreferrer\" data-saferedirecturl=\"https:\/\/www.google.com\/url?q=https:\/\/app.mailvox.it\/nl\/pvwqdx\/xudycx\/wx1ggd7\/uf\/3\/aHR0cHM6Ly9vb29oLmV2ZW50cy9ldmVudG8vZ2luZXZyYS1kaS1tYXJjby1jcmlzdGluYS1kb25hLW5hY29zZXR0YWVzdGl2YS0yMy1hZ29zdG8vP2ZiY2xpZD1Jd0FSMkRNejJVcko4NkRoSjhORUppcEI3ckkzd1BWcFFuOUZuR2tqcUt1dkFJUmp3RndtRkRLRS0tYnFz?_d%3D47I%26_c%3Db1ff89ce&amp;source=gmail&amp;ust=1566366127817000&amp;usg=AFQjCNGpq3Vi4ed0jDlAX396izDVQqVaTA\">https:\/\/oooh.events\/<wbr \/>evento\/ginevra-di-marco-<wbr \/>cristina-dona-nacosettaestiva-<wbr \/>23-agosto\/?fbclid=<wbr \/>IwAR2DMz2UrJ86DhJ8NEJipB7rI3wP<wbr \/>VpQn9FnGkjqKuvAIRjwFwmFDKE&#8211;<wbr \/>bqs<\/a><\/p>\n","protected":false},"excerpt":{"rendered":"<div class=\"mh-excerpt\"><p>GINEVRA DI MARCO &amp; CRISTINA DONA\u2019 \u00a0Il tour insieme venerd\u00ec 23 agosto le due artiste arrivano a Roma A &#8216;Na cosetta estiva per presentare il <a class=\"mh-excerpt-more\" href=\"https:\/\/www.piuomenopop.it\/index.php\/2019\/08\/20\/ginevra-di-marco-cristina-dona-venerdi-23-agosto-in-concerto-a-na-cosetta-estiva-per-presentare-il-nuovo-album\/\" title=\"&#8220;Ginevra Di Marco &#038; Cristina Don\u00e0\u201d: venerd\u00ec 23 agosto in concerto a &#8216;Na cosetta estiva per presentare il nuovo album\">[&#8230;]<\/a><\/p>\n<\/div>","protected":false},"author":2,"featured_media":50207,"comment_status":"closed","ping_status":"closed","sticky":false,"template":"","format":"standard","meta":{"sfsi_plus_gutenberg_text_before_share":"","sfsi_plus_gutenberg_show_text_before_share":"","sfsi_plus_gutenberg_icon_type":"","sfsi_plus_gutenberg_icon_alignemt":"","sfsi_plus_gutenburg_max_per_row":"","footnotes":"","_links_to":"","_links_to_target":""},"categories":[5184,3],"tags":[9893,10366],"class_list":["post-54381","post","type-post","status-publish","format-standard","has-post-thumbnail","hentry","category-calendario-concerti","category-news","tag-na-cosetta-estiva","tag-ginevra-di-marco-cristina-dona"],"aioseo_notices":[],"_links":{"self":[{"href":"https:\/\/www.piuomenopop.it\/index.php\/wp-json\/wp\/v2\/posts\/54381","targetHints":{"allow":["GET"]}}],"collection":[{"href":"https:\/\/www.piuomenopop.it\/index.php\/wp-json\/wp\/v2\/posts"}],"about":[{"href":"https:\/\/www.piuomenopop.it\/index.php\/wp-json\/wp\/v2\/types\/post"}],"author":[{"embeddable":true,"href":"https:\/\/www.piuomenopop.it\/index.php\/wp-json\/wp\/v2\/users\/2"}],"replies":[{"embeddable":true,"href":"https:\/\/www.piuomenopop.it\/index.php\/wp-json\/wp\/v2\/comments?post=54381"}],"version-history":[{"count":1,"href":"https:\/\/www.piuomenopop.it\/index.php\/wp-json\/wp\/v2\/posts\/54381\/revisions"}],"predecessor-version":[{"id":54412,"href":"https:\/\/www.piuomenopop.it\/index.php\/wp-json\/wp\/v2\/posts\/54381\/revisions\/54412"}],"wp:featuredmedia":[{"embeddable":true,"href":"https:\/\/www.piuomenopop.it\/index.php\/wp-json\/wp\/v2\/media\/50207"}],"wp:attachment":[{"href":"https:\/\/www.piuomenopop.it\/index.php\/wp-json\/wp\/v2\/media?parent=54381"}],"wp:term":[{"taxonomy":"category","embeddable":true,"href":"https:\/\/www.piuomenopop.it\/index.php\/wp-json\/wp\/v2\/categories?post=54381"},{"taxonomy":"post_tag","embeddable":true,"href":"https:\/\/www.piuomenopop.it\/index.php\/wp-json\/wp\/v2\/tags?post=54381"}],"curies":[{"name":"wp","href":"https:\/\/api.w.org\/{rel}","templated":true}]}}