{"id":55390,"date":"2019-08-31T18:17:14","date_gmt":"2019-08-31T16:17:14","guid":{"rendered":"http:\/\/www.piuomenopop.it\/?p=55390"},"modified":"2019-08-31T18:17:14","modified_gmt":"2019-08-31T16:17:14","slug":"dutch-nazari-annuncia-le-ultime-3-date-del-tour-prima-di-tornare-in-studio-padova-roma-e-milano","status":"publish","type":"post","link":"https:\/\/www.piuomenopop.it\/index.php\/2019\/08\/31\/dutch-nazari-annuncia-le-ultime-3-date-del-tour-prima-di-tornare-in-studio-padova-roma-e-milano\/","title":{"rendered":"DUTCH NAZARI annuncia le ultime 3 date del tour, prima di tornare in studio: Padova, Roma e Milano"},"content":{"rendered":"<table class=\"m_4727398290246910117mcnTextBlock\" border=\"0\" width=\"100%\" cellspacing=\"0\" cellpadding=\"0\">\n<tbody class=\"m_4727398290246910117mcnTextBlockOuter\">\n<tr>\n<td class=\"m_4727398290246910117mcnTextBlockInner\" valign=\"top\">\n<table class=\"m_4727398290246910117mcnTextContentContainer\" border=\"0\" width=\"100%\" cellspacing=\"0\" cellpadding=\"0\" align=\"left\">\n<tbody>\n<tr>\n<td class=\"m_4727398290246910117mcnTextContent\" valign=\"top\">\n<div style=\"text-align: center;\"><strong>DUTCH NAZARI<br \/>\nTOUR EUROPEO IN ITALIA &#8211;\u00a0GRAN FINALE<\/strong><\/div>\n<\/td>\n<\/tr>\n<\/tbody>\n<\/table>\n<\/td>\n<\/tr>\n<\/tbody>\n<\/table>\n<table class=\"m_4727398290246910117mcnTextBlock\" border=\"0\" width=\"100%\" cellspacing=\"0\" cellpadding=\"0\">\n<tbody class=\"m_4727398290246910117mcnTextBlockOuter\">\n<tr>\n<td class=\"m_4727398290246910117mcnTextBlockInner\" valign=\"top\">\n<table class=\"m_4727398290246910117mcnTextContentContainer\" border=\"0\" width=\"100%\" cellspacing=\"0\" cellpadding=\"0\" align=\"left\">\n<tbody>\n<tr>\n<td class=\"m_4727398290246910117mcnTextContent\" valign=\"top\">\n<div>DOPO UN TOUR DI OLTRE 70 DATE NEI MIGLIORI CLUB E FESTIVAL ITALIANI, PRIMA DI PARCHEGGIARE IL FURGONE E TORNARE IN STUDIO PER LAVORARE AL PROSSIMO DISCO,\u00a0DUTCH NAZARI ANNUNCIA LE ULTIME 3 DATE DEL\u00a0\u201cTOUR EUROPEO IN ITALIA\u201d:\n<\/div>\n<div><strong>07\/09 &#8211; PADOVA &#8211; Rise Festival<br \/>\n08\/09 &#8211; ROMA &#8211; India Estate<br \/>\n23\/10 &#8211; MILANO &#8211; Magazzini Generali (link\u00a0<a href=\"https:\/\/us7.mailchimp.com\/mctx\/click?url=http%3A%2F%2Fbit.ly%2F342EWz3&amp;xid=440bd895e4&amp;uid=19453827&amp;pool=&amp;subject=\" target=\"_blank\" rel=\"noopener noreferrer\" data-saferedirecturl=\"https:\/\/www.google.com\/url?q=https:\/\/us7.mailchimp.com\/mctx\/click?url%3Dhttp%253A%252F%252Fbit.ly%252F342EWz3%26xid%3D440bd895e4%26uid%3D19453827%26pool%3D%26subject%3D&amp;source=gmail&amp;ust=1567347936153000&amp;usg=AFQjCNGWbiDuoJYnuRwVCccZIWpwoIXTlA\">prevendite<\/a>)<\/strong><\/div>\n<\/td>\n<\/tr>\n<\/tbody>\n<\/table>\n<\/td>\n<\/tr>\n<\/tbody>\n<\/table>\n<p><a href=\"http:\/\/www.piuomenopop.it\/wp-content\/uploads\/2019\/05\/Dutch-Nazari-min.jpg\"><img loading=\"lazy\" decoding=\"async\" class=\"alignnone size-full wp-image-48266\" src=\"http:\/\/www.piuomenopop.it\/wp-content\/uploads\/2019\/05\/Dutch-Nazari-min.jpg\" alt=\"\" width=\"1200\" height=\"800\" srcset=\"https:\/\/www.piuomenopop.it\/wp-content\/uploads\/2019\/05\/Dutch-Nazari-min.jpg 1200w, https:\/\/www.piuomenopop.it\/wp-content\/uploads\/2019\/05\/Dutch-Nazari-min-300x200.jpg 300w, https:\/\/www.piuomenopop.it\/wp-content\/uploads\/2019\/05\/Dutch-Nazari-min-768x512.jpg 768w, https:\/\/www.piuomenopop.it\/wp-content\/uploads\/2019\/05\/Dutch-Nazari-min-1024x683.jpg 1024w\" sizes=\"auto, (max-width: 1200px) 100vw, 1200px\" \/><\/a><\/p>\n<p>&nbsp;<\/p>\n<blockquote><p><em>&#8220;Sono stati dieci mesi incredibili, di palchi piccoli e poi grandi, di un live-set in continua evoluzione, di viaggi interminabili in un furgone via via sempre pi\u00f9 pieno di persone e di strumenti.\u00a0Abbiamo deciso che ci basta cos\u00ec: che anche se ci piace suonare la musica che abbiamo gi\u00e0 scritto, \u00e8 gi\u00e0 il momento di scriverne di nuova. Perci\u00f2 ora ci chiudiamo tutti in una casa e iniziamo a lavorare al prossimo disco. Ma prima \u00e8 il tempo dei saluti: tre date finali per salutarci prima di rivederci chiss\u00e0 quando con un disco di canzoni nuove da cantare assieme.<\/em>&#8221; &#8211;\u00a0<strong>Dutch Nazari\u00a0<\/strong><\/p><\/blockquote>\n<p><span style=\"font-family: helvetica neue,                                                  helvetica, arial,                                                  verdana, sans-serif;\">Tra beats e poesia, impegno politico e romanticismo,\u00a0<b>Dutch Nazari<\/b>\u00a0\u00e8 uno dei pochi artisti italiani che riesce a immergere il cantautorato nel sound contemporaneo.\u00a0Dopo un tour\u00a0di oltre 70\u00a0date nei migliori club e festival italiani,\u00a0la partecipazione al concerto del primo maggio a Roma e al Mi Ami\u00a0Festival, Dutch Nazari\u00a0annuncia 3 nuove date &#8211; le ultime &#8211; del tour di\u00a0\u201c<\/span><a href=\"https:\/\/us7.mailchimp.com\/mctx\/click?url=https%3A%2F%2Fopen.spotify.com%2Falbum%2F5jYoJOTfWYtRP0R7YcUJiC%3Fsi%3DUCcu3e8XSjmrnIMpO3Ys7w&amp;xid=440bd895e4&amp;uid=19453827&amp;pool=&amp;subject=\" target=\"_blank\" rel=\"noopener noreferrer\" data-saferedirecturl=\"https:\/\/www.google.com\/url?q=https:\/\/us7.mailchimp.com\/mctx\/click?url%3Dhttps%253A%252F%252Fopen.spotify.com%252Falbum%252F5jYoJOTfWYtRP0R7YcUJiC%253Fsi%253DUCcu3e8XSjmrnIMpO3Ys7w%26xid%3D440bd895e4%26uid%3D19453827%26pool%3D%26subject%3D&amp;source=gmail&amp;ust=1567347936153000&amp;usg=AFQjCNHoQj9BfBtZKYWjKR5RidJZPlhlrg\"><strong>Ce Lo Chiede L\u2019europa\u201d<\/strong><\/a><span style=\"font-family: helvetica neue,                                                  helvetica, arial,                                                  verdana, sans-serif;\">, l&#8217;album\u00a0pubblicato il 16\/11 per\u00a0<\/span><strong>Undamento,\u00a0<\/strong><span style=\"font-family: helvetica neue,                                                  helvetica, arial,                                                  verdana, sans-serif;\">prodotto\u00a0da\u00a0<\/span><strong>Sic<wbr \/>k Et Simpliciter.\u00a0<\/strong><\/p>\n<p><span style=\"font-family: helvetica neue,                                                  helvetica, arial,                                                  verdana, sans-serif;\">Tra beats e poesia, impegno politico e romanticismo,\u00a0<b>Dutch Nazari<\/b>\u00a0\u00e8 uno dei pochi artisti italiani che riesce a immergere il cantautorato nel sound contemporaneo.\u00a0Dopo un tour\u00a0di oltre 70\u00a0date nei migliori club e festival italiani,\u00a0la partecipazione al concerto del primo maggio a Roma e al Mi Ami\u00a0Festival, Dutch Nazari\u00a0annuncia 3 nuove date &#8211; le ultime &#8211; del tour di\u00a0\u201c<\/span><a href=\"https:\/\/us7.mailchimp.com\/mctx\/click?url=https%3A%2F%2Fopen.spotify.com%2Falbum%2F5jYoJOTfWYtRP0R7YcUJiC%3Fsi%3DUCcu3e8XSjmrnIMpO3Ys7w&amp;xid=440bd895e4&amp;uid=19453827&amp;pool=&amp;subject=\" target=\"_blank\" rel=\"noopener noreferrer\" data-saferedirecturl=\"https:\/\/www.google.com\/url?q=https:\/\/us7.mailchimp.com\/mctx\/click?url%3Dhttps%253A%252F%252Fopen.spotify.com%252Falbum%252F5jYoJOTfWYtRP0R7YcUJiC%253Fsi%253DUCcu3e8XSjmrnIMpO3Ys7w%26xid%3D440bd895e4%26uid%3D19453827%26pool%3D%26subject%3D&amp;source=gmail&amp;ust=1567347936153000&amp;usg=AFQjCNHoQj9BfBtZKYWjKR5RidJZPlhlrg\"><strong>Ce Lo Chiede L\u2019europa\u201d<\/strong><\/a><span style=\"font-family: helvetica neue,                                                  helvetica, arial,                                                  verdana, sans-serif;\">, l&#8217;album\u00a0pubblicato il 16\/11 per\u00a0<\/span><strong>Undamento,\u00a0<\/strong><span style=\"font-family: helvetica neue,                                                  helvetica, arial,                                                  verdana, sans-serif;\">prodotto\u00a0da\u00a0<\/span><strong>Sic<wbr \/>k Et Simpliciter.\u00a0<\/strong><\/p>\n<p>Leggi tutti i <a href=\"http:\/\/www.piuomenopop.it\/?s=nazari\" target=\"_blank\" rel=\"noopener noreferrer\">nostri articoli su Dutch Nazari<\/a><\/p>\n","protected":false},"excerpt":{"rendered":"<div class=\"mh-excerpt\"><p>DUTCH NAZARI TOUR EUROPEO IN ITALIA &#8211;\u00a0GRAN FINALE DOPO UN TOUR DI OLTRE 70 DATE NEI MIGLIORI CLUB E FESTIVAL ITALIANI, PRIMA DI PARCHEGGIARE IL <a class=\"mh-excerpt-more\" href=\"https:\/\/www.piuomenopop.it\/index.php\/2019\/08\/31\/dutch-nazari-annuncia-le-ultime-3-date-del-tour-prima-di-tornare-in-studio-padova-roma-e-milano\/\" title=\"DUTCH NAZARI annuncia le ultime 3 date del tour, prima di tornare in studio: Padova, Roma e Milano\">[&#8230;]<\/a><\/p>\n<\/div>","protected":false},"author":2,"featured_media":55392,"comment_status":"closed","ping_status":"closed","sticky":false,"template":"","format":"standard","meta":{"sfsi_plus_gutenberg_text_before_share":"","sfsi_plus_gutenberg_show_text_before_share":"","sfsi_plus_gutenberg_icon_type":"","sfsi_plus_gutenberg_icon_alignemt":"","sfsi_plus_gutenburg_max_per_row":"","footnotes":"","_links_to":"","_links_to_target":""},"categories":[5184,3],"tags":[4285],"class_list":["post-55390","post","type-post","status-publish","format-standard","has-post-thumbnail","hentry","category-calendario-concerti","category-news","tag-dutch-nazari"],"aioseo_notices":[],"_links":{"self":[{"href":"https:\/\/www.piuomenopop.it\/index.php\/wp-json\/wp\/v2\/posts\/55390","targetHints":{"allow":["GET"]}}],"collection":[{"href":"https:\/\/www.piuomenopop.it\/index.php\/wp-json\/wp\/v2\/posts"}],"about":[{"href":"https:\/\/www.piuomenopop.it\/index.php\/wp-json\/wp\/v2\/types\/post"}],"author":[{"embeddable":true,"href":"https:\/\/www.piuomenopop.it\/index.php\/wp-json\/wp\/v2\/users\/2"}],"replies":[{"embeddable":true,"href":"https:\/\/www.piuomenopop.it\/index.php\/wp-json\/wp\/v2\/comments?post=55390"}],"version-history":[{"count":2,"href":"https:\/\/www.piuomenopop.it\/index.php\/wp-json\/wp\/v2\/posts\/55390\/revisions"}],"predecessor-version":[{"id":55393,"href":"https:\/\/www.piuomenopop.it\/index.php\/wp-json\/wp\/v2\/posts\/55390\/revisions\/55393"}],"wp:featuredmedia":[{"embeddable":true,"href":"https:\/\/www.piuomenopop.it\/index.php\/wp-json\/wp\/v2\/media\/55392"}],"wp:attachment":[{"href":"https:\/\/www.piuomenopop.it\/index.php\/wp-json\/wp\/v2\/media?parent=55390"}],"wp:term":[{"taxonomy":"category","embeddable":true,"href":"https:\/\/www.piuomenopop.it\/index.php\/wp-json\/wp\/v2\/categories?post=55390"},{"taxonomy":"post_tag","embeddable":true,"href":"https:\/\/www.piuomenopop.it\/index.php\/wp-json\/wp\/v2\/tags?post=55390"}],"curies":[{"name":"wp","href":"https:\/\/api.w.org\/{rel}","templated":true}]}}