{"id":55908,"date":"2019-09-17T15:30:22","date_gmt":"2019-09-17T13:30:22","guid":{"rendered":"http:\/\/www.piuomenopop.it\/?p=55908"},"modified":"2019-09-17T15:30:22","modified_gmt":"2019-09-17T13:30:22","slug":"ancora-festival-2019-a-roma-il-festival-e-la-mostra-dedicati-a-enrico-fontanelli-degli-offlaga-disco-pax-roma-monk-21-09","status":"publish","type":"post","link":"https:\/\/www.piuomenopop.it\/index.php\/2019\/09\/17\/ancora-festival-2019-a-roma-il-festival-e-la-mostra-dedicati-a-enrico-fontanelli-degli-offlaga-disco-pax-roma-monk-21-09\/","title":{"rendered":"&#8220;ANCORA FESTIVAL 2019&#8221; &#8211; A ROMA IL FESTIVAL E LA MOSTRA DEDICATI A ENRICO FONTANELLI DEGLI OFFLAGA DISCO PAX. ROMA &#8211; MONK 21\/09"},"content":{"rendered":"<p style=\"font-weight: 400; text-align: center;\"><u>A Roma il festival e la mostra dedicati a\u00a0<strong>Enrico Fontanelli<\/strong>\u00a0degli\u00a0<strong>Offlaga Disco Pax<\/strong><\/u><\/p>\n<p style=\"font-weight: 400; text-align: center;\">\n<p style=\"font-weight: 400; text-align: center;\">Si terr\u00e0 a\u00a0<strong>Roma sabato 21 Settembre 2019<\/strong>\u00a0al\u00a0<strong>MONK<\/strong>\u00a0la sesta\u00a0edizione di<\/p>\n<p style=\"font-weight: 400; text-align: center;\"><strong><u>&#8220;Ancora&#8221; Un piccolo festival per Enrico Fontanelli&#8221;<\/u><\/strong><\/p>\n<p style=\"font-weight: 400;\">\n<p style=\"font-weight: 400;\"><strong>\u201cAncora\u201d\u00a0<\/strong>\u00e8 il momento che ogni anno \u00e8 dedicato a\u00a0\u00a0<strong>Enrico Fontanelli\u00a0<\/strong>(bassista, tastierista, produttore artistico e grafico degli Offlaga Disco Pax scomparso, a soli 36 anni, nel 2014).\u00a0 E&#8217; il luogo dove la famiglia, gli amici, i compagni di avventure, i musicisti e tutti coloro che hanno condiviso un pezzo di vita con lui\u00a0o che semplicemente hanno amato le cose che ha realizzato come artista\u00a0si ritrovano insieme.<\/p>\n<p style=\"font-weight: 400;\"><strong>\u201cAncora\u201d\u00a0<\/strong>\u00e8 un piccolo festival che giunge alla sesta edizione, che quest&#8217;anno si terr\u00e0\u00a0<strong>per la prima volta<\/strong>\u00a0a ROMA\u00a0<strong>Sabato 21 Settembre 2019 al<\/strong>\u00a0MONK, in via Giuseppe Mirri, 35.\u00a0Il festival aprir\u00e0 le sue porte alle\u00a0<strong>ore 20,00<\/strong>\u00a0circa e i concerti e gli altri eventi della serata inizieranno\u00a0a partire dalle\u00a0<strong>ore\u00a0<\/strong>\u00a0<strong>21,00.<\/strong><\/p>\n<p style=\"font-weight: 400;\"><strong>\u00a0<\/strong><\/p>\n<p style=\"font-weight: 400;\">Sul palco,\u00a0anche mescolati tra loro, ci saranno:<\/p>\n<p style=\"font-weight: 400;\"><strong>\u00a0<\/strong><\/p>\n<p style=\"font-weight: 400;\"><strong>&#8211;\u00a0Cristiano Godano<\/strong>\u00a0(Marlene Kuntz)<\/p>\n<p style=\"font-weight: 400;\"><strong>&#8211;\u00a0Gian Maria Accusani\u00a0<\/strong>(Prozac+; Sick Tamburo)<\/p>\n<p style=\"font-weight: 400;\"><strong>&#8211;<\/strong>\u00a0<strong>Verano\u00a0<\/strong>(Anna Vigan\u00f2 in duo con Daniele Carretti degli ODP)<\/p>\n<p style=\"font-weight: 400;\"><strong>&#8211;\u00a0Thomas Koppen<\/strong>\u00a0(Tante Anna)<\/p>\n<p style=\"font-weight: 400;\"><strong>&#8211;\u00a0Daniele Carretti\u00a0<\/strong>(Offlaga Disco Pax \/ Felpa)<\/p>\n<p style=\"font-weight: 400;\"><strong>&#8211;<\/strong>\u00a0<strong>Max Collini\u00a0<\/strong>(Offlaga Disco Pax \/ Spartiti)<\/p>\n<p style=\"font-weight: 400;\">\n<p style=\"font-weight: 400;\">In console a illuminare oltre ogni oltre conosciuto troverete le selezioni musicali di\u00a0<strong>Fabio Nirta dj set\u00a0<\/strong><\/p>\n<p style=\"font-weight: 400;\"><strong>Daniele Carretti<\/strong>\u00a0e\u00a0<strong>Max Collini<\/strong>\u00a0degli\u00a0\u00a0<strong>Offlaga Disco Pax<\/strong>\u00a0chiuderanno il festival\u00a0sul palco assieme a tutti i musicisti ospiti e come da tradizione\u00a0verranno riproposti\u00a0alcuni\u00a0brani degli Offlaga, gruppo\u00a0in cui\u00a0\u00a0<strong>Enrico Fontanelli\u00a0<\/strong>ha militato per oltre dieci anni.<\/p>\n<p style=\"font-weight: 400;\">Il ricavato della serata\u00a0 verr\u00e0 devoluto, come sempre, al reparto di oncologia dell&#8217;Ospedale di Reggio Emilia (ingresso Euro 10,00 riservato ai soci)<\/p>\n<p style=\"font-weight: 400;\"><a href=\"http:\/\/www.piuomenopop.it\/wp-content\/uploads\/2019\/09\/ANCORA-2019-manifesto-ufficiale-grafiche-curate-da-Luca-Lumaca-.jpg\"><img loading=\"lazy\" decoding=\"async\" class=\"aligncenter wp-image-55909\" src=\"http:\/\/www.piuomenopop.it\/wp-content\/uploads\/2019\/09\/ANCORA-2019-manifesto-ufficiale-grafiche-curate-da-Luca-Lumaca-.jpg\" alt=\"\" width=\"707\" height=\"1000\" \/><\/a><\/p>\n<p style=\"font-weight: 400;\"><strong>LA MOSTRA:<\/strong><\/p>\n<p style=\"font-weight: 400;\">Assieme ad\u00a0<strong>Ancora festival<\/strong>\u00a0il\u00a0<strong>Monk<\/strong>\u00a0ospiter\u00e0, a partire da\u00a0<strong>gioved\u00ec 19 Settembre<\/strong>, la mostra\u00a0<strong>&#8220;Offlaga Disco Pax #1 &#8211; #163&#8221;<\/strong>\u00a0dedicata al catalogo di tutta l&#8217;opera grafica di\u00a0<strong>Enrico Fontanelli<\/strong>\u00a0realizzata per gli ODP nel decennio 2003\/2013, materiale raccolto in un sontuoso libro d&#8217;arte pubblicato da\u00a0<strong>BDC &#8211; Bonanni Del Rio Catalog<\/strong>\u00a0nell&#8217;ottobre scorso. La mostra \u00e8 composta da circa 100 tavole, oltre ad altro materiale storico riguardante il gruppo: poster, manifesti, materiale di propaganda, flyer, volantini, copertine di dischi, strumenti musicali, videoclip e altro ancora.\u00a0L&#8217;apertura al pubblico \u00e8 fissata per Gioved\u00ec 19 Settembre alle ore 18,00 mentre alle ore 18,30 circa ci sar\u00e0 un incontro pubblico per presentare sia la mostra che il festival &#8220;Ancora&#8221; condotto dai giornalisti musicali\u00a0<strong>Federico Guglielmi<\/strong>\u00a0e\u00a0<strong>John Vignola<\/strong>\u00a0e la partecipazione di\u00a0<strong>Daniele Carretti<\/strong>\u00a0e\u00a0<strong>Max Collini<\/strong>\u00a0degli Offlaga Disco Pax. La mostra rester\u00e0 aperta da gioved\u00ec 19 a domenica 22 Settembre e successivamente da gioved\u00ec 26 a domenica 29 Settembre dalle ore 18,30 alle ore 23,30 (ingresso libero). Sono previste diverse visite guidate alla mostra curate personalmente da Max Collini degli ODP, anch&#8217;esse gratuite (info e prenotazioni:\u00a0<a href=\"mailto:max.collini@libero.it\">max.collini@libero.it<\/a>)<\/p>\n<p style=\"font-weight: 400;\">\n<p style=\"font-weight: 400;\">Informazioni sempre aggiornate alle pagine:<\/p>\n<p style=\"font-weight: 400;\"><a href=\"http:\/\/www.facebook.com\/ancorafestival\" data-saferedirecturl=\"https:\/\/www.google.com\/url?q=http:\/\/www.facebook.com\/ancorafestival&amp;source=gmail&amp;ust=1568794988651000&amp;usg=AFQjCNFnnlbTJAVNe-GaV4Ge08o0vg8TmQ\"><strong>www.facebook.com\/ancorafestival<\/strong><\/a><\/p>\n<p style=\"font-weight: 400;\"><a href=\"http:\/\/www.facebook.com\/offlagadiscopax\" data-saferedirecturl=\"https:\/\/www.google.com\/url?q=http:\/\/www.facebook.com\/offlagadiscopax&amp;source=gmail&amp;ust=1568794988651000&amp;usg=AFQjCNFRyVeP7duvzhnhjb4daxDcnh4VZA\"><strong>www.facebook.com\/offlagadiscopax<\/strong><\/a><\/p>\n<p style=\"font-weight: 400;\"><strong>\u00a0<\/strong><\/p>\n<p style=\"font-weight: 400;\">e all&#8217;evento ufficiale:<\/p>\n<p style=\"font-weight: 400;\"><a href=\"http:\/\/www.facebook.com\/offlagadiscopax\" data-saferedirecturl=\"https:\/\/www.google.com\/url?q=http:\/\/www.facebook.com\/offlagadiscopax&amp;source=gmail&amp;ust=1568794988651000&amp;usg=AFQjCNFRyVeP7duvzhnhjb4daxDcnh4VZA\"><strong>www.facebook.com\/events\/470913057034201\/<\/strong><\/a><\/p>\n","protected":false},"excerpt":{"rendered":"<div class=\"mh-excerpt\"><p>A Roma il festival e la mostra dedicati a\u00a0Enrico Fontanelli\u00a0degli\u00a0Offlaga Disco Pax Si terr\u00e0 a\u00a0Roma sabato 21 Settembre 2019\u00a0al\u00a0MONK\u00a0la sesta\u00a0edizione di &#8220;Ancora&#8221; Un piccolo festival <a class=\"mh-excerpt-more\" href=\"https:\/\/www.piuomenopop.it\/index.php\/2019\/09\/17\/ancora-festival-2019-a-roma-il-festival-e-la-mostra-dedicati-a-enrico-fontanelli-degli-offlaga-disco-pax-roma-monk-21-09\/\" title=\"&#8220;ANCORA FESTIVAL 2019&#8221; &#8211; A ROMA IL FESTIVAL E LA MOSTRA DEDICATI A ENRICO FONTANELLI DEGLI OFFLAGA DISCO PAX. ROMA &#8211; MONK 21\/09\">[&#8230;]<\/a><\/p>\n<\/div>","protected":false},"author":2,"featured_media":0,"comment_status":"closed","ping_status":"closed","sticky":false,"template":"","format":"standard","meta":{"sfsi_plus_gutenberg_text_before_share":"","sfsi_plus_gutenberg_show_text_before_share":"","sfsi_plus_gutenberg_icon_type":"","sfsi_plus_gutenberg_icon_alignemt":"","sfsi_plus_gutenburg_max_per_row":"","footnotes":"","_links_to":"","_links_to_target":""},"categories":[5184,3],"tags":[7573,6581],"class_list":["post-55908","post","type-post","status-publish","format-standard","hentry","category-calendario-concerti","category-news","tag-enrico-fontanelli","tag-offlaga-disco-pax"],"aioseo_notices":[],"_links":{"self":[{"href":"https:\/\/www.piuomenopop.it\/index.php\/wp-json\/wp\/v2\/posts\/55908","targetHints":{"allow":["GET"]}}],"collection":[{"href":"https:\/\/www.piuomenopop.it\/index.php\/wp-json\/wp\/v2\/posts"}],"about":[{"href":"https:\/\/www.piuomenopop.it\/index.php\/wp-json\/wp\/v2\/types\/post"}],"author":[{"embeddable":true,"href":"https:\/\/www.piuomenopop.it\/index.php\/wp-json\/wp\/v2\/users\/2"}],"replies":[{"embeddable":true,"href":"https:\/\/www.piuomenopop.it\/index.php\/wp-json\/wp\/v2\/comments?post=55908"}],"version-history":[{"count":2,"href":"https:\/\/www.piuomenopop.it\/index.php\/wp-json\/wp\/v2\/posts\/55908\/revisions"}],"predecessor-version":[{"id":55911,"href":"https:\/\/www.piuomenopop.it\/index.php\/wp-json\/wp\/v2\/posts\/55908\/revisions\/55911"}],"wp:attachment":[{"href":"https:\/\/www.piuomenopop.it\/index.php\/wp-json\/wp\/v2\/media?parent=55908"}],"wp:term":[{"taxonomy":"category","embeddable":true,"href":"https:\/\/www.piuomenopop.it\/index.php\/wp-json\/wp\/v2\/categories?post=55908"},{"taxonomy":"post_tag","embeddable":true,"href":"https:\/\/www.piuomenopop.it\/index.php\/wp-json\/wp\/v2\/tags?post=55908"}],"curies":[{"name":"wp","href":"https:\/\/api.w.org\/{rel}","templated":true}]}}