{"id":56069,"date":"2019-10-02T09:08:27","date_gmt":"2019-10-02T07:08:27","guid":{"rendered":"http:\/\/www.piuomenopop.it\/?p=56069"},"modified":"2019-10-02T11:25:58","modified_gmt":"2019-10-02T09:25:58","slug":"intervista-la-voglia-degli-street-clerks","status":"publish","type":"post","link":"https:\/\/www.piuomenopop.it\/index.php\/2019\/10\/02\/intervista-la-voglia-degli-street-clerks\/","title":{"rendered":"[Intervista] La voglia degli Street Clerks"},"content":{"rendered":"<p>A cura di <a href=\"https:\/\/www.facebook.com\/giuseppe.d.visco\" target=\"_blank\" rel=\"noopener noreferrer\"><strong>Giuseppe Visco<\/strong><\/a><\/p>\n<p><b>\u201cHo fame\u201d<\/b><span style=\"font-weight: 400;\"> \u00e8 stato definito il tormentone dell\u2019estate: una canzone leggera, orecchiabile e profonda. Gli <\/span><a href=\"https:\/\/www.facebook.com\/streetclerksofficial\/\" target=\"_blank\" rel=\"noopener noreferrer\"><b>Street Clerks<\/b><\/a><span style=\"font-weight: 400;\">, con 12 anni di carriera alle spalle, rappresentano una realt\u00e0 nazionale molto solida e che sta vedendo anni di sacrifici ripagati.<\/span><span style=\"font-weight: 400;\"><br \/>\n<\/span><span style=\"font-weight: 400;\"><br \/>\n<\/span><\/p>\n<p>&nbsp;<\/p>\n<ul>\n<li><span style=\"font-weight: 400;\">\u00a0\u201cHo fame\u201d \u00e8 un po\u2019 la storia di tutti, di chi rincorre cose senza mai accontentarsi, di chi ambisce sempre al di pi\u00f9, di chi vuole comunque sempre provarci. Voi dopo 12 anni di carriera come vi sentite?<\/span><\/li>\n<\/ul>\n<p><span style=\"font-weight: 400;\">Siamo molto felici, abbiamo fatto una bella stagione di live e ogni volta ci rendiamo conto di quanto i concerti siano un\u2019esperienza speciale. Il contatto con la gente, il cantare insieme le nostre canzoni \u00e8 qualcosa di impareggiabile. Non vediamo l\u2019ora di ripartire!<\/span><\/p>\n<p>&nbsp;<\/p>\n<ul>\n<li style=\"font-weight: 400;\"><span style=\"font-weight: 400;\">Ai colloqui chiedono spesso \u201cfra 10 anni dove ti vedi?\u201d, beh, noi andiamo pi\u00f9 soft: l\u2019anno prossimo dove vi vedete? Avete pensato a qualche data fuori dal bel paese?<\/span><\/li>\n<\/ul>\n<p><span style=\"font-weight: 400;\">L\u2019anno prossimo ci vediamo su altri palchi\u2026magari anche gli stessi, ma con nuove canzoni e un nuovo live set. L\u2019estero \u00e8 una strada che teniamo sempre aperta, visto che Alexander \u00e8 madre lingua inglese e questo ci ha sempre aiutato quando \u00e8 capitato di girare per l\u2019Europa. Abbiamo suonato inizialmente come buskers a Parigi e Berlino e negli ultimi anni in set completo a Dublino, Vienna, Lisbona\u2026<\/span><\/p>\n<p>&nbsp;<\/p>\n<ul>\n<li><span style=\"font-weight: 400;\">\u00a0Se nel 2007 vi avessero chiesto \u201ca cosa aspirate?\u201d voi cosa avreste risposto?<\/span><\/li>\n<\/ul>\n<p><span style=\"font-weight: 400;\">Nel 2007 eravamo 4 scapestrati e scapigliati senza nessun\u2019altro obiettivo che stare insieme e divertirsi, era difficile pensare al futuro. Avevamo per\u00f2 una grande fame e voglia di iniziare un lungo percorso di scrittura insieme, quindi direi che la nostra aspirazione implicita era riuscire a vivere delle nostre canzoni. E lo \u00e8 ancora!<\/span><\/p>\n<p>&nbsp;<\/p>\n<ul>\n<li><span style=\"font-weight: 400;\">La ricerca della bellezza \u00e8 un tema fondamentale nella societ\u00e0 moderna, in cui i social stanno giocando un ruolo \u2013 positivo o negativo che sia &#8211; molto forte. Voi come valutate tutto ci\u00f2?<\/span><\/li>\n<\/ul>\n<p><span style=\"font-weight: 400;\">Non credo che i social c\u2019entrino qualcosa col concetto di \u201cbellezza\u201d. Tutte le cose, le persone, le esperienze \u201cbelle\u201d che ho incontrato nella mia vita erano qualcosa di molto distante dal concetto di social, e sicuramente poco confinabili in uno schermo di 15 centimetri.<\/span><\/p>\n<p><span style=\"font-weight: 400;\">Pi\u00f9 che al \u201cbello\u201d per adesso vedo i social pi\u00f9 vicini al \u201cfinto\u201d ecco.<\/span><\/p>\n<p><span style=\"font-weight: 400;\">Credo che siano e che saranno uno strumento molto utile, anche rivoluzionario per certi versi, ma che ancora non abbiamo capito come sfruttare al meglio.<\/span><\/p>\n<p>&nbsp;<\/p>\n<ul>\n<li><span style=\"font-weight: 400;\">\u00a0La vostra presenza a X Factor ha attratto su di voi gli occhi di mezza Italia. Cosa avete in mente per convincere l\u2019altra met\u00e0?<\/span><\/li>\n<\/ul>\n<p><span style=\"font-weight: 400;\">Faremo delle ronde e degli agguati notturni, e faremo ascoltare i nostri dischi a forza a quelli che riusciremo a catturare legandoli a una sedia, tipo Arancia Meccanica.<\/span><\/p>\n<p><span style=\"font-weight: 400;\">In alternativa, se questo piano non dovesse funzionare, continueremo a scrivere canzoni e suonare sui palchi di tutta Italia\u2026..e oltre!<\/span><\/p>\n<p>&nbsp;<\/p>\n<ul>\n<li><span style=\"font-weight: 400;\">La vostra musica in 3 parole..<\/span><\/li>\n<\/ul>\n<p><span style=\"font-weight: 400;\">Vintage, ironica, segamentalista<\/span><\/p>\n<p><a href=\"http:\/\/www.piuomenopop.it\/wp-content\/uploads\/2019\/09\/StreetClerks_03new.jpg\"><img loading=\"lazy\" decoding=\"async\" class=\"size-full wp-image-56074 aligncenter\" src=\"http:\/\/www.piuomenopop.it\/wp-content\/uploads\/2019\/09\/StreetClerks_03new.jpg\" alt=\"\" width=\"600\" height=\"410\" srcset=\"https:\/\/www.piuomenopop.it\/wp-content\/uploads\/2019\/09\/StreetClerks_03new.jpg 600w, https:\/\/www.piuomenopop.it\/wp-content\/uploads\/2019\/09\/StreetClerks_03new-300x205.jpg 300w\" sizes=\"auto, (max-width: 600px) 100vw, 600px\" \/><\/a><\/p>\n<p>&nbsp;<\/p>\n<ul>\n<li><span style=\"font-weight: 400;\">Nella vostra playlist non pu\u00f2 mai mancare..<\/span><\/li>\n<\/ul>\n<p><span style=\"font-weight: 400;\">I<\/span><span style=\"font-weight: 400;\"> Beatles<\/span><\/p>\n<p>&nbsp;<\/p>\n<ul>\n<li><span style=\"font-weight: 400;\">\u00a0La vostra band \u00e8 nata mentre \u201csi gettavano le basi per la <\/span><i><span style=\"font-weight: 400;\">musica indie italiana<\/span><\/i><span style=\"font-weight: 400;\">\u201d, voi ci avreste mai creduto a qualcuno se vi avessero detto che nel 2019 Calcutta e Coez l\u2019avrebbero fatta da padroni?<\/span><\/li>\n<\/ul>\n<p><span style=\"font-weight: 400;\">No, effettivamente era davvero difficile da prevedere. Negli anni 90, gruppi alternative rock come Subsonica, Bluvertigo, Verdena, Afterhours, erano supportati dalla pi\u00f9 importante rete televisiva musicale italiana (Mtv) allo stesso livello dei cantanti pop pi\u00f9 noti. Per noi non \u00e8 tanto una questione di categorie indie \/ mainstream. Dipende dalla scrittura di una canzone e dal momento. Per esempio, Calcutta \u00e8 indie nello stile, in tutto e per tutto, ma Paracetamolo \u00e8 una bella canzone, ed \u00e8 proprio quello che gran parte dell\u2019Italia vuole oggi nelle cuffie o in macchina, quindi \u00e8 mainstream. Si pu\u00f2 parlare di moda indie, di influenze social, ma alla fine contano le canzoni.<\/span><\/p>\n<p>&nbsp;<\/p>\n<ul>\n<li><span style=\"font-weight: 400;\">In Italia impazza la musica pop, la musica indie, la musica trap. Voi cosa ascoltate? Quale artista vi piace in particolare?<\/span><\/li>\n<\/ul>\n<p><span style=\"font-weight: 400;\">In generale cerchiamo di ascoltare tutto con il giusto orecchio, anche la trap. Forse quest\u2019ultima ci viene un po\u2019 difficile, siamo ancora affezionati ad un altro tipo di Rap, pi\u00f9 \u201cvintage\u201d. L\u2019indie o itpop, come lo chiamano oggi, ci piace, dal punto di vista strumentale ci sono arrangiamenti che ricordano il pop italiano anni 70\/80 di Lucio Dalla.<\/span><\/p>\n<p>&nbsp;<\/p>\n<ul>\n<li style=\"font-weight: 400;\"><span style=\"font-weight: 400;\">Com\u2019\u00e8 essere la resident band di un programma televisivo cos\u00ec importante come \u201cE poi c\u2019\u00e8 Cattelan\u201d? Come siete stati scelti?\u00a0<\/span><\/li>\n<\/ul>\n<p><span style=\"font-weight: 400;\">E\u2019 prima di tutto divertente. Piano piano ci siamo inseriti nelle dinamiche televisive e da qualche anno riusciamo a goderci la puntata, facendoci trovare pronti per lo stacchetto. E\u2019 un programma molto ritmato, ed essere il motore musicale di questa bella macchina \u00e8 di grande stimolo. Siamo stati scelti da Alessandro dopo aver assistito ad un nostro concerto, subito dopo la finale di X Factor. E\u2019 stato veramente un bel concerto, e ovviamente non sapevamo del progetto EPCC, quindi \u00e8 stata una bella fortuna averlo colpito nel momento giusto.<\/span><\/p>\n<p>&nbsp;<\/p>\n<ul>\n<li><span style=\"font-weight: 400;\">E per concludere la domanda x: David Bowie o Iggy Pop?<\/span><\/li>\n<\/ul>\n<p><span style=\"font-weight: 400;\"><br \/>\n<\/span><span style=\"font-weight: 400;\">Tenendo conto del fatto che Bowie ha prodotto due album di Iggy e, stando a quanto raccontano gli storici del rock,\u00a0 lo ha pure salvato da una ricaduta nella droga, diamo la preferenza al Duca Bianco.<\/span><span style=\"font-weight: 400;\"><br \/>\n<\/span><\/p>\n<p>&nbsp;<\/p>\n<p style=\"text-align: center;\"><iframe loading=\"lazy\" src=\"https:\/\/www.youtube.com\/embed\/cx6rDcHJHGQ\" width=\"560\" height=\"315\" frameborder=\"0\" allowfullscreen=\"allowfullscreen\"><\/iframe><\/p>\n<p>&nbsp;<\/p>\n<p>Gli Street Clerks suoneranno dal vivo <a href=\"https:\/\/www.facebook.com\/events\/517249545695696\/\" target=\"_blank\" rel=\"noopener noreferrer\">Sabato 5 Ottobre @Glue &#8211; Firenze<\/a><\/p>\n","protected":false},"excerpt":{"rendered":"<div class=\"mh-excerpt\"><p>A cura di Giuseppe Visco \u201cHo fame\u201d \u00e8 stato definito il tormentone dell\u2019estate: una canzone leggera, orecchiabile e profonda. Gli Street Clerks, con 12 anni <a class=\"mh-excerpt-more\" href=\"https:\/\/www.piuomenopop.it\/index.php\/2019\/10\/02\/intervista-la-voglia-degli-street-clerks\/\" title=\"[Intervista] La voglia degli Street Clerks\">[&#8230;]<\/a><\/p>\n<\/div>","protected":false},"author":2,"featured_media":56072,"comment_status":"closed","ping_status":"closed","sticky":false,"template":"","format":"standard","meta":{"sfsi_plus_gutenberg_text_before_share":"","sfsi_plus_gutenberg_show_text_before_share":"","sfsi_plus_gutenberg_icon_type":"","sfsi_plus_gutenberg_icon_alignemt":"","sfsi_plus_gutenburg_max_per_row":"","footnotes":"","_links_to":"","_links_to_target":""},"categories":[4,8],"tags":[10567,10566],"class_list":["post-56069","post","type-post","status-publish","format-standard","has-post-thumbnail","hentry","category-interviste","category-uscite","tag-ho-fame","tag-street-clerks"],"aioseo_notices":[],"_links":{"self":[{"href":"https:\/\/www.piuomenopop.it\/index.php\/wp-json\/wp\/v2\/posts\/56069","targetHints":{"allow":["GET"]}}],"collection":[{"href":"https:\/\/www.piuomenopop.it\/index.php\/wp-json\/wp\/v2\/posts"}],"about":[{"href":"https:\/\/www.piuomenopop.it\/index.php\/wp-json\/wp\/v2\/types\/post"}],"author":[{"embeddable":true,"href":"https:\/\/www.piuomenopop.it\/index.php\/wp-json\/wp\/v2\/users\/2"}],"replies":[{"embeddable":true,"href":"https:\/\/www.piuomenopop.it\/index.php\/wp-json\/wp\/v2\/comments?post=56069"}],"version-history":[{"count":7,"href":"https:\/\/www.piuomenopop.it\/index.php\/wp-json\/wp\/v2\/posts\/56069\/revisions"}],"predecessor-version":[{"id":56377,"href":"https:\/\/www.piuomenopop.it\/index.php\/wp-json\/wp\/v2\/posts\/56069\/revisions\/56377"}],"wp:featuredmedia":[{"embeddable":true,"href":"https:\/\/www.piuomenopop.it\/index.php\/wp-json\/wp\/v2\/media\/56072"}],"wp:attachment":[{"href":"https:\/\/www.piuomenopop.it\/index.php\/wp-json\/wp\/v2\/media?parent=56069"}],"wp:term":[{"taxonomy":"category","embeddable":true,"href":"https:\/\/www.piuomenopop.it\/index.php\/wp-json\/wp\/v2\/categories?post=56069"},{"taxonomy":"post_tag","embeddable":true,"href":"https:\/\/www.piuomenopop.it\/index.php\/wp-json\/wp\/v2\/tags?post=56069"}],"curies":[{"name":"wp","href":"https:\/\/api.w.org\/{rel}","templated":true}]}}