{"id":56126,"date":"2019-09-26T17:42:40","date_gmt":"2019-09-26T15:42:40","guid":{"rendered":"http:\/\/www.piuomenopop.it\/?p=56126"},"modified":"2019-09-26T17:42:40","modified_gmt":"2019-09-26T15:42:40","slug":"levante-il-23-novembre-live-per-la-prima-volta-al-mediolanum-forum-di-assago-con-un-concerto-evento","status":"publish","type":"post","link":"https:\/\/www.piuomenopop.it\/index.php\/2019\/09\/26\/levante-il-23-novembre-live-per-la-prima-volta-al-mediolanum-forum-di-assago-con-un-concerto-evento\/","title":{"rendered":"LEVANTE: il 23 novembre live per la prima volta al Mediolanum Forum di Assago con un concerto evento"},"content":{"rendered":"<h1 style=\"text-align: center;\"><strong>LEVANTE<\/strong><\/h1>\n<p style=\"text-align: center;\">L\u2019icona del nuovo pop italiano<\/p>\n<h6 style=\"text-align: center;\"><strong>IL 23 NOVEMBRE LIVE PER LA PRIMA VOLTA AL MEDIOLANUM FORUM DI ASSAGO CON UN CONCERTO EVENTO<\/strong><\/h6>\n<p>&nbsp;<\/p>\n<div>Levante conquista il prestigioso palco del Mediolanum Forum di Milano!\u00a0<strong>Un evento che vedr\u00e0 la cantautrice del nuovo pop italiano,\u00a0il 23 novembre, portare per la prima volta in un palazzetto il suo show unico e potente.<\/strong><\/div>\n<div><\/div>\n<div><em>\u201c\u00c8 arrivato il momento di unire tutti i puntini. Si fa cos\u00ec, per diventare grandi si fa cos\u00ec. \u00c8 la vita\u00a0&#8211;\u00a0<\/em>ha dichiarato Levante attraverso i suoi canali social\u00a0<em>&#8211;\u00a0Ti guardi indietro e magari il disegno \u00e8 un quadro astratto incomprensibile oppure la linea pi\u00f9 lunga, costante, tormentata che le tue mani abbiano saputo tracciare. Mi guardo indietro e la vedo quella linea, tremolante e decisa, cancellata, spezzata e ripresa. La mia linea non \u00e8 una linea di confine, \u00e8 una rotta da seguire&#8230;\u00e8 la vita da esplorare. Per questo tratto di terra, tracciare il selciato non sar\u00e0 semplice, avr\u00f2 bisogno di tutte le vostre mani, avr\u00f2 bisogno di tutti voi, perch\u00e9 mi scoppia il cuore e mi tremano le gambe.\u00a0Il 23 Novembre\u00a0del 2019, questa linea arriver\u00e0 sul palco del Forum di Assago.\u00a0Portate le vostre mani e reggetemi la schiena\u201c.<\/em><\/div>\n<div><\/div>\n<div>I biglietti per il concerto del\u00a023 novembre\u00a0al Mediolanum Forum di Assago (MI)\u00a0<a href=\"https:\/\/www.metatrongroup.com\/mailster\/23583\/7073886cc91e1270d662bedf6d128f87\/aHR0cDovL2JpdC5seS9MZXZhbnRlRm9ydW0\/2\" target=\"_blank\" rel=\"noopener noreferrer\" data-saferedirecturl=\"https:\/\/www.google.com\/url?q=https:\/\/www.metatrongroup.com\/mailster\/23583\/7073886cc91e1270d662bedf6d128f87\/aHR0cDovL2JpdC5seS9MZXZhbnRlRm9ydW0\/2&amp;source=gmail&amp;ust=1569598109738000&amp;usg=AFQjCNGIn55q9T-lheJprQDn47ESiuDbIg\">sono disponibili su ticketone.it<\/a>\u00a0e nei circuiti di vendita abituali.<\/div>\n<div><\/div>\n<div><span class=\"m_-7940469252426424260s11\"><span class=\"m_-7940469252426424260bumpedFont15\">Venerd\u00ec 27 uscir\u00e0 il nuovo singolo \u201c<strong>BRAVI TUTTI VOI<\/strong>\u201d\u00a0<\/span><\/span><span class=\"m_-7940469252426424260s10\"><span class=\"m_-7940469252426424260bumpedFont15\">dopo il successo dei due singol<\/span><\/span><span class=\"m_-7940469252426424260s10\"><span class=\"m_-7940469252426424260bumpedFont15\">i\u00a0<\/span><\/span><span class=\"m_-7940469252426424260s11\"><span class=\"m_-7940469252426424260bumpedFont15\">\u201c<strong>ANDR\u00c0 TUTTO BENE<\/strong>\u201d\u00a0<\/span><\/span><span class=\"m_-7940469252426424260s12\"><span class=\"m_-7940469252426424260bumpedFont15\">e<\/span><\/span><span class=\"m_-7940469252426424260s11\"><span class=\"m_-7940469252426424260bumpedFont15\">\u00a0<\/span><\/span><span class=\"m_-7940469252426424260s11\"><span class=\"m_-7940469252426424260bumpedFont15\">\u201c<strong>LO STRETTO NECESSARIO<\/strong>\u201d.<\/span><\/span><\/div>\n<div><\/div>\n<div><span class=\"m_-7940469252426424260s11\"><span class=\"m_-7940469252426424260bumpedFont15\">\u00c8\u00a0<\/span><\/span><span class=\"m_-7940469252426424260s10\"><span class=\"m_-7940469252426424260bumpedFont15\">l\u2019ultimo capitolo che anticipa<\/span><\/span><span class=\"m_-7940469252426424260s13\"><span class=\"m_-7940469252426424260bumpedFont15\">\u00a0<\/span><\/span><span class=\"m_-7940469252426424260s11\"><span class=\"m_-7940469252426424260bumpedFont15\">\u201c<strong>MAGMAMEMORIA<\/strong><\/span><\/span><span class=\"m_-7940469252426424260s10\"><span class=\"m_-7940469252426424260bumpedFont15\">\u201d,<\/span><\/span><span class=\"m_-7940469252426424260s10\"><span class=\"m_-7940469252426424260bumpedFont15\">\u00a0il prossimo album di inediti che la cantautrice del nuovo pop italiano pubblicher\u00e0 il\u00a0<\/span><\/span><span class=\"m_-7940469252426424260s13\"><span class=\"m_-7940469252426424260bumpedFont15\"><strong>4 ottobre<\/strong>.\u00a0<\/span><\/span><\/div>\n<div><\/div>\n<div><a href=\"http:\/\/www.piuomenopop.it\/wp-content\/uploads\/2019\/08\/levante-19.jpg\"><img loading=\"lazy\" decoding=\"async\" class=\"alignnone size-full wp-image-54867\" src=\"http:\/\/www.piuomenopop.it\/wp-content\/uploads\/2019\/08\/levante-19.jpg\" alt=\"\" width=\"1200\" height=\"800\" srcset=\"https:\/\/www.piuomenopop.it\/wp-content\/uploads\/2019\/08\/levante-19.jpg 1200w, https:\/\/www.piuomenopop.it\/wp-content\/uploads\/2019\/08\/levante-19-300x200.jpg 300w, https:\/\/www.piuomenopop.it\/wp-content\/uploads\/2019\/08\/levante-19-768x512.jpg 768w, https:\/\/www.piuomenopop.it\/wp-content\/uploads\/2019\/08\/levante-19-1024x683.jpg 1024w\" sizes=\"auto, (max-width: 1200px) 100vw, 1200px\" \/><\/a><\/div>\n","protected":false},"excerpt":{"rendered":"<div class=\"mh-excerpt\"><p>LEVANTE L\u2019icona del nuovo pop italiano IL 23 NOVEMBRE LIVE PER LA PRIMA VOLTA AL MEDIOLANUM FORUM DI ASSAGO CON UN CONCERTO EVENTO &nbsp; Levante <a class=\"mh-excerpt-more\" href=\"https:\/\/www.piuomenopop.it\/index.php\/2019\/09\/26\/levante-il-23-novembre-live-per-la-prima-volta-al-mediolanum-forum-di-assago-con-un-concerto-evento\/\" title=\"LEVANTE: il 23 novembre live per la prima volta al Mediolanum Forum di Assago con un concerto evento\">[&#8230;]<\/a><\/p>\n<\/div>","protected":false},"author":2,"featured_media":56128,"comment_status":"closed","ping_status":"closed","sticky":false,"template":"","format":"standard","meta":{"sfsi_plus_gutenberg_text_before_share":"","sfsi_plus_gutenberg_show_text_before_share":"","sfsi_plus_gutenberg_icon_type":"","sfsi_plus_gutenberg_icon_alignemt":"","sfsi_plus_gutenburg_max_per_row":"","footnotes":"","_links_to":"","_links_to_target":""},"categories":[5184,3],"tags":[3049,10582],"class_list":["post-56126","post","type-post","status-publish","format-standard","has-post-thumbnail","hentry","category-calendario-concerti","category-news","tag-levante","tag-levante-mediolanum-forum-di-assago"],"aioseo_notices":[],"_links":{"self":[{"href":"https:\/\/www.piuomenopop.it\/index.php\/wp-json\/wp\/v2\/posts\/56126","targetHints":{"allow":["GET"]}}],"collection":[{"href":"https:\/\/www.piuomenopop.it\/index.php\/wp-json\/wp\/v2\/posts"}],"about":[{"href":"https:\/\/www.piuomenopop.it\/index.php\/wp-json\/wp\/v2\/types\/post"}],"author":[{"embeddable":true,"href":"https:\/\/www.piuomenopop.it\/index.php\/wp-json\/wp\/v2\/users\/2"}],"replies":[{"embeddable":true,"href":"https:\/\/www.piuomenopop.it\/index.php\/wp-json\/wp\/v2\/comments?post=56126"}],"version-history":[{"count":2,"href":"https:\/\/www.piuomenopop.it\/index.php\/wp-json\/wp\/v2\/posts\/56126\/revisions"}],"predecessor-version":[{"id":56132,"href":"https:\/\/www.piuomenopop.it\/index.php\/wp-json\/wp\/v2\/posts\/56126\/revisions\/56132"}],"wp:featuredmedia":[{"embeddable":true,"href":"https:\/\/www.piuomenopop.it\/index.php\/wp-json\/wp\/v2\/media\/56128"}],"wp:attachment":[{"href":"https:\/\/www.piuomenopop.it\/index.php\/wp-json\/wp\/v2\/media?parent=56126"}],"wp:term":[{"taxonomy":"category","embeddable":true,"href":"https:\/\/www.piuomenopop.it\/index.php\/wp-json\/wp\/v2\/categories?post=56126"},{"taxonomy":"post_tag","embeddable":true,"href":"https:\/\/www.piuomenopop.it\/index.php\/wp-json\/wp\/v2\/tags?post=56126"}],"curies":[{"name":"wp","href":"https:\/\/api.w.org\/{rel}","templated":true}]}}