{"id":56320,"date":"2019-09-30T17:44:09","date_gmt":"2019-09-30T15:44:09","guid":{"rendered":"http:\/\/www.piuomenopop.it\/?p=56320"},"modified":"2019-09-30T17:44:09","modified_gmt":"2019-09-30T15:44:09","slug":"max-collini-legge-lindie-italiano-il-tour-annunciate-le-prime-date","status":"publish","type":"post","link":"https:\/\/www.piuomenopop.it\/index.php\/2019\/09\/30\/max-collini-legge-lindie-italiano-il-tour-annunciate-le-prime-date\/","title":{"rendered":"MAX COLLINI LEGGE L&#8217;INDIE ITALIANO IL TOUR &#8211; Annunciate le prime date"},"content":{"rendered":"<p align=\"CENTER\"><span style=\"font-family: Calibri, sans-serif;\"><span style=\"font-size: xx-large;\"><b>MAX COLLINI LEGGE L&#8217;INDIE ITALIANO<\/b><\/span><\/span><\/p>\n<p align=\"CENTER\"><span style=\"font-family: Calibri, sans-serif;\"><span style=\"font-size: x-large;\"><b>IL TOUR<\/b><\/span><\/span><\/p>\n<p align=\"CENTER\"><span style=\"font-family: Calibri, sans-serif;\"><span style=\"font-size: x-large;\"><b>Annunciate le prime date<\/b><\/span><\/span><\/p>\n<p align=\"CENTER\"><span style=\"color: #000000;\"><span style=\"font-family: Calibri, sans-serif;\"><span style=\"font-size: large;\"><b>06\/10 Brescia &#8211; Latteria Molloy<\/b><\/span><\/span><\/span><\/p>\n<p align=\"CENTER\"><span style=\"font-family: Calibri, sans-serif;\"><span style=\"font-size: large;\"><b>12\/10 Livorno &#8211; Cage<\/b><\/span><\/span><\/p>\n<p align=\"CENTER\"><span style=\"font-family: Calibri, sans-serif;\"><span style=\"font-size: large;\"><b>16\/10 Padova &#8211; Reset Fest<\/b><\/span><\/span><\/p>\n<p align=\"CENTER\"><span style=\"font-family: Calibri, sans-serif;\"><span style=\"font-size: large;\"><b>26\/10 Modena &#8211; Off<\/b><\/span><\/span><\/p>\n<p align=\"CENTER\"><span style=\"font-family: Calibri, sans-serif;\"><span style=\"font-size: large;\"><b>07\/11 Pescara &#8211; Festival Letterature Adriatiche<\/b><\/span><\/span><\/p>\n<p align=\"CENTER\"><span style=\"font-family: Calibri, sans-serif;\"><span style=\"font-size: large;\"><b>09\/11 Milano &#8211; Arci Bellezza<\/b><\/span><\/span><\/p>\n<p align=\"CENTER\"><span style=\"font-family: Calibri, sans-serif;\"><span style=\"font-size: large;\"><b>17\/11 Cavriago (RE) &#8211; Circolo Kessel<\/b><\/span><\/span><\/p>\n<p align=\"CENTER\"><span style=\"font-family: Calibri, sans-serif;\"><span style=\"font-size: large;\"><b>05\/12 Torino &#8211; Hiroshima Mon Amour<\/b><\/span><\/span><\/p>\n<p><span style=\"font-family: Calibri, sans-serif;\">Dopo alcune date di riscaldamento ed una apparizione a Propaganda su La7, ad ottobre parte il tour dove\u00a0<\/span><span style=\"font-family: Calibri, sans-serif;\"><b>Max Collini<\/b><\/span><span style=\"font-family: Calibri, sans-serif;\">, voce narrante e l&#8217;autore dei testi degli Offlaga Disco Pax,\u00a0<\/span><span style=\"font-family: Calibri,            sans-serif;\"><b>interpreta i testi dell&#8217;indie italiano degli anni Dieci.<\/b><\/span><\/p>\n<p><span style=\"font-family: Calibri, sans-serif;\">Appassionato di musica indipendente prima ancora di diventare uno che la scena degli anni zero se l&#8217;\u00e8 poi mangiata a pranzo e cena con i suoi Offlaga Disco Pax, Max Collini recita, legge, racconta testi, modi, tempi, metodi e linguaggio di ci\u00f2 che amate chiamare indie e come sia cambiato nel corso di questo decennio. Come alcuni gruppi considerassero il loro punto di arrivo riempire il piccolo Covo club di Bologna per poi ritrovarsi a mandare &#8220;completamente sold out&#8221; il Forum di Assago e altri luoghi prima frequentati solo per vedere le partite di basket. Cosa abbia reso possibile il fatto che il principe dell&#8217;indipendenza (sua maest\u00e0 Manuel Agnelli) sia finito a fare il giudice a XFactor e un figliuol prodigo di quella storia (Lodo Guenzi) invece pure. In mezzo Calcutta, Coez, Coma Cose, i Cani, Gazzelle, Lo Stato Sociale, Achille Lauro, Young Signorino e chi pi\u00f9 ne ha pi\u00f9 ne metta. Il nuovo pop, il vecchio cantautorato, la trap romagnola, le parole, i testi, le note, ma anche lo sconforto, l&#8217;invidia, l&#8217;ironia e, a tratti, l&#8217;ammirazione. Per chi ce l&#8217;ha fatta, per chi vorrebbe farcela e per chi non ce la far\u00e0 mai.<br \/>\n<\/span><\/p>\n<p><span style=\"font-family: Calibri, sans-serif;\">MAX COLLINI LEGGE L&#8217;INDIE ITALIANO su LA7:<\/span><br \/>\n<span style=\"font-family: Calibri, sans-serif;\"><a href=\"https:\/\/www.la7.it\/propagandalive\/video\/il-vero-indie-a-propaganda-live-max-collini-legge-i-the-giornalisti-21-09-2019-283225\" target=\"_blank\" rel=\"noopener noreferrer\" data-saferedirecturl=\"https:\/\/www.google.com\/url?q=https:\/\/www.la7.it\/propagandalive\/video\/il-vero-indie-a-propaganda-live-max-collini-legge-i-the-giornalisti-21-09-2019-283225&amp;source=gmail&amp;ust=1569942068270000&amp;usg=AFQjCNGM9I_HcaYMVan7JwlJ-BFCs-_pgw\">https:\/\/www.la7.it\/<wbr \/>propagandalive\/video\/il-vero-<wbr \/>indie-a-propaganda-live-max-<wbr \/>collini-legge-i-the-<wbr \/>giornalisti-21-09-2019-283225<\/a><\/span><\/p>\n<p><span style=\"color: #1d2129;\"><span style=\"font-family: Calibri,              sans-serif;\"><span style=\"font-size: medium;\">BIO<\/span><\/span><\/span><\/p>\n<p align=\"JUSTIFY\"><span style=\"color: #000000;\"><span style=\"font-family: Calibri,              sans-serif;\"><span style=\"font-size: medium;\">Max Collini (all&#8217;anagrafe Massimiliano, classe 1967, ariete, celibe) \u00e8 stato per circa undici anni la voce narrante e l&#8217;autore dei testi degli Offlaga Disco Pax, collettivo neosensibilista di Reggio Emilia in cui ha militato dalla sua fondazione avvenuta nel 2003 fino allo scioglimento, seguito alla dolorosa scomparsa di Enrico Fontanelli nel 2014. Con gli ODP ha pubblicato tre album, tra cui il pluripremiato esordio &#8220;Socialismo Tascabile&#8221; (Santeria\/Audioglobe), uscito nel 2005 e tra i dischi pi\u00f9 influenti della scena indipendente italiana degli anni zero, e collezionato oltre quattrocento concerti. Dopo la fine dell&#8217;esperienza con gli Offlaga Disco Pax ha iniziato a collaborare continuativamente con Jukka Reverberi dei Giardini di Mir\u00f2 nel duo &#8220;Spartiti&#8221;, di cui \u00e8 uscito un album nel 2016 (Austerit\u00e0 &#8211; Woodworm label) e un Ep nel 2017 (Servizio d&#8217;ordine, sempre su Woodworm) e con il poeta e scrittore reggiano Arturo Bertoldi negli spettacoli di letture &#8220;Via Toschi 23&#8221;. Per tutto il 2018 \u00e8 stato in tour con i monologhi \u201cDagli Appennini alle Ande\u201d, dove ha macinato quasi cinquanta date tra teatri, club, circoli e altri luoghi di aggregazione di varia natura. Tra le sue collaborazioni come ospite sia dal vivo che su disco trovate anche Lo Stato Sociale, gruppo attualmente molto in voga tra le giovani generazioni (le prove di quanto affermato le trovate sull&#8217;internet). Ha partecipato in questi anni, sempre come ospite, a diversi concerti del tour per i trent&#8217;anni di Ortodossia dei Cccp con Massimo Zamboni e ai concerti dedicati ai 25 anni di Epica Etica Etnica Pathos dei post-CSI ed \u00e8 stato uno dei protagonisti dello spettacolo teatrale\/musicale I SOVIET + L&#8217;ELETTRICITA&#8217;, dedicato ai cento anni della Rivoluzione d&#8217;Ottobre, spettacolo scritto da Massimo Zamboni dei Cccp\/CSI. Collini da anni sta pensando di scrivere un romanzo, ma ancora non se ne \u00e8 saputo niente.<\/span><\/span><\/span><\/p>\n","protected":false},"excerpt":{"rendered":"<div class=\"mh-excerpt\"><p>MAX COLLINI LEGGE L&#8217;INDIE ITALIANO IL TOUR Annunciate le prime date 06\/10 Brescia &#8211; Latteria Molloy 12\/10 Livorno &#8211; Cage 16\/10 Padova &#8211; Reset Fest <a class=\"mh-excerpt-more\" href=\"https:\/\/www.piuomenopop.it\/index.php\/2019\/09\/30\/max-collini-legge-lindie-italiano-il-tour-annunciate-le-prime-date\/\" title=\"MAX COLLINI LEGGE L&#8217;INDIE ITALIANO IL TOUR &#8211; Annunciate le prime date\">[&#8230;]<\/a><\/p>\n<\/div>","protected":false},"author":2,"featured_media":23879,"comment_status":"closed","ping_status":"closed","sticky":false,"template":"","format":"standard","meta":{"sfsi_plus_gutenberg_text_before_share":"","sfsi_plus_gutenberg_show_text_before_share":"","sfsi_plus_gutenberg_icon_type":"","sfsi_plus_gutenberg_icon_alignemt":"","sfsi_plus_gutenburg_max_per_row":"","footnotes":"","_links_to":"","_links_to_target":""},"categories":[5184,3],"tags":[1107,10630],"class_list":["post-56320","post","type-post","status-publish","format-standard","has-post-thumbnail","hentry","category-calendario-concerti","category-news","tag-max-collini","tag-max-collini-legge-lindie-italiano"],"aioseo_notices":[],"_links":{"self":[{"href":"https:\/\/www.piuomenopop.it\/index.php\/wp-json\/wp\/v2\/posts\/56320","targetHints":{"allow":["GET"]}}],"collection":[{"href":"https:\/\/www.piuomenopop.it\/index.php\/wp-json\/wp\/v2\/posts"}],"about":[{"href":"https:\/\/www.piuomenopop.it\/index.php\/wp-json\/wp\/v2\/types\/post"}],"author":[{"embeddable":true,"href":"https:\/\/www.piuomenopop.it\/index.php\/wp-json\/wp\/v2\/users\/2"}],"replies":[{"embeddable":true,"href":"https:\/\/www.piuomenopop.it\/index.php\/wp-json\/wp\/v2\/comments?post=56320"}],"version-history":[{"count":1,"href":"https:\/\/www.piuomenopop.it\/index.php\/wp-json\/wp\/v2\/posts\/56320\/revisions"}],"predecessor-version":[{"id":56321,"href":"https:\/\/www.piuomenopop.it\/index.php\/wp-json\/wp\/v2\/posts\/56320\/revisions\/56321"}],"wp:featuredmedia":[{"embeddable":true,"href":"https:\/\/www.piuomenopop.it\/index.php\/wp-json\/wp\/v2\/media\/23879"}],"wp:attachment":[{"href":"https:\/\/www.piuomenopop.it\/index.php\/wp-json\/wp\/v2\/media?parent=56320"}],"wp:term":[{"taxonomy":"category","embeddable":true,"href":"https:\/\/www.piuomenopop.it\/index.php\/wp-json\/wp\/v2\/categories?post=56320"},{"taxonomy":"post_tag","embeddable":true,"href":"https:\/\/www.piuomenopop.it\/index.php\/wp-json\/wp\/v2\/tags?post=56320"}],"curies":[{"name":"wp","href":"https:\/\/api.w.org\/{rel}","templated":true}]}}