{"id":57447,"date":"2019-10-25T21:55:29","date_gmt":"2019-10-25T19:55:29","guid":{"rendered":"http:\/\/www.piuomenopop.it\/?p=57447"},"modified":"2019-10-25T21:57:34","modified_gmt":"2019-10-25T19:57:34","slug":"alosi-opening-act-nel-tour-di-piero-pelu-e-live-a-la-tempesta-su-marte","status":"publish","type":"post","link":"https:\/\/www.piuomenopop.it\/index.php\/2019\/10\/25\/alosi-opening-act-nel-tour-di-piero-pelu-e-live-a-la-tempesta-su-marte\/","title":{"rendered":"ALOSI: opening-act nel tour di Piero Pel\u00f9 e live a La Tempesta su Marte"},"content":{"rendered":"<p style=\"text-align: center;\"><strong>ALOSI<\/strong><\/p>\n<p style=\"text-align: center;\"><em><strong>IL TOUR PROSEGUE COME OPENING-ACT DI PIERO PEL\u00d9<br \/>\nE IL LIVE\u00a0 AL FESTIVAL DE LA TEMPESTA DISCHI<\/strong><\/em><\/p>\n<p>&nbsp;<\/p>\n<div><strong>Alosi<\/strong>\u00a0annuncia nuovi prestigiosi appuntamenti dal vivo. La voce e la penna de\u00a0<u>IL PAN DEL DIAVOLO<\/u>\u00a0aprir\u00e0 cinque concerti di Piero Pel\u00f9 e prender\u00e0 parte al Festival de\u00a0<em>La Tempesta Dischi<\/em>. Di seguito il calendario:<\/div>\n<p style=\"text-align: center;\"><strong>15\/11 Bologna &#8211; Estragon &#8211; opening Piero Pel\u00f9<br \/>\n16\/11 Treviso \u00a0&#8211; SuperSonicArena\u00a0&#8211; opening Piero Pel\u00f9<br \/>\n19\/11 Milano \u00a0&#8211; Alcatraz\u00a0&#8211;\u00a0opening Piero Pel\u00f9<\/strong><br \/>\n<strong>20\/11 Torino \u00a0&#8211; Concordia &#8211; opening Piero Pel\u00f9<br \/>\n06\/12 Roma &#8211; LargoVenue &#8211; LaTempesta su Marte<\/strong><\/p>\n<p><img loading=\"lazy\" decoding=\"async\" class=\"aligncenter wp-image-53350 size-full\" src=\"http:\/\/www.piuomenopop.it\/wp-content\/uploads\/2019\/08\/alosi-36.jpg\" alt=\"\" width=\"1200\" height=\"801\" srcset=\"https:\/\/www.piuomenopop.it\/wp-content\/uploads\/2019\/08\/alosi-36.jpg 1200w, https:\/\/www.piuomenopop.it\/wp-content\/uploads\/2019\/08\/alosi-36-300x200.jpg 300w, https:\/\/www.piuomenopop.it\/wp-content\/uploads\/2019\/08\/alosi-36-768x513.jpg 768w, https:\/\/www.piuomenopop.it\/wp-content\/uploads\/2019\/08\/alosi-36-1024x684.jpg 1024w\" sizes=\"auto, (max-width: 1200px) 100vw, 1200px\" \/><\/p>\n<div>\u00c8 inoltre in arrivo\u00a0<strong>\u201cHOTEL\u201d,<\/strong>\u00a0il nuovo videoclip che verr\u00e0 pubblicato nelle prossime settimane. \u201cHotel\u201d \u00e8 il secondo singolo estratto da\u00a0<strong>\u201c1985\u201d,<\/strong> il nuovo album di Alosi &#8211; il primo da solista &#8211; uno dei lavori indipendenti pi\u00f9 rilevanti dell\u2019anno. (<a href=\"http:\/\/www.piuomenopop.it\/index.php\/2019\/04\/12\/vi-spieghiamo-come-sarebbe-la-vostra-vita-in-tre-accordi-sol-do-e-mi-minore-lesordio-da-solista-di-alosi-con-1985\/\" target=\"_blank\" rel=\"noopener noreferrer\">leggi la recensione<\/a>)<\/div>\n<div><\/div>\n<p style=\"text-align: center;\"><iframe loading=\"lazy\" src=\"https:\/\/www.youtube.com\/embed\/QPpBLwcugWw\" width=\"560\" height=\"315\" frameborder=\"0\" allowfullscreen=\"allowfullscreen\"><\/iframe><\/p>\n","protected":false},"excerpt":{"rendered":"<div class=\"mh-excerpt\"><p>ALOSI IL TOUR PROSEGUE COME OPENING-ACT DI PIERO PEL\u00d9 E IL LIVE\u00a0 AL FESTIVAL DE LA TEMPESTA DISCHI &nbsp; Alosi\u00a0annuncia nuovi prestigiosi appuntamenti dal vivo. <a class=\"mh-excerpt-more\" href=\"https:\/\/www.piuomenopop.it\/index.php\/2019\/10\/25\/alosi-opening-act-nel-tour-di-piero-pelu-e-live-a-la-tempesta-su-marte\/\" title=\"ALOSI: opening-act nel tour di Piero Pel\u00f9 e live a La Tempesta su Marte\">[&#8230;]<\/a><\/p>\n<\/div>","protected":false},"author":2,"featured_media":44965,"comment_status":"closed","ping_status":"closed","sticky":false,"template":"","format":"standard","meta":{"sfsi_plus_gutenberg_text_before_share":"","sfsi_plus_gutenberg_show_text_before_share":"","sfsi_plus_gutenberg_icon_type":"","sfsi_plus_gutenberg_icon_alignemt":"","sfsi_plus_gutenburg_max_per_row":"","footnotes":"","_links_to":"","_links_to_target":""},"categories":[5184,3],"tags":[9060,1279],"class_list":["post-57447","post","type-post","status-publish","format-standard","has-post-thumbnail","hentry","category-calendario-concerti","category-news","tag-alosi","tag-piero-pelu"],"aioseo_notices":[],"_links":{"self":[{"href":"https:\/\/www.piuomenopop.it\/index.php\/wp-json\/wp\/v2\/posts\/57447","targetHints":{"allow":["GET"]}}],"collection":[{"href":"https:\/\/www.piuomenopop.it\/index.php\/wp-json\/wp\/v2\/posts"}],"about":[{"href":"https:\/\/www.piuomenopop.it\/index.php\/wp-json\/wp\/v2\/types\/post"}],"author":[{"embeddable":true,"href":"https:\/\/www.piuomenopop.it\/index.php\/wp-json\/wp\/v2\/users\/2"}],"replies":[{"embeddable":true,"href":"https:\/\/www.piuomenopop.it\/index.php\/wp-json\/wp\/v2\/comments?post=57447"}],"version-history":[{"count":3,"href":"https:\/\/www.piuomenopop.it\/index.php\/wp-json\/wp\/v2\/posts\/57447\/revisions"}],"predecessor-version":[{"id":57450,"href":"https:\/\/www.piuomenopop.it\/index.php\/wp-json\/wp\/v2\/posts\/57447\/revisions\/57450"}],"wp:featuredmedia":[{"embeddable":true,"href":"https:\/\/www.piuomenopop.it\/index.php\/wp-json\/wp\/v2\/media\/44965"}],"wp:attachment":[{"href":"https:\/\/www.piuomenopop.it\/index.php\/wp-json\/wp\/v2\/media?parent=57447"}],"wp:term":[{"taxonomy":"category","embeddable":true,"href":"https:\/\/www.piuomenopop.it\/index.php\/wp-json\/wp\/v2\/categories?post=57447"},{"taxonomy":"post_tag","embeddable":true,"href":"https:\/\/www.piuomenopop.it\/index.php\/wp-json\/wp\/v2\/tags?post=57447"}],"curies":[{"name":"wp","href":"https:\/\/api.w.org\/{rel}","templated":true}]}}