{"id":57749,"date":"2019-11-09T19:56:45","date_gmt":"2019-11-09T18:56:45","guid":{"rendered":"http:\/\/www.piuomenopop.it\/?p=57749"},"modified":"2019-11-09T19:58:03","modified_gmt":"2019-11-09T18:58:03","slug":"i-primi-protagonisti-della-5-giorni-di-musica-contro-le-mafie-willie-peyote-giorgio-poi-margherita-vicario-scopri-gli-ospiti-dei-primi-panel-e-incontri-con-gli-studenti","status":"publish","type":"post","link":"https:\/\/www.piuomenopop.it\/index.php\/2019\/11\/09\/i-primi-protagonisti-della-5-giorni-di-musica-contro-le-mafie-willie-peyote-giorgio-poi-margherita-vicario-scopri-gli-ospiti-dei-primi-panel-e-incontri-con-gli-studenti\/","title":{"rendered":"I primi protagonisti della 5 Giorni di Musica contro le mafie: Willie Peyote, Giorgio Poi, Margherita Vicario. Scopri gli ospiti dei primi panel e incontri con gli studenti"},"content":{"rendered":"<div>\n<div class=\"m_-5296738930807296711block-grid\">\n<div>\n<div class=\"m_-5296738930807296711col\">\n<div>\n<div>\n<div>\n<div>\n<p style=\"text-align: center;\"><strong>Chiuse le iscrizioni alla 10^ edizione del premio con record assoluto di 512 candidature.\u00a0<\/strong><\/p>\n<p style=\"text-align: center;\"><strong>Le giurie al voto per selezionare i finalisti.<\/strong><\/p>\n<p style=\"text-align: center;\"><strong>Prime Anticipazioni sugli ospiti della<\/strong><\/p>\n<p style=\"text-align: center;\"><strong>\u201c5 Giorni di Musica contro le mafie\u201d\u00a0<\/strong><\/p>\n<p style=\"text-align: center;\"><strong>Premio Speciale a\u00a0WILLIE PEYOTE<\/strong><\/p>\n<p style=\"text-align: center;\"><strong>Tra gli ospiti musicali Giorgio Poi &#8211; Margherita Vicario<\/strong><\/p>\n<p>&nbsp;<\/p>\n<p style=\"text-align: center;\">Spettacolo, impegno e formazione in una manifestazione\u00a0unica nel suo genere<\/p>\n<p style=\"text-align: center;\">per la diffusione dei valori di\u00a0<strong>responsabilit\u00e0<\/strong>\u00a0e\u00a0<strong>cittadinan<wbr \/>za<\/strong>\u00a0attiva\u00a0contro le\u00a0<strong>mafie<\/strong>.<\/p>\n<p style=\"text-align: center;\">\u00a0Numerosi incontri tematici: interverranno\u00a0<strong>Antonio Nicaso<\/strong>\u00a0e il giornalista\u00a0<strong>Lirio Abbate<\/strong>.<\/p>\n<p><em>La citt\u00e0 di Cosenza diventa teatro di incontri, workshop, proiezioni, giochi educativi, mostre, concerti, showcase e le finali nazionali del Premio omonimo.<\/em><\/p>\n<p><em>\u00a0<\/em><\/p>\n<\/div>\n<\/div>\n<\/div>\n<\/div>\n<\/div>\n<\/div>\n<\/div>\n<\/div>\n<div>\n<div class=\"m_-5296738930807296711block-grid\">\n<div>\n<div class=\"m_-5296738930807296711col\">\n<div>\n<div>\n<div align=\"center\"><img decoding=\"async\" class=\"CToWUd a6T\" tabindex=\"0\" title=\"Image\" src=\"https:\/\/ci3.googleusercontent.com\/proxy\/Lh7uQ_az9RDARHLSzD_Bf83RIM4ltsGHsVsuGKS_uZf8gs8xDz0HuJq5C2Jn3qQ4iNMjkbb6UM313fyHtgfR8H0vaElJ1hnU_kjl227B6Qj8-5lwhX_iNr1CoumUM-V7Hw=s0-d-e1-ft#http:\/\/customer71644.img.musvc2.net\/static\/71644\/images\/1\/Mvsm\/primiospiti.jpg\" alt=\"Image\" width=\"650\" align=\"center\" border=\"0\" \/><\/div>\n<\/div>\n<\/div>\n<\/div>\n<\/div>\n<\/div>\n<\/div>\n<div>\n<div class=\"m_-5296738930807296711block-grid\">\n<div>\n<div class=\"m_-5296738930807296711col\">\n<div>\n<div>\n<div>\n<div>\n<p>Si svolger\u00e0 a\u00a0<strong>Cosenza<\/strong>\u00a0dal\u00a0<strong>3<\/strong>\u00a0al\u00a0<strong>7 dicembre 2019<\/strong>\u00a0la<strong>\u00a0\u201c5 Giorni di Musica contro le mafie\u201d<\/strong>;\u00a0<em>cinque giorni<\/em>\u00a0ricchi di musica, cinema, panel e workshop tesi anche a tenere viva la memoria delle vittime innocenti di mafie; per raccontare storie importanti con la forza espressiva delle immagini e con le storie e i fatti raccontati durante gli incontri con chi ha vissuto sulla propria pelle e da vicino la barbarie delle mafie e dell&#8217;illegalit\u00e0.\u00a0Quindi non solo\u00a0concerti\u00a0di musica impegnata, ma anche\u00a0spettacoli\u00a0che fanno riflettere,\u00a0incontri\u00a0per conoscere\u00a0storie\u00a0e ricordare\u00a0persone,\u00a0tutte occasioni per veicolare messaggi profondi contro l\u2019apatia e la\u00a0rassegnazione.<\/p>\n<p>L&#8217;obiettivo della manifestazione resta il forte impegno nella diffusione dei valori di\u00a0responsabilit\u00e0\u00a0e\u00a0 cittadinanza attiva.<\/p>\n<p>&nbsp;<\/p>\n<p>Dopo l&#8217;annuncio della presenza di\u00a0<strong>Fiammetta Borsellino<\/strong>, che incontrer\u00e0 studenti di scuole provenienti da tutta Italia dopo la proiezione del film &#8220;Paolo Borsellino&#8221; del regista Gianluca Maria Tavarelli, che ha come protagonista\u00a0<strong>Giorgio Tirabassi<\/strong>\u00a0uno dei migliori interpreti della figura del magistrato siciliano. La figlia del giudice ricorder\u00e0 la figura paterna e non mancheranno nuove informazioni e riflessioni sui depistaggi avvenuti durante le indagini sulla strage di via d\u2019Amelio;\u00a0<strong>Musica contro le mafie annuncia due nuovi panel su temi dell&#8217;anti-mafia e illegalit\u00e0<\/strong>.<\/p>\n<p>&nbsp;<\/p>\n<p>I primi nomi di saggisti, giornalisti ed esperti sono:\u00a0<strong>Antonio Nicaso<\/strong>,\u00a0autore del nuovo libro\u00a0<em>&#8220;La rete degli invisibili&#8221;<\/em>\u00a0(Mondadori), che indaga sulla realt\u00e0 criminale sommersa e misteriosa dando un volto agli \u00abinvisibili\u00bb. Con il magistrato Nicola Gratteri, in prima fila nella lotta alla \u2018ndrangheta, Nicaso pubblica da anni saggi sulla criminalit\u00e0 organizzata analizzandola e facendola emerge nella sua incredibile realt\u00e0. Il professore della\u00a0canadese\u00a0St. Jerome University\u00a0incontrer\u00e0 gli studenti in una vera e propria lezione dal titolo\u00a0<strong>&#8220;La Mafia spiegata ai ragazzi&#8221;<\/strong>.<\/p>\n<p>Da trent&#8217;anni lo studioso dedica la propria attivit\u00e0 analizzando la &#8216;ndrangheta nella sua evoluzione e nei suoi rapporti con i centri di potere economico, politico e finanziario, con la massoneria deviata, con il narcotraffico, con il \u00abdeep web\u00bb e con i social network.<br \/>\nIl secondo protagonista di un&#8217;atteso panel dal titolo\u00a0<strong>&#8220;Si pu\u00f2 ridere delle mafie? L&#8217;ironia e il grottesco per combattere la cultura criminale&#8221;<\/strong>\u00a0\u00e8\u00a0<strong>Lirio Abbate<\/strong>. Il giornalista\u00a0sar\u00e0 affiancato dall\u2019 attore comico\u00a0Herbert Ballerina\u00a0e dallo stand-up comedian Pietro Sparacino. Il vice direttore del settimanale L&#8217;Espresso insieme ai due attori\u00a0racconter\u00e0 le mafie in modo ironico e irriverente, racconteranno i boss\u00a0e mostrando il volto privato dei mafiosi, facendone ridere.<\/p>\n<p>Ricchissimo quest\u2019anno il cast musicale della manifestazione.<\/p>\n<p>La prima anticipazione riguarda il vincitore del \u201cPremio Speciale Musica contro le mafie\u201d che viene\u00a0assegnato ogni anno a tre brani di altrettanti artisti affermati, (gli altri due nomi saranno svelati in in seguito).<br \/>\nSar\u00e0\u00a0<strong>Willie Peyote<\/strong>\u00a0con il brano \u201cIo non sono un razzista ma\u2026\u201d a ritirarlo\u00a0in una serata speciale che si terr\u00e0 il\u00a0<strong>7 dicembre alle ore 21:30 presso il Teatro Morelli di Cosenza.<\/strong><\/p>\n<p>Protagonista di un tour promozionale per il nuovo lavoro discografico intitolato &#8220;Iodegradabile&#8221;, il brano del \u201crapper e cantautore atipico\u201d torinese \u00e8 stato scelto perch\u00e9 ritenuto una sintesi perfetta del furto delle parole, della diffusione di false notizie e soprattutto dell\u2019ipocrisia di tanti.<br \/>\nQuella che\u00a0<strong>Don Luigi Ciotti<\/strong>\u00a0chiama\u00a0<em>&lt;&lt;emorragia di umanit\u00e0 alimentata dagli imprenditori della paura&gt;&gt;<\/em>\u00a0richiede una presa di posizione salda contro tutti i razzismi da parte di tutti in una societ\u00e0 avvelenata da luoghi comuni e narrazioni tossiche.<br \/>\nNel brano di Willie Peyote un legame molto forte a temi che, in questo momento storico, meritano una grande attenzione.<\/p>\n<p><em>\u201cIl nostro contributo a questa battaglia per i diritti umani basilari non pu\u00f2 che passare dalla diffusione di Buone Pratiche e di Buone Idee\u00a0senza moralismi e ipocrisie, questo \u00e8 il primo passo per costruire un mondo pi\u00f9 giusto, dove riconoscersi diversi come persone e uguali come cittadini\u201d<\/em>\u00a0\u2013 dice il direttore artistico e presidente dell\u2019associazione Gennaro de Rosa.<\/p>\n<p>Altre anticipazioni riguardano i primi artisti che si esibiranno durante le cinque intensissime giornate, e sono due nomi molto noti al pubblico giovanile:<br \/>\nil cantautore\u00a0<strong>Giorgio Poi<\/strong>,\u00a0collaboratore di Luca Carboni, Frah Quintale, Calcutta e Carl Brave, il quale far\u00e0 uno showcase acustico il\u00a0<em>03 dicembre presso Sala ex M.a.m<\/em>;\u00a0e\u00a0<strong>Margherita Vicario<\/strong>\u00a0che ha lavorato al cinema con Woody Allen, Fausto Brizzi, Diego Bianchi, Luca Vecchi, Federico Micali e Antonio Manzini; che si esibir\u00e0 in un set acustico il\u00a0<em>04 dicembre sempre presso Sala ex M.a.m.<\/em>\u00a0di Cosenza. L&#8217;attrice e cantante romana, rivelazione della scena musicale indipendente pubblicher\u00e0 a breve il suo terzo lavoro discografico con la label torinese INRI (Levante, Dardust, Ex Otago, Linea 77).<\/p>\n<p>Infine &#8220;Musica contro le mafie&#8221; annuncia la\u00a0<strong>chiusura delle iscrizioni<\/strong>\u00a0al concorso che quest\u2019anno ha come leitmotiv<em>\u00a0#oltreicoinfini<\/em>. Si \u00e8 concluso il 31 ottobre scorso il reclutamento che ha raggiunto il record d&#8217;iscritti che sono stati ben 512 di cui 351 proposte ritenute idonee dalla direzione artistica e ammesse al concorso. Solo quest&#8217;ultime proseguiranno il percorso verso le finali. Nelle prossime settimane infatti\u00a0verranno valutate dalle 3 giurie: quella<strong>\u00a0Social<\/strong>, la\u00a0<strong>Studentesca<\/strong>\u00a0e quella\u00a0<strong>Responsabile<\/strong>\u00a0con nomi illustri del panorama artistico e dell&#8217;informazione nazionale. [scopri chi sono\u00a0<a href=\"http:\/\/customer71644.musvc2.net\/e\/t?q=5%3dAXLV8%26I%3dG%26F%3d6YI%26G%3d6ZIVC%26R%3dx3e8qLxM9_JUzf_Ue_OguT_Yv_JUzf_Tj9yL.pV_8sWw_H86qVLpui%266%3dqR9NgY.47x%26F9%3dU9d\" target=\"_blank\" rel=\"noopener noreferrer\" data-saferedirecturl=\"https:\/\/www.google.com\/url?q=http:\/\/customer71644.musvc2.net\/e\/t?q%3D5%253dAXLV8%2526I%253dG%2526F%253d6YI%2526G%253d6ZIVC%2526R%253dx3e8qLxM9_JUzf_Ue_OguT_Yv_JUzf_Tj9yL.pV_8sWw_H86qVLpui%25266%253dqR9NgY.47x%2526F9%253dU9d&amp;source=gmail&amp;ust=1573411989474000&amp;usg=AFQjCNHF4CGnQg3nEM4L8jNZolMUXt2DDw\">https:\/\/bit.ly\/2JFtlNS<\/a>]<br \/>\nIl risultato supera ogni previsione e ogni precedente edizione, indica un interesse sempre maggiore da parte degli artisti verso la composizione di canzoni impegnate. Dall\u2019analisi dei candidati, si evincono le seguenti informazioni: il 77 % ha presentato opere inedite; il 43 % ha meno di 35 anni; il 31 % proviene dal Nord Italia, il 24 % dal Centro ed il 45% dal Sud-Italia e\/o Isole.<br \/>\nE\u2019 in corso la fase delle votazioni (in sole 24 ore il sistema di voto online ha superato pi\u00f9 di 14.000 voti).<br \/>\nDal 1 al 21 novembre saranno operative le 3 giurie coinvolte (\u201cgiuria social\u201d che vota da questo link\u00a0<a href=\"http:\/\/customer71644.musvc2.net\/e\/t?q=5%3d7QDV4%26B%3d9%26F%3d2RA%26G%3d2SAV9%26K%3dpLtF1_JQsX_Ua_HYuP_Rn_JQsX_TfFz.7aI7HrEuGs1xH.cEu_JQsX_TfF_zsSp_088THW9Y_zsSp_05%26d%3dC3Kv303a1i.FeJ%26qK%3d3UE\" target=\"_blank\" rel=\"noopener noreferrer\" data-saferedirecturl=\"https:\/\/www.google.com\/url?q=http:\/\/customer71644.musvc2.net\/e\/t?q%3D5%253d7QDV4%2526B%253d9%2526F%253d2RA%2526G%253d2SAV9%2526K%253dpLtF1_JQsX_Ua_HYuP_Rn_JQsX_TfFz.7aI7HrEuGs1xH.cEu_JQsX_TfF_zsSp_088THW9Y_zsSp_05%2526d%253dC3Kv303a1i.FeJ%2526qK%253d3UE&amp;source=gmail&amp;ust=1573411989474000&amp;usg=AFQjCNEbCNAfoDCi_E2Y8M3hgVqJB0Oq3Q\">https:\/\/pr.easypromosapp. com\/p\/840599<\/a>, \u201cgiuria studentesca\u201d e \u201cgiuria responsabile\u201d) per stabilire la classifica di tutti gli artisti e scegliere i 10 finalisti che andranno ad esibirsi a Cosenza durante la \u201c5 Giorni di Musica contro le mafie\u201d il 6 e 7 dicembre 2019.<\/p>\n<p><em>\u201c\u2026\u00e8 un evento ricco e variegato &#8211; dichiara\u00a0<strong>Gennaro de Rosa<\/strong>\u00a0Presidente e fondatore di Musica contro le mafie &#8211;\u00a0nel quale abbiamo pensato di concentrare e far convivere incontri, momenti musicali, condivisione diretta, scambio di opinioni, riflessioni, risposte, spunti per domande. Un momento di condivisione reale, impegno concreto, risveglio della memoria, diffusione di contenuti importanti destinati a giovani, studenti e cittadini di ogni provenienza. La \u201c5 giorni\u201d \u00e8 un grosso contenitore di opportunit\u00e0 e occasioni di incontro e di sviluppo. L\u2019idea \u00e8 quella di unire momenti di spettacolo e di riflessione, avendo tempi in linea con la velocit\u00e0 delle nuove generazioni, utilizzando un linguaggio pi\u00f9 veloce e diretto con l\u2019ausilio della Musica e delle nuove tecnologie\u201d.<\/em><\/p>\n<p>&nbsp;<\/p>\n<p><strong>Associazione Musica contro le mafie on line<\/strong><br \/>\nweb site:\u00a0<a href=\"http:\/\/customer71644.musvc2.net\/e\/t?q=3%3dISNTF%26D%3dI%26D%3dDTK%26E%3dDUKTK%26M%3dz1m3sJ6HA_Hcuh_Sm_Jisb_Tx_Hcuh_RrOEM.yMA9o3uEzL0Ex751rAw.96_Jisb_Tx%264%3dyMALoT.656%26AA%3dSGY\" target=\"_blank\" rel=\"noopener noreferrer\" data-saferedirecturl=\"https:\/\/www.google.com\/url?q=http:\/\/customer71644.musvc2.net\/e\/t?q%3D3%253dISNTF%2526D%253dI%2526D%253dDTK%2526E%253dDUKTK%2526M%253dz1m3sJ6HA_Hcuh_Sm_Jisb_Tx_Hcuh_RrOEM.yMA9o3uEzL0Ex751rAw.96_Jisb_Tx%25264%253dyMALoT.656%2526AA%253dSGY&amp;source=gmail&amp;ust=1573411989474000&amp;usg=AFQjCNHC4IkTU8JSSa_XAx4NtKu8599KWA\">https:\/\/www.<wbr \/>musicacontrolemafie.it\/<\/a><br \/>\nFacebook:\u00a0<a href=\"http:\/\/customer71644.musvc2.net\/e\/t?q=7%3d0YMX7%26J%3dH%26H%3d5ZJ%26I%3d5aJXB%26S%3dyNwN0_LT1g_Wd_PhwS_Zw_LT1g_ViUDQ.i9t9eM6E.fM4_LT1g_ViKBMlAr7rLALrJvGdDz9rDwCfGrF_uyjt_5D%265d9ru%3dGxQC75.LvN%26lQ%3dJY0\" target=\"_blank\" rel=\"noopener noreferrer\" data-saferedirecturl=\"https:\/\/www.google.com\/url?q=http:\/\/customer71644.musvc2.net\/e\/t?q%3D7%253d0YMX7%2526J%253dH%2526H%253d5ZJ%2526I%253d5aJXB%2526S%253dyNwN0_LT1g_Wd_PhwS_Zw_LT1g_ViUDQ.i9t9eM6E.fM4_LT1g_ViKBMlAr7rLALrJvGdDz9rDwCfGrF_uyjt_5D%25265d9ru%253dGxQC75.LvN%2526lQ%253dJY0&amp;source=gmail&amp;ust=1573411989474000&amp;usg=AFQjCNHM50pESqkyWkinIXSC_iyLklytcA\">https:\/\/www.facebook.com\/<wbr \/>musicacontrolemafieofficial\/<\/a><br \/>\nInstagram:\u00a0<a href=\"http:\/\/customer71644.musvc2.net\/e\/t?q=7%3dHSQXE%26D%3dL%26H%3dCTN%26I%3dCUNXJ%26M%3d3N5HD_Lbuk_Wl_Jlwa_T1_Lbuk_VqOHQ.tFDNl9C5x.50G_3snt_C88O4Ax5nG9N3G79x31Cp_Jlwa_T1%268%3dxMDPn5l3vT.995%26AD%3dWFY\" target=\"_blank\" rel=\"noopener noreferrer\" data-saferedirecturl=\"https:\/\/www.google.com\/url?q=http:\/\/customer71644.musvc2.net\/e\/t?q%3D7%253dHSQXE%2526D%253dL%2526H%253dCTN%2526I%253dCUNXJ%2526M%253d3N5HD_Lbuk_Wl_Jlwa_T1_Lbuk_VqOHQ.tFDNl9C5x.50G_3snt_C88O4Ax5nG9N3G79x31Cp_Jlwa_T1%25268%253dxMDPn5l3vT.995%2526AD%253dWFY&amp;source=gmail&amp;ust=1573411989474000&amp;usg=AFQjCNEbeKWPMebt6YOLSpRscfgPHMKMzw\">https:\/\/www.instagram.com\/<wbr \/>musicacontrolemafie\/\u00a0<\/a><\/p>\n<\/div>\n<p>Leggi tutti i <a href=\"http:\/\/www.piuomenopop.it\/?s=musica+contro+le+mafie\" target=\"_blank\" rel=\"noopener noreferrer\">nostri articoli su Musica contro le mafie<\/a><\/p>\n<\/div>\n<\/div>\n<\/div>\n<\/div>\n<\/div>\n<\/div>\n<\/div>\n","protected":false},"excerpt":{"rendered":"<div class=\"mh-excerpt\"><p>Chiuse le iscrizioni alla 10^ edizione del premio con record assoluto di 512 candidature.\u00a0 Le giurie al voto per selezionare i finalisti. Prime Anticipazioni sugli <a class=\"mh-excerpt-more\" href=\"https:\/\/www.piuomenopop.it\/index.php\/2019\/11\/09\/i-primi-protagonisti-della-5-giorni-di-musica-contro-le-mafie-willie-peyote-giorgio-poi-margherita-vicario-scopri-gli-ospiti-dei-primi-panel-e-incontri-con-gli-studenti\/\" title=\"I primi protagonisti della 5 Giorni di Musica contro le mafie: Willie Peyote, Giorgio Poi, Margherita Vicario. Scopri gli ospiti dei primi panel e incontri con gli studenti\">[&#8230;]<\/a><\/p>\n<\/div>","protected":false},"author":2,"featured_media":57750,"comment_status":"closed","ping_status":"closed","sticky":false,"template":"","format":"standard","meta":{"sfsi_plus_gutenberg_text_before_share":"","sfsi_plus_gutenberg_show_text_before_share":"","sfsi_plus_gutenberg_icon_type":"","sfsi_plus_gutenberg_icon_alignemt":"","sfsi_plus_gutenburg_max_per_row":"","footnotes":"","_links_to":"","_links_to_target":""},"categories":[3,8],"tags":[8087,4437,1674],"class_list":["post-57749","post","type-post","status-publish","format-standard","has-post-thumbnail","hentry","category-news","category-uscite","tag-5-giorni-di-musica-contro-le-mafie","tag-musica-contro-le-mafie","tag-willie-peyote"],"aioseo_notices":[],"_links":{"self":[{"href":"https:\/\/www.piuomenopop.it\/index.php\/wp-json\/wp\/v2\/posts\/57749","targetHints":{"allow":["GET"]}}],"collection":[{"href":"https:\/\/www.piuomenopop.it\/index.php\/wp-json\/wp\/v2\/posts"}],"about":[{"href":"https:\/\/www.piuomenopop.it\/index.php\/wp-json\/wp\/v2\/types\/post"}],"author":[{"embeddable":true,"href":"https:\/\/www.piuomenopop.it\/index.php\/wp-json\/wp\/v2\/users\/2"}],"replies":[{"embeddable":true,"href":"https:\/\/www.piuomenopop.it\/index.php\/wp-json\/wp\/v2\/comments?post=57749"}],"version-history":[{"count":3,"href":"https:\/\/www.piuomenopop.it\/index.php\/wp-json\/wp\/v2\/posts\/57749\/revisions"}],"predecessor-version":[{"id":57753,"href":"https:\/\/www.piuomenopop.it\/index.php\/wp-json\/wp\/v2\/posts\/57749\/revisions\/57753"}],"wp:featuredmedia":[{"embeddable":true,"href":"https:\/\/www.piuomenopop.it\/index.php\/wp-json\/wp\/v2\/media\/57750"}],"wp:attachment":[{"href":"https:\/\/www.piuomenopop.it\/index.php\/wp-json\/wp\/v2\/media?parent=57749"}],"wp:term":[{"taxonomy":"category","embeddable":true,"href":"https:\/\/www.piuomenopop.it\/index.php\/wp-json\/wp\/v2\/categories?post=57749"},{"taxonomy":"post_tag","embeddable":true,"href":"https:\/\/www.piuomenopop.it\/index.php\/wp-json\/wp\/v2\/tags?post=57749"}],"curies":[{"name":"wp","href":"https:\/\/api.w.org\/{rel}","templated":true}]}}