{"id":57756,"date":"2019-11-10T16:10:24","date_gmt":"2019-11-10T15:10:24","guid":{"rendered":"http:\/\/www.piuomenopop.it\/?p=57756"},"modified":"2019-11-10T16:48:25","modified_gmt":"2019-11-10T15:48:25","slug":"inri-night-alla-milano-music-week-19-novembre-2019-ohibo-milano-con-bjrg-fiori-di-cadillac-brattini-molla","status":"publish","type":"post","link":"https:\/\/www.piuomenopop.it\/index.php\/2019\/11\/10\/inri-night-alla-milano-music-week-19-novembre-2019-ohibo-milano-con-bjrg-fiori-di-cadillac-brattini-molla\/","title":{"rendered":"INRI NIGHT alla MILANO MUSIC WEEK: 19 NOVEMBRE 2019 @ OHIB\u00d2 MILANO con BJRG + FIORI DI CADILLAC + BRATTINI + MOLLA"},"content":{"rendered":"<p style=\"text-align: center;\"><strong>INRI NIGHT alla MILANO MUSIC WEEK<\/strong><\/p>\n<p style=\"text-align: center;\"><strong>19 NOVEMBRE 2019\u00a0 OHIB\u00d2 MILANO<\/strong><\/p>\n<p style=\"text-align: center;\"><strong>con BJRG + FIORI DI CADILLAC + BRATTINI + MOLLA<\/strong><\/p>\n<p style=\"text-align: center;\"><em>Ingresso gratuito + tessera ARCI (obbligatoria)<\/em><\/p>\n<p style=\"text-align: center;\"><em>Evento Facebook:\u00a0<\/em><a href=\"https:\/\/www.facebook.com\/events\/416444272394857\/\" data-saferedirecturl=\"https:\/\/www.google.com\/url?q=https:\/\/www.facebook.com\/events\/416444272394857\/&amp;source=gmail&amp;ust=1573475968733000&amp;usg=AFQjCNFo0R5NKpt-L-vOrcc6BSwz4dORbQ\">https:\/\/www.facebook.com\/events\/416444272394857\/<\/a><\/p>\n<p>&nbsp;<\/p>\n<p>Marted\u00ec\u00a0<strong>19 novembre<\/strong> al Circolo <strong>Ohib\u00f2<\/strong>\u00a0di\u00a0<strong>Milano<\/strong>\u00a0torna la\u00a0<strong>INRI NIGHT<\/strong>, lo speciale appuntamento\u00a0<em>live<\/em>, giunto alla terza edizione, per conoscere le novit\u00e0 del\u00a0<em>roster<\/em>\u00a0INRI e per incontrare nomi di spicco della realt\u00e0 discografica tra le protagoniste del panorama indipendente italiano.<\/p>\n<p>A partire dalle ore 21:00 le nuove leve dell\u2019etichetta torinese si presentano dal vivo, alternandosi su due palchi del circolo: il rapper\u00a0<em>fusion<\/em>\u00a0<strong>BRATTINI<\/strong>,\u00a0l\u2019onirico\u00a0<em>solo voice<\/em>\u00a0<strong>BJRG<\/strong>, la rock band graffiante dei\u00a0<strong>FIORI DI CADILLAC\u00a0<\/strong>e il trascinante cantautore indie pop\u00a0<strong>MOLLA.\u00a0<\/strong><\/p>\n<p>L\u2019evento \u00e8 organizzato dal Circolo\u00a0 Ohib\u00f2 e Costello\u2019s, in collaborazione con INRI e Milano Music Week, e la media partnership di Onstage.<\/p>\n<p>Il Circolo Ohib\u00f2 di Milano \u00e8 in via Brembo, ang. via Benaco, 1.<\/p>\n<p>INGRESSO GRATUITO (con tessera ARCI). Apertura porte, ore 20:00 (da via Brembo).<\/p>\n<p><em>Per accedere \u00e8 necessario sottoscrivere la tessera ARCI.\u00a0<\/em><em>Per informazioni scrivere a\u00a0<a href=\"mailto:info@associazioneohibo.it\">info@associazioneohibo.it<\/a>\u00a0|\u00a0<a href=\"http:\/\/www.arci.it\/?fbclid=IwAR1VrBTVq2wyNzmYPhi8jDJa2-B_UpeKWjuzzaxImPVf4bJ_WW-sNYwkvjs\" data-saferedirecturl=\"https:\/\/www.google.com\/url?q=http:\/\/www.arci.it\/?fbclid%3DIwAR1VrBTVq2wyNzmYPhi8jDJa2-B_UpeKWjuzzaxImPVf4bJ_WW-sNYwkvjs&amp;source=gmail&amp;ust=1573475968733000&amp;usg=AFQjCNEUxI0uKtdJP6I1Cwyt4PApYMN_0Q\">www.arci.it<\/a><\/em><\/p>\n<p style=\"font-weight: 400;\"><strong>\u25c6<\/strong><strong>\u00a0BIO ARTISTI\u00a0<\/strong><strong>\u25c6<\/strong><\/p>\n<p style=\"font-weight: 400;\"><strong><a href=\"https:\/\/www.facebook.com\/bjrgvoicesolo\/\" data-saferedirecturl=\"https:\/\/www.google.com\/url?q=https:\/\/www.facebook.com\/bjrgvoicesolo\/&amp;source=gmail&amp;ust=1573475968733000&amp;usg=AFQjCNEziyxEfPu1hC8PUch4uoQUXs2Xfw\">BJRG<\/a><\/strong><\/p>\n<p style=\"font-weight: 400;\">BJRG (ex-Berg) opera solo con una voce nuda, due microfoni, una\u00a0<em>loop station<\/em>\u00a0e due pedali\u00a0<em>delay<\/em>. No elettronica, no strumenti musicali. Nel corso del 2017 ha portato a termine un tour nelle maggiori citt\u00e0 europee come Londra, Parigi, Lugano, Berlino per poi tornare in Italia, dove ha condiviso il palco con artisti come Motta, Joan Thiele e l\u2019artista australiana Tash Sultana. BJRG collabora inoltre come\u00a0<em>voice sound designer<\/em>\u00a0e direttore musicale con la compagnia di\u00a0<em>art performance<\/em>\u00a0&#8220;I Figli di Marla&#8221;. Nell\u2019aprile 2019 si sono esibiti a Palais de Tokyo a Parigi insieme ad artisti provenienti da Biennale Venezia, Moma, Tate Modern. Ha inoltre appena concluso un tour nelle principali citt\u00e0 del Marocco alla fine di settembre 2019.<\/p>\n<p style=\"font-weight: 400;\"><strong><a href=\"https:\/\/www.facebook.com\/fioridicadillacofficial\/\" data-saferedirecturl=\"https:\/\/www.google.com\/url?q=https:\/\/www.facebook.com\/fioridicadillacofficial\/&amp;source=gmail&amp;ust=1573475968733000&amp;usg=AFQjCNFYiCbJpONAnHPHMqo-0wn2xCgUTg\">FIORI DI CADILLAC<\/a><\/strong><\/p>\n<p style=\"font-weight: 400;\">Il progetto Fiori di Cadillac nasce nel 2010. La band produce musica attraverso un pianoforte, suoni sintetizzati, una chitarra, una batteria. I testi sono in italiano. Sul finire del 2013 viene pubblicato il disco \u201cCartoline\u201d, al quale segue un lungo tour in club e festival nazionali. Nel 2017 comincia il lavoro di stesura del nuovo album sotto la guida e la direzione artistica di Giulio Ragno Favero. L\u2019album, composto di 9 tracce, viene ultimato nel 2018. Andrea Suriani, insieme a Favero, ne cura la produzione e il missaggio. Il Mastering \u00e8 di Giovanni Versari. INRI \u00e8 la nuova etichetta dei Fiori di Cadillac.<\/p>\n<p style=\"font-weight: 400;\"><strong><a href=\"https:\/\/www.facebook.com\/bollitodibratta\/\" data-saferedirecturl=\"https:\/\/www.google.com\/url?q=https:\/\/www.facebook.com\/bollitodibratta\/&amp;source=gmail&amp;ust=1573475968733000&amp;usg=AFQjCNF7J2zXfd7ZE5un3Rjlza1B6pU5rA\">BRATTINI aka Alex Brat<\/a><\/strong><\/p>\n<p style=\"font-weight: 400;\">Brattini \u00e8 un rapper e producer di Torino. Si \u00e8 avvicinato alla cultura Hip Hop pi\u00f9 di dieci anni fa, grazie al\u00a0<em>freestyle top-of-the-head<\/em>\u00a0e da allora non \u00e8 mai andato troppo lontano da casa. Nel 2013 ha conosciuto i producer Judah &amp; Kavah (Bacon Strips, BODEGA) e con loro ha iniziato una collaborazione che dura ancora adesso. Da questo incontro nasce \u201cPoetiche Squallide Per Alternativi Pessimi\u201d, il primo album ufficiale in collaborazione con Willie Peyote, Blo\/B e Pablo Frida. Nel 2014 ha deciso di fermarsi per studiare meglio la musica che stava emergendo intorno a lui, e dopo un anno e mezzo di ricerche ha trovato quello che cercava: una commistione di rap vecchia scuola, accordi jazz e suoni astrali dal futuro. Cos\u00ec ha scritto, prodotto e registrato un album. E l\u2019ha buttato via. E poi ne ha fatto un altro. Nel 2017 \u00e8 uscito \u201cFluido\u201d per il collettivo Kali Black di Rimini. Quest\u2019anno \u00e8 tornato in studio e sta lavorando ad un EP dal titolo\u00a0<em>Salamandra<\/em>.<\/p>\n<p style=\"font-weight: 400;\"><strong><a href=\"https:\/\/www.facebook.com\/mollamusica\/\" data-saferedirecturl=\"https:\/\/www.google.com\/url?q=https:\/\/www.facebook.com\/mollamusica\/&amp;source=gmail&amp;ust=1573475968733000&amp;usg=AFQjCNFTeTpMvWX-qnWYsVodxCN49vzjMA\">MOLLA<\/a><\/strong><\/p>\n<p style=\"font-weight: 400;\">MOLLA \u00e8 un cantautore polistrumentista pluripremiato. Fa il suo esordio nel 2006 a Sanremo Giovani come batterista negli Ameba 4, la primissima band con Ermal Meta. La sua carriera da solista inizia nel 2012 e al termine del 2013 pubblica il suo primo album \u201cPrendi Fiato\u201d (Auand Records). Partecipa alla Scuola MTV &#8211; New Generation Campus e si distingue come miglior artista. Finalista al Premio Anacapri Bruno Lauzi, si aggiudica i premi per la migliore musica con \u201c<em>Eppure Sento<\/em>\u201d e per la miglior cover del brano di Lauzi \u201c<em>Il mio ufficio in riva al mare<\/em>\u201d. Nel 2016 pubblica \u201c365\u201d, il suo secondo album elettro-pop-cantautorale. Il brano \u201c<em>L\u00ec<\/em>\u201d \u00e8 tra le canzoni finaliste al Premio Lunezia e vince il Premio \u201cMusica Contro le Mafie 2016\u201d con la canzone \u201c<em>La notte sopra il mare<\/em>\u201d. Nell\u2019estate del 2017 concorre tra i finalisti del Premio Bindi con il singolo \u201c<em>Cinema all\u2019aperto<\/em>\u201d. Dopo due anni di live in giro per l\u2019Italia, nel maggio 2018 Molla si fa notare anche da MINA, la quale pubblica su You Tube l\u2019interpretazione di Molla della canzone \u201c<em>Troppe note<\/em>\u201d dell\u2019album \u201cMaeba\u201d. Nell\u2019ottobre 2018 Molla \u00e8 tra i semifinalisti di Sanremo Giovani con la canzone \u201c<em>21 orizzontale<\/em>\u201d. Nell\u2019aprile 2019 firma insieme a Zibba il brano \u201c<em>Uragano<\/em>\u201d per il nuovo album \u201cXVII\u201d di Alessandro Casillo e continua a scrivere per grandi interpreti del pop italiano. A novembre pubblica \u201c<em>TUTTO<\/em>\u201d prodotto da Simone Sproccati, il suo nuovo singolo it-pop con INRI\/Artist First.<\/p>\n","protected":false},"excerpt":{"rendered":"<div class=\"mh-excerpt\"><p>INRI NIGHT alla MILANO MUSIC WEEK 19 NOVEMBRE 2019\u00a0 OHIB\u00d2 MILANO con BJRG + FIORI DI CADILLAC + BRATTINI + MOLLA Ingresso gratuito + tessera <a class=\"mh-excerpt-more\" href=\"https:\/\/www.piuomenopop.it\/index.php\/2019\/11\/10\/inri-night-alla-milano-music-week-19-novembre-2019-ohibo-milano-con-bjrg-fiori-di-cadillac-brattini-molla\/\" title=\"INRI NIGHT alla MILANO MUSIC WEEK: 19 NOVEMBRE 2019 @ OHIB\u00d2 MILANO con BJRG + FIORI DI CADILLAC + BRATTINI + MOLLA\">[&#8230;]<\/a><\/p>\n<\/div>","protected":false},"author":2,"featured_media":57822,"comment_status":"closed","ping_status":"closed","sticky":false,"template":"","format":"standard","meta":{"sfsi_plus_gutenberg_text_before_share":"","sfsi_plus_gutenberg_show_text_before_share":"","sfsi_plus_gutenberg_icon_type":"","sfsi_plus_gutenberg_icon_alignemt":"","sfsi_plus_gutenburg_max_per_row":"","footnotes":"","_links_to":"","_links_to_target":""},"categories":[5184,3],"tags":[10921,4547,10923],"class_list":["post-57756","post","type-post","status-publish","format-standard","has-post-thumbnail","hentry","category-calendario-concerti","category-news","tag-inri-night","tag-milano-music-week","tag-ohibo-milano"],"aioseo_notices":[],"_links":{"self":[{"href":"https:\/\/www.piuomenopop.it\/index.php\/wp-json\/wp\/v2\/posts\/57756","targetHints":{"allow":["GET"]}}],"collection":[{"href":"https:\/\/www.piuomenopop.it\/index.php\/wp-json\/wp\/v2\/posts"}],"about":[{"href":"https:\/\/www.piuomenopop.it\/index.php\/wp-json\/wp\/v2\/types\/post"}],"author":[{"embeddable":true,"href":"https:\/\/www.piuomenopop.it\/index.php\/wp-json\/wp\/v2\/users\/2"}],"replies":[{"embeddable":true,"href":"https:\/\/www.piuomenopop.it\/index.php\/wp-json\/wp\/v2\/comments?post=57756"}],"version-history":[{"count":3,"href":"https:\/\/www.piuomenopop.it\/index.php\/wp-json\/wp\/v2\/posts\/57756\/revisions"}],"predecessor-version":[{"id":57827,"href":"https:\/\/www.piuomenopop.it\/index.php\/wp-json\/wp\/v2\/posts\/57756\/revisions\/57827"}],"wp:featuredmedia":[{"embeddable":true,"href":"https:\/\/www.piuomenopop.it\/index.php\/wp-json\/wp\/v2\/media\/57822"}],"wp:attachment":[{"href":"https:\/\/www.piuomenopop.it\/index.php\/wp-json\/wp\/v2\/media?parent=57756"}],"wp:term":[{"taxonomy":"category","embeddable":true,"href":"https:\/\/www.piuomenopop.it\/index.php\/wp-json\/wp\/v2\/categories?post=57756"},{"taxonomy":"post_tag","embeddable":true,"href":"https:\/\/www.piuomenopop.it\/index.php\/wp-json\/wp\/v2\/tags?post=57756"}],"curies":[{"name":"wp","href":"https:\/\/api.w.org\/{rel}","templated":true}]}}