{"id":57962,"date":"2019-11-12T19:00:27","date_gmt":"2019-11-12T18:00:27","guid":{"rendered":"http:\/\/www.piuomenopop.it\/?p=57962"},"modified":"2019-11-12T19:00:27","modified_gmt":"2019-11-12T18:00:27","slug":"the-niro-gary-lucas-in-tour-in-italia-dal-18-al-29-dicembre","status":"publish","type":"post","link":"https:\/\/www.piuomenopop.it\/index.php\/2019\/11\/12\/the-niro-gary-lucas-in-tour-in-italia-dal-18-al-29-dicembre\/","title":{"rendered":"The Niro &#038; Gary Lucas: in tour in Italia dal 18 al 29 dicembre"},"content":{"rendered":"<p style=\"text-align: center;\"><strong>The Niro\u00a0<em>featuring<\/em>\u00a0Gary Lucas<\/strong><\/p>\n<p style=\"text-align: center;\"><strong>IN TOUR CON<\/strong><\/p>\n<p style=\"text-align: center;\"><strong><em>The Complete Jeff Buckley and Gary Lucas Songbook<\/em><\/strong><\/p>\n<p>&nbsp;<\/p>\n<p>Dopo le 2 anteprime di Roma (Villa Ada, 21 luglio) e New York (The Cutting Room, 20 settembre), parte a dicembre il tour italiano di presentazione del nuovo progetto discografico di\u00a0<strong>The Niro\u00a0<em>feat<\/em>. Gary Lucas<\/strong>, \u2018<strong><em>The Complete Jeff Buckley and Gary Lucas Songbook\u2019,\u00a0<\/em><\/strong>che riunisce per\u00a0la prima volta tutte le canzoni scritte da Jeff Buckley e Gary Lucas, inclusi cinque titoli finora non presenti in nessun album.<\/p>\n<p><strong>The Niro<\/strong>\u00a0\u00e8 il nome del progetto musicale dell&#8217;artista italiano\u00a0<strong>Davide Combusti<\/strong>, protagonista della scena indie-rock dal 2002. Al suo attivo ha 4 album di cui 3 in inglese. Lo ritroviamo in apertura dei concerti di Sondre Lerche, Tom Hingley di Inspiral Carpets, Deep Purple, Lou Barlow, Badly Drawn Boy e Amy Winehouse.<\/p>\n<p><strong>Gary Lucas<\/strong>\u00a0\u00e8 considerato uno dei pi\u00f9 influenti chitarristi americani di sempre. Pu\u00f2 vantare un capitolo rilevante nella carriera di Jeff Buckley col quale ha composto le storiche\u00a0<em>Grace<\/em>\u00a0e\u00a0<em>Mojo Pin<\/em>.<em>\u00a0<\/em><\/p>\n<p>Il disco, che sta raccogliendo critiche e recensioni entusiastiche da parte della quasi totalit\u00e0 della stampa italiana, \u00e8 uscito ad ottobre per l\u2019etichetta\u00a0<strong>Esordisco<\/strong>\u00a0di Pierre Ruiz, e nelle prossime settimane sar\u00e0 distribuito anche negli Stati Uniti e in molti paesi europei. A dicembre uscir\u00e0 anche in vinile.<\/p>\n<p>Il tour, che vedr\u00e0 sul palco\u00a0<strong>The Niro<\/strong>\u00a0e\u00a0<strong>Gary Lucas<\/strong>\u00a0insieme al coproduttore artistico del disco\u00a0<strong>Francesco Arpino<\/strong>, conta 9 date che toccheranno alcune delle principali citt\u00e0 italiane da nord e sud nella seconda met\u00e0 del mese di dicembre:<\/p>\n<p>18\/12 Bergamo, Druso<\/p>\n<p>19\/12 Pordenone, Astro Club<\/p>\n<p>21\/12 Perugia, Bad King<\/p>\n<p>22\/12 Bologna, Area Fuori Tema<\/p>\n<p>23\/12 Correggio (MO), I Vizi del Pellicano<\/p>\n<p>26\/12 Torino, Blah Blah<\/p>\n<p>27\/12 Roma, Monk<\/p>\n<p>28\/12 Taranto, Mercato Nuovo<\/p>\n<p>29\/12 Bari, Anche Cinema<\/p>\n<p><em>\u00a0<\/em><\/p>\n<p><em>Il tour \u00e8 organizzato da Musiche Metropolitane, con la collaborazione di La Fabbrica Live.<\/em><\/p>\n<p>&nbsp;<\/p>\n<p>A proposito dell\u2019album,\u00a0<strong>Gary Lucas<\/strong>\u00a0ha dichiarato:\u00a0\u201cRiuscire a registrare in studio, dopo 25 anni, le nuove versioni di\u00a0<em>Buckley-Lucas songbook<\/em>\u00a0\u00e8 per me un sogno che si avvera, specialmente con un cantante cos\u00ec sensibile e talentuoso come\u00a0<strong>Davide Combusti<\/strong>\u00a0e un produttore lungimirante come\u00a0<strong>Francesco Arpino<\/strong>. \u00c8 stata una gioia lavorare insieme, e mi hanno costantemente sorpreso con la loro fresca interpretazione di queste canzoni &#8220;.<\/p>\n<p>E\u2019 stato infatti Gary Lucas che, scoprendo The Niro durante un tour italiano, gli ha proposto di dare voce a questo progetto straordinario. Il cantante arruola il produttore artistico\u00a0<strong>Francesco Arpino<\/strong>\u00a0e propone la produzione esecutiva a\u00a0<strong>Pierre Ruiz<\/strong>\u00a0e alla sua etichetta discografica,\u00a0<strong>Esordisco<\/strong>. Nel mese di dicembre 2018, Gary Lucas sbarca a Roma ed iniziano le registrazioni di\u00a0<strong>The Complete Jeff Buckley and Gary Lucas Songbook<\/strong>. Nel progetto, anche\u00a0<strong>Phil Spalding<\/strong>\u00a0(Mick Jagger, Roger Daltrey, Seal, Elton John)\u00a0e\u00a0<strong>Maurizio Mariani\u00a0<\/strong>al basso,\u00a0<strong>Puccio Panettieri<\/strong>\u00a0alla batteria (Mannarino, Carmen Consoli) e\u00a0<strong>Mattia Boschi<\/strong>\u00a0al violoncello.<\/p>\n<p>Nel disco sono presenti\u00a0<strong>cinque titoli scritti con Jeff che sono stati registrati in studio da The Niro per la prima volta in assoluto<\/strong>:\u00a0&#8220;<em>No one must find you here<\/em>&#8220;, &#8220;<em>Story without words<\/em>&#8220;, &#8220;<em>In the cantina<\/em>&#8220;, &#8220;<em>Distortion<\/em>&#8221; e &#8220;<em>Bluebird blues<\/em>&#8220;.<em>\u00a0<\/em><\/p>\n<p>\u201cPer me \u00e8 un grande onore aver potuto prendere parte a questo straordinario progetto, dice\u00a0<strong>The Niro<\/strong>.\u00a0In questo disco ho cercato di trovare la mia chiave espressiva, senza voler \u201cclonare\u201d in nessun modo un mostro sacro come Jeff, e sono davvero felice che questo risulti evidente a tutti coloro che ascoltano questo disco. Il mio non \u00e8 stato in alcun modo un esercizio di maniera, ed \u00e8 lampante che dietro al microfono ci sia io\u201d.<\/p>\n<p>La scelta di non seguire pedissequamente gli arrangiamenti delle versioni originali, specialmente nei brani pi\u00f9 conosciuti come\u00a0<em>Grace<\/em>\u00a0e\u00a0<em>Mojo Pin,<\/em>\u00a0risponde alla precisa volont\u00e0 di The Niro e Francesco Arpino di dare nuova vita a questi capolavori cambiando loro vestito, fermo restando che la chitarra di Gary Lucas funge da ponte temporale e stilistico tra le due versioni.<\/p>\n<p>Un progetto denso e coraggioso, rispettoso ma creativo, che finalmente sar\u00e0 portato live a fine 2019.<\/p>\n","protected":false},"excerpt":{"rendered":"<div class=\"mh-excerpt\"><p>The Niro\u00a0featuring\u00a0Gary Lucas IN TOUR CON The Complete Jeff Buckley and Gary Lucas Songbook &nbsp; Dopo le 2 anteprime di Roma (Villa Ada, 21 luglio) <a class=\"mh-excerpt-more\" href=\"https:\/\/www.piuomenopop.it\/index.php\/2019\/11\/12\/the-niro-gary-lucas-in-tour-in-italia-dal-18-al-29-dicembre\/\" title=\"The Niro &#038; Gary Lucas: in tour in Italia dal 18 al 29 dicembre\">[&#8230;]<\/a><\/p>\n<\/div>","protected":false},"author":2,"featured_media":57963,"comment_status":"closed","ping_status":"closed","sticky":false,"template":"","format":"standard","meta":{"sfsi_plus_gutenberg_text_before_share":"","sfsi_plus_gutenberg_show_text_before_share":"","sfsi_plus_gutenberg_icon_type":"","sfsi_plus_gutenberg_icon_alignemt":"","sfsi_plus_gutenburg_max_per_row":"","footnotes":"","_links_to":"","_links_to_target":""},"categories":[5184,3],"tags":[10934],"class_list":["post-57962","post","type-post","status-publish","format-standard","has-post-thumbnail","hentry","category-calendario-concerti","category-news","tag-the-niro-featuring-gary-lucas"],"aioseo_notices":[],"_links":{"self":[{"href":"https:\/\/www.piuomenopop.it\/index.php\/wp-json\/wp\/v2\/posts\/57962","targetHints":{"allow":["GET"]}}],"collection":[{"href":"https:\/\/www.piuomenopop.it\/index.php\/wp-json\/wp\/v2\/posts"}],"about":[{"href":"https:\/\/www.piuomenopop.it\/index.php\/wp-json\/wp\/v2\/types\/post"}],"author":[{"embeddable":true,"href":"https:\/\/www.piuomenopop.it\/index.php\/wp-json\/wp\/v2\/users\/2"}],"replies":[{"embeddable":true,"href":"https:\/\/www.piuomenopop.it\/index.php\/wp-json\/wp\/v2\/comments?post=57962"}],"version-history":[{"count":1,"href":"https:\/\/www.piuomenopop.it\/index.php\/wp-json\/wp\/v2\/posts\/57962\/revisions"}],"predecessor-version":[{"id":57964,"href":"https:\/\/www.piuomenopop.it\/index.php\/wp-json\/wp\/v2\/posts\/57962\/revisions\/57964"}],"wp:featuredmedia":[{"embeddable":true,"href":"https:\/\/www.piuomenopop.it\/index.php\/wp-json\/wp\/v2\/media\/57963"}],"wp:attachment":[{"href":"https:\/\/www.piuomenopop.it\/index.php\/wp-json\/wp\/v2\/media?parent=57962"}],"wp:term":[{"taxonomy":"category","embeddable":true,"href":"https:\/\/www.piuomenopop.it\/index.php\/wp-json\/wp\/v2\/categories?post=57962"},{"taxonomy":"post_tag","embeddable":true,"href":"https:\/\/www.piuomenopop.it\/index.php\/wp-json\/wp\/v2\/tags?post=57962"}],"curies":[{"name":"wp","href":"https:\/\/api.w.org\/{rel}","templated":true}]}}