{"id":59646,"date":"2019-12-11T18:55:50","date_gmt":"2019-12-11T17:55:50","guid":{"rendered":"http:\/\/www.piuomenopop.it\/?p=59646"},"modified":"2019-12-11T18:55:50","modified_gmt":"2019-12-11T17:55:50","slug":"pixies-annunciate-due-date-estive-in-italia","status":"publish","type":"post","link":"https:\/\/www.piuomenopop.it\/index.php\/2019\/12\/11\/pixies-annunciate-due-date-estive-in-italia\/","title":{"rendered":"PIXIES: annunciate due date estive in Italia!"},"content":{"rendered":"<p style=\"text-align: center;\"><strong>8 luglio<span style=\"font-family: arial, helvetica neue, helvetica, sans-serif;\">\u00a0<\/span><\/strong><strong><span style=\"font-family: arial, helvetica neue, helvetica, sans-serif;\">2020\u00a0&#8211;<\/span><\/strong><strong><span style=\"font-family: arial, helvetica neue, helvetica, sans-serif;\">\u00a0Roma<br \/>\nAuditorium Parco della Musica \/\/\u00a0Roma Summer Fest<\/span><\/strong><br \/>\n<span style=\"font-family: arial, helvetica neue, helvetica, sans-serif;\">In collaborazione con\u00a0<strong>Ventidieci<\/strong>\u00a0e\u00a0<strong>Alhena Entertainment<\/strong><\/span><\/p>\n<p dir=\"ltr\" style=\"text-align: center;\">Ore\u00a0<strong>21:00<\/strong><\/p>\n<p dir=\"ltr\" style=\"text-align: center;\"><strong>Biglietti<\/strong><br \/>\n35\u20ac + d.p. &#8211; Parterre<br \/>\n40\u20ac + d.p. &#8211; Tribuna Centrale<br \/>\n30,50\u20ac + d.p. &#8211; Tribuna Mediana<br \/>\n30,50\u20ac + d.p. &#8211; Tribuna Laterale<br \/>\n25\u20ac + d.p. &#8211; Tribunetta<\/p>\n<p dir=\"ltr\" style=\"text-align: center;\">Apertura prevendite\u00a0<strong>Venerd\u00ec 6 dicembre<\/strong>\u00a0a partire dalle\u00a0<strong>ore 12:00<\/strong><br \/>\nsul circuito Ticketone &#8211;\u00a0<a href=\"https:\/\/dnaconcerti.us3.list-manage.com\/track\/click?u=0949d73c4a6ceeaa9e25542cf&amp;id=08173b607e&amp;e=092ea9e5b2\" target=\"_blank\" rel=\"noopener noreferrer\" data-saferedirecturl=\"https:\/\/www.google.com\/url?q=https:\/\/dnaconcerti.us3.list-manage.com\/track\/click?u%3D0949d73c4a6ceeaa9e25542cf%26id%3D08173b607e%26e%3D092ea9e5b2&amp;source=gmail&amp;ust=1576172964224000&amp;usg=AFQjCNHksyNBgPw15cj4QYX9Oryvdy6pBQ\">http:\/\/bit.ly\/Pixies_Ticketone<\/a><\/p>\n<p style=\"text-align: center;\"><strong>29 agosto<span style=\"font-family: arial, helvetica neue, helvetica, sans-serif;\">\u00a0<\/span><\/strong><strong><span style=\"font-family: arial, helvetica neue, helvetica, sans-serif;\">2020\u00a0&#8211; Lecce<\/span><\/strong><strong><span style=\"font-family: arial, helvetica neue, helvetica, sans-serif;\"><br \/>\nSEI &#8211; Sud Est Indipendente Festival<\/span><\/strong><br \/>\n<span style=\"font-family: arial, helvetica neue, helvetica, sans-serif;\">In collaborazione con\u00a0<strong>Locus Festival<\/strong><\/span><\/p>\n<p style=\"text-align: center;\">Apertura Porte 19:00<br \/>\nSupport 21:00<br \/>\nPixies 22:30<\/p>\n<p style=\"text-align: center;\">Biglietti:\u00a0<strong>35\u20ac<\/strong>\u00a0+ d.p.<\/p>\n<p style=\"text-align: center;\">Apertura prevendite\u00a0<strong>venerd\u00ec 6 dicembre<\/strong>\u00a0a partire dalle\u00a0<strong>ore 12:00<\/strong>\u00a0sui circuiti<br \/>\nTicketone &#8211;\u00a0<a href=\"https:\/\/dnaconcerti.us3.list-manage.com\/track\/click?u=0949d73c4a6ceeaa9e25542cf&amp;id=fec6893cfa&amp;e=092ea9e5b2\" target=\"_blank\" rel=\"noopener noreferrer\" data-saferedirecturl=\"https:\/\/www.google.com\/url?q=https:\/\/dnaconcerti.us3.list-manage.com\/track\/click?u%3D0949d73c4a6ceeaa9e25542cf%26id%3Dfec6893cfa%26e%3D092ea9e5b2&amp;source=gmail&amp;ust=1576172964224000&amp;usg=AFQjCNGJoJaV5O6hC7hFGasm8QgF6m4tCQ\">bit.ly\/Pixies_Ticketone<\/a><br \/>\nVivaticket &#8211;\u00a0<a href=\"https:\/\/dnaconcerti.us3.list-manage.com\/track\/click?u=0949d73c4a6ceeaa9e25542cf&amp;id=4049108f50&amp;e=092ea9e5b2\" target=\"_blank\" rel=\"noopener noreferrer\" data-saferedirecturl=\"https:\/\/www.google.com\/url?q=https:\/\/dnaconcerti.us3.list-manage.com\/track\/click?u%3D0949d73c4a6ceeaa9e25542cf%26id%3D4049108f50%26e%3D092ea9e5b2&amp;source=gmail&amp;ust=1576172964224000&amp;usg=AFQjCNEaril1uMRsoQIRr7h61yvV0ARadA\">bit.ly\/VT_Lecce<\/a><\/p>\n<p dir=\"ltr\" style=\"text-align: center;\">\u00a0MAGGIORI INFO SU\u00a0<a href=\"https:\/\/dnaconcerti.us3.list-manage.com\/track\/click?u=0949d73c4a6ceeaa9e25542cf&amp;id=f917967547&amp;e=092ea9e5b2\" target=\"_blank\" rel=\"noopener noreferrer\" data-saferedirecturl=\"https:\/\/www.google.com\/url?q=https:\/\/dnaconcerti.us3.list-manage.com\/track\/click?u%3D0949d73c4a6ceeaa9e25542cf%26id%3Df917967547%26e%3D092ea9e5b2&amp;source=gmail&amp;ust=1576172964224000&amp;usg=AFQjCNEuF4oFEkn8-aBRnnMoz3D-WY7rLQ\">www.dnaconcerti.com<\/a><\/p>\n<p><strong id=\"m_-9052006875502330142docs-internal-guid-09b460bd-7fff-42ab-f0c8-366f14b792d7\">Dopo i due sold out dello scorso ottobre a Bologna e Torino per il tour del loro settimo album \u201cBeneath The Eyrie\u201d, la leggendaria band di Boston torner\u00e0 nel nostro paese a luglio e ad agosto per la gioia dei numerosissimi fan italiani<\/strong><\/p>\n<p dir=\"ltr\">Sono senza dubbio tra le band pi\u00f9 importanti della storia e, anche solo a giudicare dall\u2019ultima volta che sono passati in Italia, i loro live sono da sempre fra i pi\u00f9 amati e attesi. Tra il tutto esaurito al Paladozza di Bologna lo scorso 11 ottobre e quello alle Officine Grandi Riparazioni di Torino il giorno dopo, migliaia di fan hanno assistito estasiati a una performance impeccabile durata pi\u00f9 di due ore. Centoventi minuti in cui Black Francis e la sua band, nell&#8217;ormai consolidata formazione con Paz Lenchantin al basso, hanno eseguito ben pi\u00f9 di quaranta brani: ai grandi e attesissimi classici della loro carriera si sono aggiunti i nuovi estratti dall\u2019ultimo album \u201cBeneath The Eyrie\u201d, pubblicato lo scorso 13 settembre su BMG\/Infectious.<\/p>\n<p dir=\"ltr\">\n<p>Nel 2020 i Pixies ci regaleranno due nuove imperdibili occasioni per vederli dal vivo: l\u2019<strong>8 luglio<\/strong>\u00a0si esibiranno nel cuore musicale capitolino, la\u00a0<strong>Cavea<\/strong>\u00a0dell\u2019<strong>Auditorium Parco della Musica<\/strong>\u00a0di\u00a0<strong>Roma<\/strong>. Torneranno poi sul finire dell\u2019estate, il\u00a0<strong>29 agosto<\/strong>, questa volta a\u00a0<strong>Lecce<\/strong>, al\u00a0<strong>SEI &#8211; Sud Est Indipendente Festival<\/strong>, una tra le rassegne pi\u00f9 rilevanti e audaci nell\u2019agenda musicale di tutto il sud Italia.<\/p>\n<p dir=\"ltr\" style=\"text-align: center;\"><iframe loading=\"lazy\" src=\"https:\/\/www.youtube.com\/embed\/thxrujYnY6c\" width=\"560\" height=\"315\" frameborder=\"0\" allowfullscreen=\"allowfullscreen\"><\/iframe><\/p>\n<p dir=\"ltr\"><strong>Considerati la band pi\u00f9 influente e pionieristica degli anni \u201980<\/strong>, i Pixies hanno aperto la strada a pesi massimi della storia della musica come Nirvana, Radiohead e Pearl Jam. I loro successi sono innumerevoli, e molti sono entrati nella storia della cultura pop, come &#8220;<em>Where is my mind?<\/em>&#8220;, conosciuta in tutto il mondo per essere stata utilizzata nella scena finale e nei titoli di coda del film Fight Club.<\/p>\n<p dir=\"ltr\">La band si forma a Boston nel nel 1986 dall&#8217;incontro di\u00a0<strong>Black Francis<\/strong>\u00a0(voce e chitarra),\u00a0<strong>Kim Deal<\/strong>\u00a0(basso),\u00a0<strong>David Lovering<\/strong>\u00a0(batteria) e\u00a0<strong>Joey Santiago<\/strong>\u00a0(chitarra). Dopo cinque album in studio che li hanno portati all\u2019apice della popolarit\u00e0, nel 1993 Black Francis annuncia il loro scioglimento in un\u2019intervista radiofonica su BBC Radio 5. Torneranno insieme solo nell\u2019aprile 2004, ripartendo con un lungo tour per celebrare la loro reunion. Nel 2012 rientrano in studio per scrivere nuova musica, ma proprio sei giorni dopo la fine delle registrazioni la bassista Kim Deal decide di abbandonare la band. I membri rimasti decidono di proseguire, lavorando con diversi bassisti fino a quando\u00a0<strong>Paz Lenchantin<\/strong>, ex A Perfect Circle, entra a far parte della band in modo definitivo. \u201c<strong>Indie Cindy<\/strong>\u201d \u00e8 stato pubblicato nel 2014 ed \u00e8 il loro primo album di musica inedita dopo pi\u00f9 di 20 anni di silenzio discografico, seguito nel 2016 da \u201c<strong>Head Carrier<\/strong>\u201d. Lo scorso settembre hanno pubblicato \u201c<strong>Beneath The Eyrie<\/strong>\u201d, accolto entusiasticamente da critica e pubblico per la coerenza con il resto della discografia della band, arricchita da un&#8217;inedita dose di leggerezza e psichedelia.<\/p>\n<p dir=\"ltr\"><strong id=\"m_-9052006875502330142docs-internal-guid-3199fb42-7fff-6b5a-a58d-3421cd34138f\">\u00a0<\/strong><strong id=\"m_-9052006875502330142docs-internal-guid-3199fb42-7fff-6b5a-a58d-3421cd34138f\">Molto presto avremo due nuove occasioni per vedere live queste leggende viventi, che a ogni ritorno aggiungono qualcosa alla loro storia e riprendono il palco con rinnovata energia.<\/strong><\/p>\n","protected":false},"excerpt":{"rendered":"<div class=\"mh-excerpt\"><p>8 luglio\u00a02020\u00a0&#8211;\u00a0Roma Auditorium Parco della Musica \/\/\u00a0Roma Summer Fest In collaborazione con\u00a0Ventidieci\u00a0e\u00a0Alhena Entertainment Ore\u00a021:00 Biglietti 35\u20ac + d.p. &#8211; Parterre 40\u20ac + d.p. &#8211; Tribuna <a class=\"mh-excerpt-more\" href=\"https:\/\/www.piuomenopop.it\/index.php\/2019\/12\/11\/pixies-annunciate-due-date-estive-in-italia\/\" title=\"PIXIES: annunciate due date estive in Italia!\">[&#8230;]<\/a><\/p>\n<\/div>","protected":false},"author":2,"featured_media":59647,"comment_status":"closed","ping_status":"closed","sticky":false,"template":"","format":"standard","meta":{"sfsi_plus_gutenberg_text_before_share":"","sfsi_plus_gutenberg_show_text_before_share":"","sfsi_plus_gutenberg_icon_type":"","sfsi_plus_gutenberg_icon_alignemt":"","sfsi_plus_gutenburg_max_per_row":"","footnotes":"","_links_to":"","_links_to_target":""},"categories":[5184,3],"tags":[9416],"class_list":["post-59646","post","type-post","status-publish","format-standard","has-post-thumbnail","hentry","category-calendario-concerti","category-news","tag-pixies"],"aioseo_notices":[],"_links":{"self":[{"href":"https:\/\/www.piuomenopop.it\/index.php\/wp-json\/wp\/v2\/posts\/59646","targetHints":{"allow":["GET"]}}],"collection":[{"href":"https:\/\/www.piuomenopop.it\/index.php\/wp-json\/wp\/v2\/posts"}],"about":[{"href":"https:\/\/www.piuomenopop.it\/index.php\/wp-json\/wp\/v2\/types\/post"}],"author":[{"embeddable":true,"href":"https:\/\/www.piuomenopop.it\/index.php\/wp-json\/wp\/v2\/users\/2"}],"replies":[{"embeddable":true,"href":"https:\/\/www.piuomenopop.it\/index.php\/wp-json\/wp\/v2\/comments?post=59646"}],"version-history":[{"count":1,"href":"https:\/\/www.piuomenopop.it\/index.php\/wp-json\/wp\/v2\/posts\/59646\/revisions"}],"predecessor-version":[{"id":59648,"href":"https:\/\/www.piuomenopop.it\/index.php\/wp-json\/wp\/v2\/posts\/59646\/revisions\/59648"}],"wp:featuredmedia":[{"embeddable":true,"href":"https:\/\/www.piuomenopop.it\/index.php\/wp-json\/wp\/v2\/media\/59647"}],"wp:attachment":[{"href":"https:\/\/www.piuomenopop.it\/index.php\/wp-json\/wp\/v2\/media?parent=59646"}],"wp:term":[{"taxonomy":"category","embeddable":true,"href":"https:\/\/www.piuomenopop.it\/index.php\/wp-json\/wp\/v2\/categories?post=59646"},{"taxonomy":"post_tag","embeddable":true,"href":"https:\/\/www.piuomenopop.it\/index.php\/wp-json\/wp\/v2\/tags?post=59646"}],"curies":[{"name":"wp","href":"https:\/\/api.w.org\/{rel}","templated":true}]}}