{"id":59652,"date":"2019-12-11T19:10:43","date_gmt":"2019-12-11T18:10:43","guid":{"rendered":"http:\/\/www.piuomenopop.it\/?p=59652"},"modified":"2019-12-11T19:11:20","modified_gmt":"2019-12-11T18:11:20","slug":"dente-dopo-le-anteprime-sold-out-a-milano-e-roma-annunciate-le-prime-date-del-tour-2020-al-via-da-marzo-lartista-presentera-nei-club-le-canzoni-del-nuovo-album-di-inediti-in-uscita-nel-nu","status":"publish","type":"post","link":"https:\/\/www.piuomenopop.it\/index.php\/2019\/12\/11\/dente-dopo-le-anteprime-sold-out-a-milano-e-roma-annunciate-le-prime-date-del-tour-2020-al-via-da-marzo-lartista-presentera-nei-club-le-canzoni-del-nuovo-album-di-inediti-in-uscita-nel-nu\/","title":{"rendered":"DENTE: dopo le anteprime sold out a Milano e Roma, annunciate le prime date del tour 2020 al via da marzo"},"content":{"rendered":"<p style=\"font-weight: 400; text-align: center;\"><strong>DENTE<\/strong><\/p>\n<p style=\"font-weight: 400; text-align: center;\"><strong>DOPO LE ANTEPRIME SOLD OUT A MILANO E ROMA<\/strong><\/p>\n<p style=\"font-weight: 400; text-align: center;\"><strong>ANNUNCIATE LE PRIME DATE DEL TOUR 2020<\/strong><\/p>\n<p style=\"font-weight: 400; text-align: center;\">L\u2019artista presenter\u00e0 nei club le canzoni del nuovo album di inediti e ripercorrer\u00e0 i brani pi\u00f9 amati di oltre 10 anni di carriera<\/p>\n<p style=\"font-weight: 400;\">Dopo il successo delle due speciali\u00a0<strong>anteprime<\/strong>\u00a0che hanno fatto registrare il\u00a0<strong>tutto esaurito a Milano e Roma<\/strong>,\u00a0<strong>Dente<\/strong>\u00a0annuncia le prime date del\u00a0<strong>nuovo tour 2020<\/strong>\u00a0che da marzo lo vedr\u00e0 sui palchi dei migliori club del paese.<\/p>\n<p style=\"font-weight: 400;\">Accompagnato dalla sua band,\u00a0<strong>Dente<\/strong>\u00a0porter\u00e0 in scena il meglio del suo repertorio, brani come\u00a0<em>Invece tu<\/em>,\u00a0<em>Chiuso dall\u2019interno<\/em>,\u00a0<em>Coniugati passeggiare<\/em>, e tanti altri ancora. Canzoni essenziali, ricercate nei testi e negli arrangiamenti, che grazie alla sua inconfondibile cifra pop semplice ma mai banale, l\u2019hanno reso in oltre dieci anni di carriera uno dei pi\u00f9 apprezzati cantautori del nostro panorama musicale.<\/p>\n<p style=\"font-weight: 400;\">I concerti saranno soprattutto l\u2019occasione per presentare dal vivo i brani del\u00a0<strong>nuovo, attesissimo disco di inediti<\/strong>\u00a0\u2013 come i singoli\u00a0<em>Anche se non voglio<\/em>\u00a0e\u00a0<em>Adieu\u00a0<\/em>che anticipano l\u2019uscita dell\u2019album<em>\u00a0&#8211;<\/em>\u00a0che\u00a0<strong>sar\u00e0 pubblicato nel 2020<\/strong>\u00a0da INRI e Artist First, a distanza di 4 anni dall\u2019ultimo \u201cCanzoni per met\u00e0\u201d.<\/p>\n<p style=\"font-weight: 400;\"><strong>Ecco le prime date annunciate<\/strong>:\u00a0<strong>13 marzo Brescia\u00a0<\/strong>@ Latteria Molloy,<strong>\u00a014 marzo Roncade\u00a0<\/strong>(TV) @ New Age,\u00a0<strong>20 marzo Bologna\u00a0<\/strong>@ Locomotiv Club,<strong>\u00a021 marzo Ravenna\u00a0<\/strong>@ Bronson Club,<strong>\u00a027 marzo Conversano\u00a0<\/strong>(BA) @ Casa Delle Arti,<strong>\u00a028 marzo Lecce\u00a0<\/strong>@ Officine Cantelmo,<strong>\u00a03 aprile Padova\u00a0<\/strong>@ Hall,<strong>\u00a04 aprile\u00a0Firenze\u00a0<\/strong>@ Auditorium Flog,<strong>\u00a025 aprile Torino\u00a0<\/strong>@ Spazio 211.<\/p>\n<p style=\"font-weight: 400;\">Prima di partire per il tour 2020, Dente sar\u00e0 inoltre in concerto il<strong>\u00a027 dicembre a Tito\u00a0<\/strong>(PZ) allo Spazio Cecilia.<\/p>\n<p style=\"font-weight: 400;\"><strong>I biglietti sono disponibili nelle prevendite abituali e online<\/strong><strong>.\u00a0<\/strong>Il tour \u00e8 prodotto\u00a0<strong>Massimo Levantini per\u00a0<\/strong><strong>Baobab Music\u00a0<\/strong><strong>&amp; Ethics<\/strong>; per tutte le info e gli aggiornamenti di calendario:\u00a0<a href=\"http:\/\/www.baobabmusic.it\/\" data-saferedirecturl=\"https:\/\/www.google.com\/url?q=http:\/\/www.baobabmusic.it&amp;source=gmail&amp;ust=1576174162025000&amp;usg=AFQjCNHnLhCYeiwnTeJHr6WQAB2iP8yzUQ\"><strong>www.baobabmusic.it<\/strong><\/a>.\u00a0<strong>RADIO ZETA<\/strong>\u00a0\u00e8 partner ufficiale della tourn\u00e9e.<\/p>\n<p style=\"font-weight: 400;\"><strong>Giuseppe Peveri<\/strong>\u00a0detto\u00a0<strong>DENTE<\/strong>, nasce a Fidenza (PR) nel 1976.\u00a0Poco pi\u00f9 che adolescente, intraprende la sua avventura musicale come chitarrista dei Quic, passando per la band La Spina, con cui pubblica due album alla fine del secolo scorso, per poi intraprendere la carriera solista nel 2006.\u00a0<strong>DENTE \u00e8 uno dei pi\u00f9 apprezzati cantautori italiani<\/strong>, un musicista che negli anni ha conquistato un pubblico sempre pi\u00f9 numeroso e affezionato riuscendo a imporre il suo\u00a0<strong>personalissimo linguaggio pop dai tratti essenziali e ricercati<\/strong>. Ad oggi ha pubblicato 6 album in studio, un Ep digitale e un libro. Ha collaborato con numerosissimi artisti del panorama italiano come Perturbazione, Arisa, Marco Mengoni, Le Luci della centrale Elettrica, Manuel Agnelli, Coez, Brunori s.a.s., Enrico Ruggeri e Selton.<\/p>\n","protected":false},"excerpt":{"rendered":"<div class=\"mh-excerpt\"><p>DENTE DOPO LE ANTEPRIME SOLD OUT A MILANO E ROMA ANNUNCIATE LE PRIME DATE DEL TOUR 2020 L\u2019artista presenter\u00e0 nei club le canzoni del nuovo <a class=\"mh-excerpt-more\" href=\"https:\/\/www.piuomenopop.it\/index.php\/2019\/12\/11\/dente-dopo-le-anteprime-sold-out-a-milano-e-roma-annunciate-le-prime-date-del-tour-2020-al-via-da-marzo-lartista-presentera-nei-club-le-canzoni-del-nuovo-album-di-inediti-in-uscita-nel-nu\/\" title=\"DENTE: dopo le anteprime sold out a Milano e Roma, annunciate le prime date del tour 2020 al via da marzo\">[&#8230;]<\/a><\/p>\n<\/div>","protected":false},"author":2,"featured_media":55765,"comment_status":"closed","ping_status":"closed","sticky":false,"template":"","format":"standard","meta":{"sfsi_plus_gutenberg_text_before_share":"","sfsi_plus_gutenberg_show_text_before_share":"","sfsi_plus_gutenberg_icon_type":"","sfsi_plus_gutenberg_icon_alignemt":"","sfsi_plus_gutenburg_max_per_row":"","footnotes":"","_links_to":"","_links_to_target":""},"categories":[5184,3],"tags":[1214],"class_list":["post-59652","post","type-post","status-publish","format-standard","has-post-thumbnail","hentry","category-calendario-concerti","category-news","tag-dente"],"aioseo_notices":[],"_links":{"self":[{"href":"https:\/\/www.piuomenopop.it\/index.php\/wp-json\/wp\/v2\/posts\/59652","targetHints":{"allow":["GET"]}}],"collection":[{"href":"https:\/\/www.piuomenopop.it\/index.php\/wp-json\/wp\/v2\/posts"}],"about":[{"href":"https:\/\/www.piuomenopop.it\/index.php\/wp-json\/wp\/v2\/types\/post"}],"author":[{"embeddable":true,"href":"https:\/\/www.piuomenopop.it\/index.php\/wp-json\/wp\/v2\/users\/2"}],"replies":[{"embeddable":true,"href":"https:\/\/www.piuomenopop.it\/index.php\/wp-json\/wp\/v2\/comments?post=59652"}],"version-history":[{"count":2,"href":"https:\/\/www.piuomenopop.it\/index.php\/wp-json\/wp\/v2\/posts\/59652\/revisions"}],"predecessor-version":[{"id":59654,"href":"https:\/\/www.piuomenopop.it\/index.php\/wp-json\/wp\/v2\/posts\/59652\/revisions\/59654"}],"wp:featuredmedia":[{"embeddable":true,"href":"https:\/\/www.piuomenopop.it\/index.php\/wp-json\/wp\/v2\/media\/55765"}],"wp:attachment":[{"href":"https:\/\/www.piuomenopop.it\/index.php\/wp-json\/wp\/v2\/media?parent=59652"}],"wp:term":[{"taxonomy":"category","embeddable":true,"href":"https:\/\/www.piuomenopop.it\/index.php\/wp-json\/wp\/v2\/categories?post=59652"},{"taxonomy":"post_tag","embeddable":true,"href":"https:\/\/www.piuomenopop.it\/index.php\/wp-json\/wp\/v2\/tags?post=59652"}],"curies":[{"name":"wp","href":"https:\/\/api.w.org\/{rel}","templated":true}]}}