{"id":60304,"date":"2020-01-13T15:56:19","date_gmt":"2020-01-13T14:56:19","guid":{"rendered":"http:\/\/www.piuomenopop.it\/?p=60304"},"modified":"2020-01-13T16:00:58","modified_gmt":"2020-01-13T15:00:58","slug":"intervista-nellattesa-del-prossimo-tormentone-di-scarda","status":"publish","type":"post","link":"https:\/\/www.piuomenopop.it\/index.php\/2020\/01\/13\/intervista-nellattesa-del-prossimo-tormentone-di-scarda\/","title":{"rendered":"[Intervista] Nell&#8217;attesa del prossimo Tormentone di Scarda"},"content":{"rendered":"<p>&nbsp;<\/p>\n<p><span style=\"font-weight: 400;\">A cura di <a href=\"https:\/\/www.facebook.com\/diana.valnoir.3\" target=\"_blank\" rel=\"noopener noreferrer\"><strong>Gloria Diana Valnegri<\/strong><\/a><\/span><\/p>\n<p>&nbsp;<\/p>\n<p><span style=\"font-weight: 400;\">Abbiamo fatto un po&#8217; di chiacchiere con <a href=\"https:\/\/www.facebook.com\/scardaofficial\/\" target=\"_blank\" rel=\"noopener noreferrer\"><strong>Scarda<\/strong><\/a> in occasione della chiusura del suo <strong><em>&#8220;Tormentone Tour&#8221;<\/em> <\/strong>che ha avuto un gran bel riscontro tra i palchi della nostra bella Italia e per farci snocciolare qualche chicca sul suo prossimo lavoro discografico di cui siamo molto curiosi.\u00a0<\/span><\/p>\n<figure id=\"attachment_56675\" aria-describedby=\"caption-attachment-56675\" style=\"width: 1200px\" class=\"wp-caption aligncenter\"><img loading=\"lazy\" decoding=\"async\" class=\"wp-image-56675 size-full\" src=\"http:\/\/www.piuomenopop.it\/wp-content\/uploads\/2019\/10\/Scarda-2.jpg\" alt=\"\" width=\"1200\" height=\"800\" srcset=\"https:\/\/www.piuomenopop.it\/wp-content\/uploads\/2019\/10\/Scarda-2.jpg 1200w, https:\/\/www.piuomenopop.it\/wp-content\/uploads\/2019\/10\/Scarda-2-300x200.jpg 300w, https:\/\/www.piuomenopop.it\/wp-content\/uploads\/2019\/10\/Scarda-2-768x512.jpg 768w, https:\/\/www.piuomenopop.it\/wp-content\/uploads\/2019\/10\/Scarda-2-1024x683.jpg 1024w\" sizes=\"auto, (max-width: 1200px) 100vw, 1200px\" \/><figcaption id=\"caption-attachment-56675\" class=\"wp-caption-text\">\u00a9 Marta Tosto<\/figcaption><\/figure>\n<p><strong>Siamo alla fine del Tormentone tour, la realt\u00e0 ha superato le aspettative?<\/strong><\/p>\n<p><span style=\"font-weight: 400;\">Ti dir\u00f2 la verit\u00e0, mi aspettavo pi\u00f9 o meno questo perch\u00e9 prima che uscisse <a href=\"http:\/\/www.piuomenopop.it\/index.php\/2018\/10\/19\/ti-ho-scritto-ti-amo-ma-non-lo-hai-mai-letto-il-tormentone-di-scarda\/\" target=\"_blank\" rel=\"noopener noreferrer\"><em><strong>Tormentone<\/strong><\/em><\/a> a me sembrava avesse del potenziale come disco ed effettivamente l&#8217;ha avuto, piano piano in questi mesi c&#8217;\u00e8 stata una sua evoluzione, era quello che mi aspettavo a livello di pubblico e di attenzione, posso dire che si, ha rispettato le aspettative per quanto mi riguarda.\u00a0<\/span><\/p>\n<p><strong>La data di milano \u00e8 stata sold out il che ci pare proprio una bella cosa, raccontaci com&#8217;\u00e8 andata la serata.\u00a0<\/strong><\/p>\n<p><span style=\"font-weight: 400;\">Sono salito sul palco un po&#8217; emozionato nonostante quella sera non ci fosse la preoccupazione &#8220;speriamo venga un po&#8217; di gente&#8221;, per\u00f2 questo al posto che farmi stare tranquillo mi ha fatto sentire responsabilit\u00e0 in pi\u00f9 visto che tutta sta gente vuole venire al concerto e quindi bisogna dare un buon spettacolo perch\u00e9 se ne deve andare pensando di aver speso bene i loro soldi. Quindi ho cercato di fare un live pi\u00f9 professionale possibile; devo dire che dopo le prime 4 o 5 canzoni la tensione \u00e8 scesa ed \u00e8 diventata una situazione amichevole. La serata \u00e8 andata bene, dall&#8217;inizio alla fine le canzoni erano tutte molto cantate. Mi ha fatto molto piacere perch\u00e9 mi piace rimanere in un tipo di cantautorato pi\u00f9 pop e questo mi fa capire che lo \u00e8 anche per il pubblico, che insomma il mio non \u00e8 un cantautorato pesante.\u00a0<\/span><\/p>\n<p><strong>Noi immaginiamo che tra poco ti chiuderai in studio per dare alla luce un nuovo disco, \u00e8 gi\u00e0 stato scritto, o ti metterai ora al lavoro?\u00a0<\/strong><\/p>\n<p><span style=\"font-weight: 400;\">Si, \u00e8 gi\u00e0 stato scritto, ma questo non significa che non arrivino altre canzoni perch\u00e9 anche oggi stavo scrivendo nuove cose, anche se in realt\u00e0 ho gi\u00e0 in mente quali saranno quelle su cui lavorare.<\/span><\/p>\n<p><strong>L&#8217;amore \u00e8 i rapporti sono una costante nelle tue canzoni, le troveremo anche nel prossimo?\u00a0<\/strong><\/p>\n<p><span style=\"font-weight: 400;\">Si, non sar\u00e0 analizzato solo l&#8217;amore che fa sta male come al solito, come quando ci si lascia; ma anche l&#8217;altra faccia della medaglia come lo stare bene assieme. Ci saranno anche canzoni pi\u00f9 positive, credo un paio. (ehehehe!)\u00a0<\/span><\/p>\n<p><span style=\"font-weight: 400;\"><strong>Ti definiresti pi\u00f9 indie o pi\u00f9 pop?<\/strong>\u00a0<\/span><\/p>\n<p><span style=\"font-weight: 400;\">Mi definirei pi\u00f9 pop anche se devo dire che oggi l&#8217;indice \u00e8 il nuovo pop come dicono in molti. La parola indie nel corso del tempo ha assunto vari significati e credo che oggi una cosa sia rimasta, cio\u00e8 che tutti quelli che riempiono oggi i palazzetti hanno iniziato dal basso e non sono stati sparati dall&#8217;alto, partendo dai club e l\u00ec ci si sporca molto le mani perch\u00e9 \u00e8 una cosa molto faticosa e poco remunerativa. Ci\u00f2 che rimane in comune a tutti questi cantanti indie \u00e8 che \u00e8 tutta gente che si \u00e8 sporcata le mani.\u00a0<\/span><\/p>\n<p><strong>Cosa ti \u00e8 rimasto dopo questo anno di live, di km, di visi incontrati su e gi\u00f9 per la penisola?<\/strong><\/p>\n<p><span style=\"font-weight: 400;\">Sicuramente un fegato meno sano di prima ( e si scoppia a ridere! )\u00a0 ma a parte quello rimarranno i rapporti che si sono creati tra me e i musicisti, il fonico, il management in tutto questo percorso di persone conosciute prima e dopo i concerti, mi rimarr\u00e0 sicuramente tutto questo affetto intercorso tra noi e che spero continui nel tempo. Mi porto dentro un grande affetto, ecco.\u00a0<\/span><\/p>\n<p><strong>Durante la stesura di queste nuove canzoni hai avuto qualche ascolto che ti ha ispirato?\u00a0<\/strong><\/p>\n<p><span style=\"font-weight: 400;\">Faccio sempre molta fatica a rispondere a domande dove devo elencare una serie di cose, ma cercher\u00f2 di recuperare qualcosa random. Ho ascoltato molto Battiato che comunque rimane un ascolto storico per me, ma in verit\u00e0 non ci sono stati ascolti che mi hanno ispirato pi\u00f9 di altri. Per\u00f2 posso dirti che vengo ispirato pi\u00f9 dalle letture, o guardandomi in giro, sull&#8217;autobus o sulla strada.\u00a0<\/span><\/p>\n<p style=\"text-align: center;\"><iframe loading=\"lazy\" src=\"https:\/\/open.spotify.com\/embed\/album\/3yb62gsaN9aaDTsMEcaKG4\" width=\"300\" height=\"380\" frameborder=\"0\"><\/iframe><\/p>\n","protected":false},"excerpt":{"rendered":"<div class=\"mh-excerpt\"><p>&nbsp; A cura di Gloria Diana Valnegri &nbsp; Abbiamo fatto un po&#8217; di chiacchiere con Scarda in occasione della chiusura del suo &#8220;Tormentone Tour&#8221; che <a class=\"mh-excerpt-more\" href=\"https:\/\/www.piuomenopop.it\/index.php\/2020\/01\/13\/intervista-nellattesa-del-prossimo-tormentone-di-scarda\/\" title=\"[Intervista] Nell&#8217;attesa del prossimo Tormentone di Scarda\">[&#8230;]<\/a><\/p>\n<\/div>","protected":false},"author":2,"featured_media":56676,"comment_status":"closed","ping_status":"closed","sticky":false,"template":"","format":"standard","meta":{"sfsi_plus_gutenberg_text_before_share":"","sfsi_plus_gutenberg_show_text_before_share":"","sfsi_plus_gutenberg_icon_type":"","sfsi_plus_gutenberg_icon_alignemt":"","sfsi_plus_gutenburg_max_per_row":"","footnotes":"","_links_to":"","_links_to_target":""},"categories":[4],"tags":[3958],"class_list":["post-60304","post","type-post","status-publish","format-standard","has-post-thumbnail","hentry","category-interviste","tag-scarda"],"aioseo_notices":[],"_links":{"self":[{"href":"https:\/\/www.piuomenopop.it\/index.php\/wp-json\/wp\/v2\/posts\/60304","targetHints":{"allow":["GET"]}}],"collection":[{"href":"https:\/\/www.piuomenopop.it\/index.php\/wp-json\/wp\/v2\/posts"}],"about":[{"href":"https:\/\/www.piuomenopop.it\/index.php\/wp-json\/wp\/v2\/types\/post"}],"author":[{"embeddable":true,"href":"https:\/\/www.piuomenopop.it\/index.php\/wp-json\/wp\/v2\/users\/2"}],"replies":[{"embeddable":true,"href":"https:\/\/www.piuomenopop.it\/index.php\/wp-json\/wp\/v2\/comments?post=60304"}],"version-history":[{"count":3,"href":"https:\/\/www.piuomenopop.it\/index.php\/wp-json\/wp\/v2\/posts\/60304\/revisions"}],"predecessor-version":[{"id":60307,"href":"https:\/\/www.piuomenopop.it\/index.php\/wp-json\/wp\/v2\/posts\/60304\/revisions\/60307"}],"wp:featuredmedia":[{"embeddable":true,"href":"https:\/\/www.piuomenopop.it\/index.php\/wp-json\/wp\/v2\/media\/56676"}],"wp:attachment":[{"href":"https:\/\/www.piuomenopop.it\/index.php\/wp-json\/wp\/v2\/media?parent=60304"}],"wp:term":[{"taxonomy":"category","embeddable":true,"href":"https:\/\/www.piuomenopop.it\/index.php\/wp-json\/wp\/v2\/categories?post=60304"},{"taxonomy":"post_tag","embeddable":true,"href":"https:\/\/www.piuomenopop.it\/index.php\/wp-json\/wp\/v2\/tags?post=60304"}],"curies":[{"name":"wp","href":"https:\/\/api.w.org\/{rel}","templated":true}]}}