{"id":60559,"date":"2020-01-20T21:03:37","date_gmt":"2020-01-20T20:03:37","guid":{"rendered":"http:\/\/www.piuomenopop.it\/?p=60559"},"modified":"2020-01-20T21:04:08","modified_gmt":"2020-01-20T20:04:08","slug":"quando-tutto-divento-blu-la-graphic-novel-di-baronciani-diventa-un-concerto-a-fumetti","status":"publish","type":"post","link":"https:\/\/www.piuomenopop.it\/index.php\/2020\/01\/20\/quando-tutto-divento-blu-la-graphic-novel-di-baronciani-diventa-un-concerto-a-fumetti\/","title":{"rendered":"&#8220;Quando tutto divent\u00f2 blu&#8221;: la graphic novel di Baronciani diventa un concerto a fumetti"},"content":{"rendered":"<p style=\"text-align: center;\"><span style=\"font-family: Futura, Verdana, Helvetica, Arial;\">QUANDO TUTTO<\/span><\/p>\n<p style=\"text-align: center;\">DIVENTO&#8217; BLU<\/p>\n<p style=\"text-align: center;\"><strong>CONCERTO A FUMETTI<\/strong><\/p>\n<p style=\"text-align: center;\"><strong>La graphic novel cult dell\u2019illustratore diventa uno spettacolo originale con il progetto Suner di Arci.<br \/>\nProgetto di Corrado Nuccini e Alessandro Baronciani con Daniele Rossi, Ilaria dei Gomma ed Her Skin e molti\u00a0altri\u00a0ospiti<\/strong><\/p>\n<p>\u201cQuando tutto divent\u00f2 blu\u201d, la graphic novel cult di\u00a0<strong>Alessandro Baronciani<\/strong>, diventa un concerto a fumetti con\u00a0<strong>Suner<\/strong>, il project festival targato Arci Emilia Romagna. Lo spettacolo inedito con disegni e musica live &#8220;<strong>Quando tutto divent\u00f2 blu. Concerto a fumetti<\/strong>&#8221; creato da Alessandro Baronciani insieme a\u00a0<strong>Corrado Nuccini (Giardini di Mir\u00f2)<\/strong>, avr\u00e0 come voci\u00a0<strong>Ilaria Formisano<\/strong>\u00a0(Gomma) e\u00a0<strong>Her Skin<\/strong>. Ad ogni data ci saranno ospiti tra i nomi pi\u00f9 importanti dell\u2019indie al femminile che interpreteranno pezzi originali, scritti per il concerto disegnato e altri pezzi del loro repertorio.\u00a0<strong>Il tour, che toccher\u00e0 i circoli Arci del territorio Emiliano, partir\u00e0 il 13 febbraio dalla Sala Estense di Ferrara (dove ci sar\u00e0 sul palco Maria Antonietta).<\/strong><\/p>\n<p><strong>Le date e i primi ospiti annunciati:<\/strong><br \/>\n<strong>13 febbraio\u00a0<\/strong>2020 &#8211;\u00a0<strong>Ferrara<\/strong>\u00a0&#8211; Sala Estense<br \/>\nSpecial guest:\u00a0<strong>MARIA ANTONIETTA<\/strong><\/p>\n<p><strong>16 febbraio\u00a0<\/strong>2020 &#8211;\u00a0<strong>Cavriago (Re)<\/strong>\u00a0&#8211; Kessel<br \/>\nSpecial guest:\u00a0<strong>H\u00c5N<\/strong><\/p>\n<p><strong>28 febbraio\u00a0<\/strong>2020 &#8211;\u00a0<strong>Milano<\/strong>\u00a0&#8211; Santeria<br \/>\nSpecial guests:\u00a0<strong>RACHELE BASTREGHI<\/strong>,\u00a0<strong>COLAPESCE<\/strong>,\u00a0<strong>RODRIGO D&#8217;ERASMO<\/strong><\/p>\n<p><strong>12 marzo<\/strong>\u00a02020 &#8211;\u00a0<strong>Montespertoli (FI)<\/strong>\u00a0&#8211; Topicalia<br \/>\nSpecial guest:\u00a0<strong>ILARIUNI<\/strong>\u00a0(Gomma) &#8211;\u00a0<strong>HER SKIN<\/strong><\/p>\n<p><strong>14 marzo 2020\u00a0<\/strong>&#8211;\u00a0<strong>Parma<\/strong>\u00a0&#8211;\u00a0Circolo Arci Colombofili<br \/>\nSpecial guest:\u00a0<strong>GIUNGLA<\/strong><\/p>\n<p><strong>15 marzo 2020<\/strong>\u00a0&#8211;\u00a0<strong>Bologna<\/strong>\u00a0&#8211; Mercato Sonato<br \/>\nSpecial guests:\u00a0<strong>GIUNGLA<\/strong>,\u00a0<strong>FRANCESCA BONO\u00a0<\/strong>(Ofeliadorme)<\/p>\n<p><strong>27 marzo\u00a0<\/strong>2020 &#8211;\u00a0<strong>Carpi (MO)<\/strong>\u00a0&#8211; Kalinka<br \/>\nSpecial guest:\u00a0<strong>VERANO<\/strong><\/p>\n<p><strong>29 marzo 2020\u00a0<\/strong>&#8211;<strong>\u00a0Forl\u00ec\u00a0<\/strong>&#8211;\u00a0Cosa Scuola \u2013 Forl\u00ec<br \/>\nSpecial\u00a0guest:\u00a0<strong>FRANCESCA BONO<\/strong>\u00a0(Ofeliadorme)<\/p>\n<p><img loading=\"lazy\" decoding=\"async\" class=\"aligncenter wp-image-60561 size-full\" src=\"http:\/\/www.piuomenopop.it\/wp-content\/uploads\/2020\/01\/baronciani.jpg\" alt=\"\" width=\"600\" height=\"621\" srcset=\"https:\/\/www.piuomenopop.it\/wp-content\/uploads\/2020\/01\/baronciani.jpg 600w, https:\/\/www.piuomenopop.it\/wp-content\/uploads\/2020\/01\/baronciani-290x300.jpg 290w\" sizes=\"auto, (max-width: 600px) 100vw, 600px\" \/><\/p>\n<p>A sonorizzare i disegni live di Baronciani saranno\u00a0<strong>Corrado Nuccini<\/strong>\u00a0dei Giardini di Mir\u00f2 e il violoncellista\u00a0<strong>Daniele Rossi<\/strong>, mentre a dare voce ai testi originali scritti per lo spettacolo saranno due giovani artiste note nella scena indie:\u00a0<strong>Ilaria Formisano<\/strong>\u00a0dei Gomma, band post punk con due album all\u2019attivo e concerti tra Italia \u2013 hanno accompagnato anche Calcutta &#8211; ed estero, ed\u00a0<strong>Her Skin<\/strong>, progetto di Sara Ammendolia che negli ultimi anni l\u2019ha portata a condividere il palco con Motta e Zen Circus.<br \/>\nA loro due si aggiungeranno diverse ospiti tra cui Giungla, Verano, Han, Francesca Bono. Lo spettacolo \u00e8 stato pensato in occasione dell\u2019uscita in libreria della nuova edizione di \u201cQuando tutto divent\u00f2 blu\u201d di Alessandro Baronciani, edita da Bao Publishing, in programma il 23 gennaio.<\/p>\n<p>Protagonista di \u201cQuando tutto divent\u00f2 blu\u201d \u00e8 Chiara, che ama il mare e le immersioni ma un giorno si sente come soffocare sott&#8217;acqua. Chiara ha paura di tante cose, ma soprattutto di ammettere di avere un problema. Desidera fortemente che qualcuno dia un nome alla sua malattia per non dover ammettere di avere paura della paura.<\/p>\n<p>Alessandro Baronciani scrive un racconto cos\u00ec intimo da sembrare il diario di una persona vera e accompagna la giovane protagonista in un percorso che la porta a riconoscere di soffrire di attacchi di panico e superarli.<\/p>\n<p><strong>Suner<\/strong>\u00a0\u00e8 un progetto sviluppato da Arci Emilia Romagna in collaborazione con i comitati territoriali Arci, 37 circoli della regione ed \u00e8 realizzato con il contributo della Regione Emilia Romagna. \u201cQuando tutto divent\u00f2 blu Spettacolo\u201d \u00e8 il frutto di una residenza che si \u00e8 svolta a Reggio Emilia.<\/p>\n","protected":false},"excerpt":{"rendered":"<div class=\"mh-excerpt\"><p>QUANDO TUTTO DIVENTO&#8217; BLU CONCERTO A FUMETTI La graphic novel cult dell\u2019illustratore diventa uno spettacolo originale con il progetto Suner di Arci. Progetto di Corrado <a class=\"mh-excerpt-more\" href=\"https:\/\/www.piuomenopop.it\/index.php\/2020\/01\/20\/quando-tutto-divento-blu-la-graphic-novel-di-baronciani-diventa-un-concerto-a-fumetti\/\" title=\"&#8220;Quando tutto divent\u00f2 blu&#8221;: la graphic novel di Baronciani diventa un concerto a fumetti\">[&#8230;]<\/a><\/p>\n<\/div>","protected":false},"author":2,"featured_media":60560,"comment_status":"closed","ping_status":"closed","sticky":false,"template":"","format":"standard","meta":{"sfsi_plus_gutenberg_text_before_share":"","sfsi_plus_gutenberg_show_text_before_share":"","sfsi_plus_gutenberg_icon_type":"","sfsi_plus_gutenberg_icon_alignemt":"","sfsi_plus_gutenburg_max_per_row":"","footnotes":"","_links_to":"","_links_to_target":""},"categories":[5184,3,8],"tags":[355,11302,1394,11301],"class_list":["post-60559","post","type-post","status-publish","format-standard","has-post-thumbnail","hentry","category-calendario-concerti","category-news","category-uscite","tag-alessandro-baronciani","tag-concerto-a-fumetti","tag-corrado-nuccini","tag-quando-tuttodivento-blu"],"aioseo_notices":[],"_links":{"self":[{"href":"https:\/\/www.piuomenopop.it\/index.php\/wp-json\/wp\/v2\/posts\/60559","targetHints":{"allow":["GET"]}}],"collection":[{"href":"https:\/\/www.piuomenopop.it\/index.php\/wp-json\/wp\/v2\/posts"}],"about":[{"href":"https:\/\/www.piuomenopop.it\/index.php\/wp-json\/wp\/v2\/types\/post"}],"author":[{"embeddable":true,"href":"https:\/\/www.piuomenopop.it\/index.php\/wp-json\/wp\/v2\/users\/2"}],"replies":[{"embeddable":true,"href":"https:\/\/www.piuomenopop.it\/index.php\/wp-json\/wp\/v2\/comments?post=60559"}],"version-history":[{"count":2,"href":"https:\/\/www.piuomenopop.it\/index.php\/wp-json\/wp\/v2\/posts\/60559\/revisions"}],"predecessor-version":[{"id":60563,"href":"https:\/\/www.piuomenopop.it\/index.php\/wp-json\/wp\/v2\/posts\/60559\/revisions\/60563"}],"wp:featuredmedia":[{"embeddable":true,"href":"https:\/\/www.piuomenopop.it\/index.php\/wp-json\/wp\/v2\/media\/60560"}],"wp:attachment":[{"href":"https:\/\/www.piuomenopop.it\/index.php\/wp-json\/wp\/v2\/media?parent=60559"}],"wp:term":[{"taxonomy":"category","embeddable":true,"href":"https:\/\/www.piuomenopop.it\/index.php\/wp-json\/wp\/v2\/categories?post=60559"},{"taxonomy":"post_tag","embeddable":true,"href":"https:\/\/www.piuomenopop.it\/index.php\/wp-json\/wp\/v2\/tags?post=60559"}],"curies":[{"name":"wp","href":"https:\/\/api.w.org\/{rel}","templated":true}]}}