{"id":60582,"date":"2020-01-21T22:39:27","date_gmt":"2020-01-21T21:39:27","guid":{"rendered":"http:\/\/www.piuomenopop.it\/?p=60582"},"modified":"2020-01-21T22:41:58","modified_gmt":"2020-01-21T21:41:58","slug":"musica-contro-le-mafie-a-casa-sanremo","status":"publish","type":"post","link":"https:\/\/www.piuomenopop.it\/index.php\/2020\/01\/21\/musica-contro-le-mafie-a-casa-sanremo\/","title":{"rendered":"Musica contro le mafie a Casa Sanremo."},"content":{"rendered":"<p>Conclusasi con un enorme successo la 10^ edizione del<b>\u00a0Premio Musica contro le mafie<\/b>, finir\u00e0 il suo percorso a Sanremo\u00a0in occasione della 70\u00b0 edizione Festival della Canzone Italiana.<\/p>\n<p>Dopo le varie tappe di selezione degli artisti concorrenti, e a seguito delle esibizioni\u00a0<i>live<\/i>\u00a0dei finalisti al Teatro Morelli di Cosenza nel mese di dicembre, all\u2019interno della manifestazione\u00a0<b>5 Giorni di Musica contro le mafie,<\/b>\u00a0anche questa edizione si concluder\u00e0 con la Premiazione Finale presso\u00a0<b>\u201cCasa Sanremo\u201d<\/b>.\u00a0[<a href=\"http:\/\/www.piuomenopop.it\/?s=musica+contro+le+mafie\" target=\"_blank\" rel=\"noopener noreferrer\">leggi gli articoli]<\/a><\/p>\n<p><b>Casa Sanremo<\/b>\u00a0\u00e8 un consolidato partner di \u201cMusica contro le mafie\u201d che il 4 febbraio sar\u00e0 protagonista<b>\u00a0<\/b>presso il\u00a0<b>Palafiori\u00a0<\/b>della citt\u00e0 ligure dalle\u00a0ore 11.30 presso la sala \u201cIvan Graziani Theatre\u201d con la cerimonia di premiazione, in presenza del presidente Gennaro de Rosa, il\u00a0<i>patr\u00f2n<\/i>\u00a0di Casa Sanremo Vincenzo Russolillo ed altri ospiti e partner del Premio. Alle\u00a0ore 19.00\u00a0nella sala\u00a0<i>lounge<\/i>\u00a0\u201cMango\u201d si dar\u00e0 spazio alla musica dal vivo degli artisti premiati tra gli oltre cinquecento partecipanti.<\/p>\n<p>Con<b>\u00a0\u201cWords &amp; Awards\u201d<\/b>\u00a0<i>la musica diventa strumento di sveglia civica<\/i>, e la soddisfazione per la consegna e ricezione dei premi si mescola alla narrazione collettiva delle mafie e dei fenomeni di corruzione, ma anche e soprattutto alla testimonianza di una memoria viva e condivisa, tesa ad alimentare una coscienza critica e sviluppare cittadinanza attiva e responsabile.<\/p>\n<p>Saranno premiati gli artisti\u00a0<b>Micaela Tempesta\u00a0<\/b>e<b>\u00a0Romito\u00a0<\/b>(<wbr \/>rispettivamente prima e secondi classificati), ma anche i cantautori\u00a0<strong>Chris Obehi<\/strong>\u00a0(targa\u00a0<b>SIAE<\/b>\u00a0Giovane Autore) e\u00a0<strong>Fabio Messieri\u00a0<\/strong>ai quali sono state assegnate rispettivamente la menzione speciale dell\u2019Ass.\u00a0<b>Musica contro le mafie<\/b>\u00a0e quella su segnalazione del\u00a0<b>Club Tenco<\/b>. Ricever\u00e0, inoltre, il\u00a0<b>Premio Under 35 \u2013 La Musica Pu\u00f2<\/b>\u00a0(Mibac e SIAE) la cantautrice genovese\u00a0<b>Cance.<\/b><\/p>\n<p>A\u00a0<strong>Micaela Tempesta<\/strong>, vincitrice assoluta della 10^ edizione con il brano\u00a0&#8220;<strong>4M3N<\/strong>&#8221; (ascoltalo\u00a0<a id=\"m_-4119946660695253065\" href=\"https:\/\/sptfy.com\/4N77\" target=\"_blank\" rel=\"noopener noreferrer\" data-saferedirecturl=\"https:\/\/www.google.com\/url?q=https:\/\/sptfy.com\/4N77&amp;source=gmail&amp;ust=1579728326556000&amp;usg=AFQjCNFBEJ3ODcu5UAo5u0t6FBHo13a6Ag\">https:\/\/sptfy.com\/<wbr \/>4N77<\/a>), verr\u00e0 consegnata la targa\u00a0realizzata dall\u2019orafo Michele Affidato.\u00a0La raffinata cantante napoletana\u00a0presenter\u00e0 il suo cantautorato elettronico tra loop station, synth e drum machine che supportano le sue liriche impegnate e pregne di significato. La vincitrice \u00e8 anche destinataria di altri premi come l&#8217;esibizione sul palco del \u201cUno Maggio Taranto Libero e Pensante\u201d, un Tour all\u2019interno dei Festival Associati a KeepOn Live,\u00a0e una borsa di Studio\/Produzione destinata all\u2019attivit\u00e0 artistica.<\/p>\n<p>Anche alla band\u00a0<strong>Romito<\/strong>, sempre di Napoli, verr\u00e0 assegnata la targa del Maestro Affidato. Grazie al brano &#8220;<strong>Cosa &#8216;e niente<\/strong>&#8221;\u00a0(ascoltalo\u00a0<a id=\"m_-4119946660695253065\" href=\"http:\/\/youtu.be\/zFnyq-wrNjk\" target=\"_blank\" rel=\"noopener noreferrer\" data-saferedirecturl=\"https:\/\/www.google.com\/url?q=http:\/\/youtu.be\/zFnyq-wrNjk&amp;source=gmail&amp;ust=1579728326556000&amp;usg=AFQjCNFu4Faz-mKzJp9a5tIAbjiWJYB-dA\">https:\/\/<wbr \/>youtu.be\/zFnyq-wrNjk<\/a>)\u00a0si sono classificati al secondo posto proponendo un sound attuale a un testo impegnato e riflessivo che prende spunto da un testo del drammaturgo e scrittore Edoardo De Filippo.<b>\u00a0<\/b>La Band \u00e8 anche vincitrice del Premio Speciale Primo Maggio Roma che dar\u00e0 loro la possibilit\u00e0 di accedere direttamente alle finali Live del concorso Primo Maggio NEXT 2020.<\/p>\n<p>Il\u00a0<b><i>Premio Speciale \u201cIllumina il tuo percorso \u2013 under 35\u201d<\/i><\/b>, in palio grazie ad un progetto di MIBAC e SIAE, \u00e8 assegnato alla cantautrice genovese\u00a0<b>Cance<\/b>\u00a0per il brano \u201cConosci?\u201d<\/p>\n<p>La\u00a0<b><i>Menzione speciale dall\u2019Associazione \u201cMusica contro le mafie\u201d<\/i><\/b>, che sar\u00e0 consegnata a Casa Sanremo,<b><i>\u00a0<\/i><\/b>\u00e8 attribuita a\u00a0<b>Chris Obehi<\/b>\u00a0per il brano \u201cNon Siamo Pesci\u201d che \u00e8 inoltre vincitore della TARGA SIAE Giovane Autore.<\/p>\n<p>La\u00a0<b><i>Menzione speciale su segnalazione del Club Tenco<\/i><\/b>\u00a0\u00e8 assegnata a\u00a0<strong>Fabio Messieri<\/strong>\u00a0per il brano\u00a0&#8220;Restiamo umani&#8221; (ascoltala\u00a0<a id=\"m_-4119946660695253065\" href=\"http:\/\/youtu.be\/33UUZ1BHjMk\" target=\"_blank\" rel=\"noopener noreferrer\" data-saferedirecturl=\"https:\/\/www.google.com\/url?q=http:\/\/youtu.be\/33UUZ1BHjMk&amp;source=gmail&amp;ust=1579728326556000&amp;usg=AFQjCNE9jJYO1CNverXR7axA75GY6LXEKQ\">https:\/\/youtu.be\/<wbr \/>33UUZ1BHjMk<\/a>).<\/p>\n<p>L\u2019Associazione \u201cMusica contro le Mafie\u201d agisce sotto l\u2019egida di\u00a0Libera\u00a0(Associazioni, nomi e numeri contro le mafie), con il patrocinio di\u00a0Avviso Pubblico\u00a0e\u00a0Legambiente.<\/p>\n<p>La 10^ edizione del \u00a0Premio\u00a0\u00e8 stata realizzata grazie al supporto di Avviso Cultura Pac Calabria 2017\/2019, Doc Servizi, SIAE, Acep, Unemia, Omnia Energia, Earone\u00a0e\u00a0con la partnership\u00a0di\u00a0Casa Sanremo, Club Tenco, Primo Maggio Roma, KeepOn Live, Michele Affidato Orafo, Uno Maggio Taranto, Officine Buone.<\/p>\n<div style=\"text-align: center;\"><strong><br \/>\nAssociazione Musica contro le mafie on line<\/strong><br \/>\nweb site:\u00a0<a id=\"m_-4119946660695253065\" href=\"http:\/\/www.musicacontrolemafie.it\/\" target=\"_blank\" rel=\"noopener noreferrer\" data-saferedirecturl=\"https:\/\/www.google.com\/url?q=http:\/\/www.musicacontrolemafie.it\/&amp;source=gmail&amp;ust=1579728326556000&amp;usg=AFQjCNG0cFxlf1amQ4Yu5Xek6t6OaHr0sQ\">https:\/\/www.<wbr \/>musicacontrolemafie.it\/<\/a><br \/>\nFacebook:\u00a0<a id=\"m_-4119946660695253065\" href=\"http:\/\/www.facebook.com\/musicacontrolemafieofficial\/\" target=\"_blank\" rel=\"noopener noreferrer\" data-saferedirecturl=\"https:\/\/www.google.com\/url?q=http:\/\/www.facebook.com\/musicacontrolemafieofficial\/&amp;source=gmail&amp;ust=1579728326556000&amp;usg=AFQjCNGfihYbU2iZolVbDNoOo0dVUozm7A\">https:\/\/www.<wbr \/>facebook.com\/<wbr \/>musicacontrolemafieofficial\/<\/a><br \/>\nInstagram:\u00a0<a id=\"m_-4119946660695253065\" href=\"http:\/\/www.instagram.com\/musicacontrolemafie\/\" target=\"_blank\" rel=\"noopener noreferrer\" data-saferedirecturl=\"https:\/\/www.google.com\/url?q=http:\/\/www.instagram.com\/musicacontrolemafie\/&amp;source=gmail&amp;ust=1579728326556000&amp;usg=AFQjCNEdDKVDf4A08K7cUF4Ct6FcUkiQxg\">https:\/\/www.<wbr \/>instagram.com\/<wbr \/>musicacontrolemafie\/<\/a><\/div>\n","protected":false},"excerpt":{"rendered":"<div class=\"mh-excerpt\"><p>Conclusasi con un enorme successo la 10^ edizione del\u00a0Premio Musica contro le mafie, finir\u00e0 il suo percorso a Sanremo\u00a0in occasione della 70\u00b0 edizione Festival della <a class=\"mh-excerpt-more\" href=\"https:\/\/www.piuomenopop.it\/index.php\/2020\/01\/21\/musica-contro-le-mafie-a-casa-sanremo\/\" title=\"Musica contro le mafie a Casa Sanremo.\">[&#8230;]<\/a><\/p>\n<\/div>","protected":false},"author":2,"featured_media":60583,"comment_status":"closed","ping_status":"closed","sticky":false,"template":"","format":"standard","meta":{"sfsi_plus_gutenberg_text_before_share":"","sfsi_plus_gutenberg_show_text_before_share":"","sfsi_plus_gutenberg_icon_type":"","sfsi_plus_gutenberg_icon_alignemt":"","sfsi_plus_gutenburg_max_per_row":"","footnotes":"","_links_to":"","_links_to_target":""},"categories":[3],"tags":[4437],"class_list":["post-60582","post","type-post","status-publish","format-standard","has-post-thumbnail","hentry","category-news","tag-musica-contro-le-mafie"],"aioseo_notices":[],"_links":{"self":[{"href":"https:\/\/www.piuomenopop.it\/index.php\/wp-json\/wp\/v2\/posts\/60582","targetHints":{"allow":["GET"]}}],"collection":[{"href":"https:\/\/www.piuomenopop.it\/index.php\/wp-json\/wp\/v2\/posts"}],"about":[{"href":"https:\/\/www.piuomenopop.it\/index.php\/wp-json\/wp\/v2\/types\/post"}],"author":[{"embeddable":true,"href":"https:\/\/www.piuomenopop.it\/index.php\/wp-json\/wp\/v2\/users\/2"}],"replies":[{"embeddable":true,"href":"https:\/\/www.piuomenopop.it\/index.php\/wp-json\/wp\/v2\/comments?post=60582"}],"version-history":[{"count":2,"href":"https:\/\/www.piuomenopop.it\/index.php\/wp-json\/wp\/v2\/posts\/60582\/revisions"}],"predecessor-version":[{"id":60586,"href":"https:\/\/www.piuomenopop.it\/index.php\/wp-json\/wp\/v2\/posts\/60582\/revisions\/60586"}],"wp:featuredmedia":[{"embeddable":true,"href":"https:\/\/www.piuomenopop.it\/index.php\/wp-json\/wp\/v2\/media\/60583"}],"wp:attachment":[{"href":"https:\/\/www.piuomenopop.it\/index.php\/wp-json\/wp\/v2\/media?parent=60582"}],"wp:term":[{"taxonomy":"category","embeddable":true,"href":"https:\/\/www.piuomenopop.it\/index.php\/wp-json\/wp\/v2\/categories?post=60582"},{"taxonomy":"post_tag","embeddable":true,"href":"https:\/\/www.piuomenopop.it\/index.php\/wp-json\/wp\/v2\/tags?post=60582"}],"curies":[{"name":"wp","href":"https:\/\/api.w.org\/{rel}","templated":true}]}}