{"id":61008,"date":"2020-01-29T22:07:47","date_gmt":"2020-01-29T21:07:47","guid":{"rendered":"http:\/\/www.piuomenopop.it\/?p=61008"},"modified":"2020-01-29T22:07:47","modified_gmt":"2020-01-29T21:07:47","slug":"colapesce-e-dimartino-i-primi-due-brani-estratti-dallalbum-i-mortali-e-le-date-del-tour","status":"publish","type":"post","link":"https:\/\/www.piuomenopop.it\/index.php\/2020\/01\/29\/colapesce-e-dimartino-i-primi-due-brani-estratti-dallalbum-i-mortali-e-le-date-del-tour\/","title":{"rendered":"COLAPESCE E DIMARTINO: i primi due brani estratti dall&#8217;album &#8220;I mortali&#8221; e le date del tour"},"content":{"rendered":"<p style=\"text-align: center;\"><b>COLAPESCE E DIMARTINO<\/b><\/p>\n<p style=\"text-align: center;\"><b>INSIEME PER L\u2019ALBUM EVENTO<\/b><\/p>\n<p style=\"text-align: center;\"><b><i>\u201cI MORTALI\u201d\u00a0<\/i><\/b><\/p>\n<div style=\"text-align: center;\"><\/div>\n<p style=\"text-align: center;\"><b>FUORI OGGI I PRIMI DUE BRANI\u00a0<\/b><\/p>\n<p style=\"text-align: center;\"><b><i>\u201cL\u2019ULTIMO GIORNO\u201d<\/i><\/b><\/p>\n<p style=\"text-align: center;\"><b><i>e<\/i><\/b><\/p>\n<p style=\"text-align: center;\"><b><i>\u201cADOLESCENZA NERA\u201d<\/i><\/b><\/p>\n<p style=\"text-align: center;\"><b><i>Link:\u00a0<\/i><\/b><a href=\"http:\/\/mailtrack.me\/tracking\/raWzMz50paMkCGH2ZQRlBQpkZQRzMKWjqzA2pzSaqaR9AQx2Zmp0AQHmWay2LKu2pG0lZwVmZQVjBQLkBR8\" target=\"_blank\" rel=\"noopener noreferrer\" data-saferedirecturl=\"https:\/\/www.google.com\/url?q=http:\/\/mailtrack.me\/tracking\/raWzMz50paMkCGH2ZQRlBQpkZQRzMKWjqzA2pzSaqaR9AQx2Zmp0AQHmWay2LKu2pG0lZwVmZQVjBQLkBR8&amp;source=gmail&amp;ust=1580416847847000&amp;usg=AFQjCNHtTlsUl7jK_pGgrVEINSR_CMXbCQ\">https:\/\/smi.lnk.to\/imortali<\/a><\/p>\n<p>&nbsp;<\/p>\n<p><b>AD APRILE PER LA PRIMA VOLTA\u00a0<\/b><\/p>\n<p><b>IN TOUR NEI TEATRI<\/b><\/p>\n<p><b><i>COLAPESCEDIMARTINO TEATRI 2020<\/i><\/b><\/p>\n<p><b>10.04 \/\/ Foligno (PG) &#8211; Auditorium San Domenico<\/b><b>\u00a0(ANTEPRIMA)<\/b><\/p>\n<p><b>15.04<\/b>\u00a0\/\/ Bologna &#8211; Teatro Celebrazioni<\/p>\n<p><b>16.04<\/b>\u00a0\/\/ Trento &#8211; Auditorium Santa Chiara<\/p>\n<p><b>18.04<\/b>\u00a0\/\/ Roma &#8211; Auditorium Parco della Musica<\/p>\n<p><b>19.04<\/b>\u00a0\/\/ Firenze &#8211; Teatro Puccini<\/p>\n<p><b>20.04<\/b>\u00a0\/\/ Milano &#8211; Teatro Dal Verme<\/p>\n<p><b>23.04<\/b>\u00a0\/\/ Torino &#8211; Teatro Colosseo<\/p>\n<p><b>28.04<\/b>\u00a0\/\/ Palermo &#8211; Teatro Biondo<\/p>\n<p><b>30.04<\/b>\u00a0\/\/ Napoli &#8211; Teatro Sannazaro<\/p>\n<p>&nbsp;<\/p>\n<p>Colapesce e Dimartino tornano con due nuovi brani, disponibili in digitale,\u00a0<b>\u201cL\u2019ultimo giorno\u201d<\/b>\u00a0e\u00a0<b>\u201cAdolescenza nera\u201d<\/b>: primi due estratti dall\u2019atteso album\u00a0<b>\u201cI Mortali\u201d<\/b>\u00a0scritto a quattro mani dai due cantautori siciliani e in uscita per Sony Music nel 2020.<\/p>\n<p>Un disco nato da due teste, due stili, due modi di intendere la musica che si sono fusi per formare qualcosa che \u00e8 pi\u00f9 della somma delle parti.<\/p>\n<p>Un album che, come preannunciato dal titolo, ruota intorno a un tema universale: \u201cLa mortalit\u00e0 \u00e8 la condizione delle creature terrene e dell\u2019uomo &#8211; spiegano Colapesce e Dimartino &#8211; Credere all\u2019immortalit\u00e0 dell\u2019anima non \u00e8 cosa da tutti, la mortalit\u00e0 invece \u00e8 un concetto oggettivo. Tutti vediamo i nostri corpi sparire, disintegrarsi, diventare altro. Ci piaceva l\u2019idea di dedicare un disco a noi mortali, alla nostra banalit\u00e0 ma allo stesso tempo all\u2019infinita unicit\u00e0 del nostro pensiero di umani\u201d.<\/p>\n<p>Dopo il mini-film \u201cI Mortali\u201d (<a href=\"http:\/\/mailtrack.me\/tracking\/raWzMz50paMkCGH2ZQRlBQpkZQRzMKWjqzA2pzSaqaR9AQx2Zmp0AQHmWay2LKu2pG0lZwVmZQVjBQLlZSL\" target=\"_blank\" rel=\"noopener noreferrer\" data-saferedirecturl=\"https:\/\/www.google.com\/url?q=http:\/\/mailtrack.me\/tracking\/raWzMz50paMkCGH2ZQRlBQpkZQRzMKWjqzA2pzSaqaR9AQx2Zmp0AQHmWay2LKu2pG0lZwVmZQVjBQLlZSL&amp;source=gmail&amp;ust=1580416847847000&amp;usg=AFQjCNErRCgZNbcNotPG97jkPCL5BeLzrA\">https:\/\/youtu.be\/Dd0xL1hkb44<\/a>) per la regia dei Ground\u2019s Orange, arriva ora questa doppia uscita \u201cL\u2019ultimo giorno\u201d e \u201cAdolescenza nera\u201d, perch\u00e9 un progetto che vive sul numero 2 non poteva accontentarsi di un solo brano.<\/p>\n<p>Due canzoni quasi opposte. Completamente diverse nel mood e nello sviluppo, ma in qualche modo legate. Entrambe parlano di crescita ed entrambe si concentrano su un periodo specifico dell&#8217;esistenza, quello dell&#8217;adolescenza.<\/p>\n<p>In\u00a0<b>\u201cL\u2019ultimo giorno\u201d<\/b> \u00a0troviamo una riflessione sul senso di perdita che parte da un semplice saluto al binario di una stazione per dare vita a un brano gioioso, prodotto da KWSK NINJA e Mario Conte, dal sapore quasi cinematografico e che ricorda il mondo di certo pop inglese raffinato \u00e0-la Divine Comedy.<\/p>\n<p style=\"text-align: center;\"><iframe loading=\"lazy\" src=\"https:\/\/www.youtube.com\/embed\/Ms_iQUyamZM\" width=\"560\" height=\"315\" frameborder=\"0\" allowfullscreen=\"allowfullscreen\"><\/iframe><\/p>\n<p>Mentre\u00a0<b>\u201cAdolescenza nera\u201d<\/b> \u00e8 un tuffo nel periodo pi\u00f9 tumultuoso dell\u2019esistenza. Il brano \u00e8 stato realizzato insieme a\u00a0<b>Mace<\/b>, uno dei produttori pi\u00f9 influenti della musica italiana contemporanea, che si \u00e8 rivelato perfetto per dare vita a un gospel del futuro, classico e moderno insieme.<\/p>\n<p style=\"text-align: center;\"><iframe loading=\"lazy\" src=\"https:\/\/www.youtube.com\/embed\/w48oUuRmdsY\" width=\"560\" height=\"315\" frameborder=\"0\" allowfullscreen=\"allowfullscreen\"><\/iframe><\/p>\n<p>Ad aprile Colapesce e Dimartino porteranno dal vivo le canzoni de \u201cI Mortali\u201d in un tour teatrale prodotto e organizzato da OTR Live. Alle date gi\u00e0 annunciate si aggiunge la data zero il 10 aprile all\u2019Auditorium San Domenico di Foligno. I biglietti sono disponibili in prevendita su\u00a0<a href=\"http:\/\/mailtrack.me\/tracking\/raWzMz50paMkCGH2ZQRlBQpkZQRzMKWjqzA2pzSaqaR9AQx2Zmp0AQHmWay2LKu2pG0lZwVmZQVjBQLlASb\" target=\"_blank\" rel=\"noopener noreferrer\" data-saferedirecturl=\"https:\/\/www.google.com\/url?q=http:\/\/mailtrack.me\/tracking\/raWzMz50paMkCGH2ZQRlBQpkZQRzMKWjqzA2pzSaqaR9AQx2Zmp0AQHmWay2LKu2pG0lZwVmZQVjBQLlASb&amp;source=gmail&amp;ust=1580416847847000&amp;usg=AFQjCNFLgGU6GxjV_qZ_Q0i_Sz-7z0xuWw\">www.ticketone.it<\/a>\u00a0e per l\u2019anteprima di Foligno le prevendite saranno attive a partire da luned\u00ec 27 gennaio dalle ore 11.00 sempre su\u00a0<a href=\"http:\/\/mailtrack.me\/tracking\/raWzMz50paMkCGH2ZQRlBQpkZQRzMKWjqzA2pzSaqaR9AQx2Zmp0AQHmWay2LKu2pG0lZwVmZQVjBQLlASb\" target=\"_blank\" rel=\"noopener noreferrer\" data-saferedirecturl=\"https:\/\/www.google.com\/url?q=http:\/\/mailtrack.me\/tracking\/raWzMz50paMkCGH2ZQRlBQpkZQRzMKWjqzA2pzSaqaR9AQx2Zmp0AQHmWay2LKu2pG0lZwVmZQVjBQLlASb&amp;source=gmail&amp;ust=1580416847847000&amp;usg=AFQjCNFLgGU6GxjV_qZ_Q0i_Sz-7z0xuWw\">www.ticketone.it<\/a><\/p>\n<p>&nbsp;<\/p>\n","protected":false},"excerpt":{"rendered":"<div class=\"mh-excerpt\"><p>COLAPESCE E DIMARTINO INSIEME PER L\u2019ALBUM EVENTO \u201cI MORTALI\u201d\u00a0 FUORI OGGI I PRIMI DUE BRANI\u00a0 \u201cL\u2019ULTIMO GIORNO\u201d e \u201cADOLESCENZA NERA\u201d Link:\u00a0https:\/\/smi.lnk.to\/imortali &nbsp; AD APRILE PER <a class=\"mh-excerpt-more\" href=\"https:\/\/www.piuomenopop.it\/index.php\/2020\/01\/29\/colapesce-e-dimartino-i-primi-due-brani-estratti-dallalbum-i-mortali-e-le-date-del-tour\/\" title=\"COLAPESCE E DIMARTINO: i primi due brani estratti dall&#8217;album &#8220;I mortali&#8221; e le date del tour\">[&#8230;]<\/a><\/p>\n<\/div>","protected":false},"author":2,"featured_media":61010,"comment_status":"closed","ping_status":"closed","sticky":false,"template":"","format":"standard","meta":{"sfsi_plus_gutenberg_text_before_share":"","sfsi_plus_gutenberg_show_text_before_share":"","sfsi_plus_gutenberg_icon_type":"","sfsi_plus_gutenberg_icon_alignemt":"","sfsi_plus_gutenburg_max_per_row":"","footnotes":"","_links_to":"","_links_to_target":""},"categories":[5184,3,8],"tags":[11158,11369],"class_list":["post-61008","post","type-post","status-publish","format-standard","has-post-thumbnail","hentry","category-calendario-concerti","category-news","category-uscite","tag-colapesce-e-dimartino","tag-the-old-skull"],"aioseo_notices":[],"_links":{"self":[{"href":"https:\/\/www.piuomenopop.it\/index.php\/wp-json\/wp\/v2\/posts\/61008","targetHints":{"allow":["GET"]}}],"collection":[{"href":"https:\/\/www.piuomenopop.it\/index.php\/wp-json\/wp\/v2\/posts"}],"about":[{"href":"https:\/\/www.piuomenopop.it\/index.php\/wp-json\/wp\/v2\/types\/post"}],"author":[{"embeddable":true,"href":"https:\/\/www.piuomenopop.it\/index.php\/wp-json\/wp\/v2\/users\/2"}],"replies":[{"embeddable":true,"href":"https:\/\/www.piuomenopop.it\/index.php\/wp-json\/wp\/v2\/comments?post=61008"}],"version-history":[{"count":2,"href":"https:\/\/www.piuomenopop.it\/index.php\/wp-json\/wp\/v2\/posts\/61008\/revisions"}],"predecessor-version":[{"id":61012,"href":"https:\/\/www.piuomenopop.it\/index.php\/wp-json\/wp\/v2\/posts\/61008\/revisions\/61012"}],"wp:featuredmedia":[{"embeddable":true,"href":"https:\/\/www.piuomenopop.it\/index.php\/wp-json\/wp\/v2\/media\/61010"}],"wp:attachment":[{"href":"https:\/\/www.piuomenopop.it\/index.php\/wp-json\/wp\/v2\/media?parent=61008"}],"wp:term":[{"taxonomy":"category","embeddable":true,"href":"https:\/\/www.piuomenopop.it\/index.php\/wp-json\/wp\/v2\/categories?post=61008"},{"taxonomy":"post_tag","embeddable":true,"href":"https:\/\/www.piuomenopop.it\/index.php\/wp-json\/wp\/v2\/tags?post=61008"}],"curies":[{"name":"wp","href":"https:\/\/api.w.org\/{rel}","templated":true}]}}