{"id":61135,"date":"2020-02-04T22:53:32","date_gmt":"2020-02-04T21:53:32","guid":{"rendered":"http:\/\/www.piuomenopop.it\/?p=61135"},"modified":"2020-02-04T22:56:01","modified_gmt":"2020-02-04T21:56:01","slug":"achille-lauro-porta-laffresco-di-giotto-sul-palco-dellariston","status":"publish","type":"post","link":"https:\/\/www.piuomenopop.it\/index.php\/2020\/02\/04\/achille-lauro-porta-laffresco-di-giotto-sul-palco-dellariston\/","title":{"rendered":"ACHILLE LAURO porta l&#8217;affresco di GIOTTO sul palco dell&#8217;Ariston"},"content":{"rendered":"<p style=\"font-weight: 400;\"><img loading=\"lazy\" decoding=\"async\" class=\"aligncenter wp-image-61137 size-full\" src=\"http:\/\/www.piuomenopop.it\/wp-content\/uploads\/2020\/02\/Storie-di-San-Francesco-Affresco.jpg\" alt=\"\" width=\"600\" height=\"600\" srcset=\"https:\/\/www.piuomenopop.it\/wp-content\/uploads\/2020\/02\/Storie-di-San-Francesco-Affresco.jpg 600w, https:\/\/www.piuomenopop.it\/wp-content\/uploads\/2020\/02\/Storie-di-San-Francesco-Affresco-150x150.jpg 150w, https:\/\/www.piuomenopop.it\/wp-content\/uploads\/2020\/02\/Storie-di-San-Francesco-Affresco-300x300.jpg 300w\" sizes=\"auto, (max-width: 600px) 100vw, 600px\" \/><\/p>\n<p style=\"font-weight: 400;\">Sul palco dell\u2019Ariston\u00a0<strong>Achille Lauro ha interpretato la celebre scena attribuita a Giotto in una delle Storie di San Francesco della Basilica Superiore di Assisi<\/strong>,\u00a0<strong>il<\/strong>\u00a0<strong>momento pi\u00f9 rivoluzionario della sua storia, in cui il Santo si \u00e8 spogliato dei propri abiti e di ogni bene materiale per votare la sua vita alla religione e alla solidariet\u00e0.<\/strong><\/p>\n<p style=\"font-weight: 400;\">Per la sua seconda volta al Festival di Sanremo, Lauro, da sempre grande performer e appassionato del mondo visual, porta sul palco una vera e propria rappresentazione teatrale, con la collaborazione di uno dei designer pi\u00f9 apprezzati nel mondo, Alessandro Michele, direttore creativo di Gucci. Il quadro rappresentato nasce da una ricerca che Lauro e il suo team creativo hanno sviluppato nei mesi precedenti, e al Festival ha trovato il suo sbocco naturale con Gucci che da subito ha voluto sposare il progetto.<\/p>\n<p style=\"font-weight: 400;\">Sanremo non \u00e8 pi\u00f9 inteso solo come la pi\u00f9 grande vetrina musicale italiana, ma anche come l\u2019occasione per portare una performance dal sapore internazionale, che segue la vena artistica di uno dei protagonisti pi\u00f9 interessanti del nostro panorama e che consegna al grande pubblico di Lauro e del Festival un messaggio importante.<\/p>\n<p style=\"font-weight: 400;\">Infatti, nell\u2019assoluto rispetto della religione, e con grande umilt\u00e0, Lauro ha scelto di rappresentare la figura del Santo in una delle sue rappresentazioni iconografiche pi\u00f9 note, quella di Giotto, per omaggiare la figura di un Uomo cos\u00ec iconico, che ancora oggi porta con s\u00e9 il valore inestimabile di un messaggio universale.<\/p>\n<p style=\"font-weight: 400;\"><em>\u201cLa storia della rinuncia di San Francesco ai beni materiali \u00e8 un messaggio universale che ancora oggi risulta di grande attualit\u00e0\u201d\u00a0<\/em>\u2013 afferma Lauro.<\/p>\n<p style=\"font-weight: 400;\">L\u2019artista, salito sul palco a piedi nudi, ha indossato una cappa di velluto nero, ricamata a mano, con pailettes oro e argento per rappresentare il mondo a cui il Santo ha scelto di rinunciare. Nel momento clou dell\u2019esibizione, spogliandosi proprio come il Santo d\u2019Assisi e ispirandosi al noto affresco, Lauro ha svelato\u00a0<em>l\u2019ensamble custom made,\u00a0<\/em>body e shorts in strass nude.<\/p>\n<p style=\"font-weight: 400;\">Svelato dunque anche il collegamento con la figura del Santo, che era comparso a sorpresa sui social dell\u2019artista nelle settimane precedenti al Festival aveva scatenato la curiosit\u00e0 dei fan.<\/p>\n<p><img loading=\"lazy\" decoding=\"async\" class=\"aligncenter wp-image-61140 size-full\" src=\"http:\/\/www.piuomenopop.it\/wp-content\/uploads\/2020\/02\/achille_001.jpg\" alt=\"\" width=\"700\" height=\"1050\" srcset=\"https:\/\/www.piuomenopop.it\/wp-content\/uploads\/2020\/02\/achille_001.jpg 700w, https:\/\/www.piuomenopop.it\/wp-content\/uploads\/2020\/02\/achille_001-200x300.jpg 200w, https:\/\/www.piuomenopop.it\/wp-content\/uploads\/2020\/02\/achille_001-683x1024.jpg 683w\" sizes=\"auto, (max-width: 700px) 100vw, 700px\" \/><\/p>\n<p>Leggi tutti i <a href=\"http:\/\/www.piuomenopop.it\/?s=achille+lauro\" target=\"_blank\" rel=\"noopener noreferrer\">nostri articoli su Achille Lauro<\/a><\/p>\n","protected":false},"excerpt":{"rendered":"<div class=\"mh-excerpt\"><p>Sul palco dell\u2019Ariston\u00a0Achille Lauro ha interpretato la celebre scena attribuita a Giotto in una delle Storie di San Francesco della Basilica Superiore di Assisi,\u00a0il\u00a0momento pi\u00f9 <a class=\"mh-excerpt-more\" href=\"https:\/\/www.piuomenopop.it\/index.php\/2020\/02\/04\/achille-lauro-porta-laffresco-di-giotto-sul-palco-dellariston\/\" title=\"ACHILLE LAURO porta l&#8217;affresco di GIOTTO sul palco dell&#8217;Ariston\">[&#8230;]<\/a><\/p>\n<\/div>","protected":false},"author":2,"featured_media":61141,"comment_status":"closed","ping_status":"closed","sticky":false,"template":"","format":"standard","meta":{"sfsi_plus_gutenberg_text_before_share":"","sfsi_plus_gutenberg_show_text_before_share":"","sfsi_plus_gutenberg_icon_type":"","sfsi_plus_gutenberg_icon_alignemt":"","sfsi_plus_gutenburg_max_per_row":"","footnotes":"","_links_to":"","_links_to_target":""},"categories":[3],"tags":[3541,11397,11396],"class_list":["post-61135","post","type-post","status-publish","format-standard","has-post-thumbnail","hentry","category-news","tag-achille-lauro","tag-achille-lauro-giotto","tag-me-ne-frego"],"aioseo_notices":[],"_links":{"self":[{"href":"https:\/\/www.piuomenopop.it\/index.php\/wp-json\/wp\/v2\/posts\/61135","targetHints":{"allow":["GET"]}}],"collection":[{"href":"https:\/\/www.piuomenopop.it\/index.php\/wp-json\/wp\/v2\/posts"}],"about":[{"href":"https:\/\/www.piuomenopop.it\/index.php\/wp-json\/wp\/v2\/types\/post"}],"author":[{"embeddable":true,"href":"https:\/\/www.piuomenopop.it\/index.php\/wp-json\/wp\/v2\/users\/2"}],"replies":[{"embeddable":true,"href":"https:\/\/www.piuomenopop.it\/index.php\/wp-json\/wp\/v2\/comments?post=61135"}],"version-history":[{"count":2,"href":"https:\/\/www.piuomenopop.it\/index.php\/wp-json\/wp\/v2\/posts\/61135\/revisions"}],"predecessor-version":[{"id":61142,"href":"https:\/\/www.piuomenopop.it\/index.php\/wp-json\/wp\/v2\/posts\/61135\/revisions\/61142"}],"wp:featuredmedia":[{"embeddable":true,"href":"https:\/\/www.piuomenopop.it\/index.php\/wp-json\/wp\/v2\/media\/61141"}],"wp:attachment":[{"href":"https:\/\/www.piuomenopop.it\/index.php\/wp-json\/wp\/v2\/media?parent=61135"}],"wp:term":[{"taxonomy":"category","embeddable":true,"href":"https:\/\/www.piuomenopop.it\/index.php\/wp-json\/wp\/v2\/categories?post=61135"},{"taxonomy":"post_tag","embeddable":true,"href":"https:\/\/www.piuomenopop.it\/index.php\/wp-json\/wp\/v2\/tags?post=61135"}],"curies":[{"name":"wp","href":"https:\/\/api.w.org\/{rel}","templated":true}]}}