{"id":61618,"date":"2020-02-18T19:10:48","date_gmt":"2020-02-18T18:10:48","guid":{"rendered":"http:\/\/www.piuomenopop.it\/?p=61618"},"modified":"2020-02-18T19:10:48","modified_gmt":"2020-02-18T18:10:48","slug":"combattevamo-i-fascisti-per-mare-e-per-terra-i-talkin-blues-vita-e-ballate-di-woody-guthrie","status":"publish","type":"post","link":"https:\/\/www.piuomenopop.it\/index.php\/2020\/02\/18\/combattevamo-i-fascisti-per-mare-e-per-terra-i-talkin-blues-vita-e-ballate-di-woody-guthrie\/","title":{"rendered":"&#8220;Combattevamo i fascisti per mare e per terra &#8221; I Talkin\u2019 blues &#8211; vita e ballate di Woody Guthrie\u00a0"},"content":{"rendered":"<p><b>\u00a0<\/b><\/p>\n<p>&nbsp;<\/p>\n<h3 style=\"text-align: center;\"><b><i><a href=\"https:\/\/www.facebook.com\/Talking-Blues-Reading-Musicale-106356324282170\/\" target=\"_blank\" rel=\"noopener noreferrer\">Talkin\u2019 blues<\/a> &#8211; vita e ballate di Woody Guthrie\u00a0<\/i><\/b><\/h3>\n<h3 style=\"text-align: center;\"><i><span style=\"font-weight: 400;\">A cura di Mirio Tozzini e Dario Canal\u00a0<\/span><\/i><\/h3>\n<p>&nbsp;<\/p>\n<p><b><i>Talkin\u2019 blues <\/i><\/b><span style=\"font-weight: 400;\">\u00e8 un reading musicale tratto dal romanzo <\/span><b><i>Combattevamo i fascisti per mare e per terra <\/i><\/b><span style=\"font-weight: 400;\">di <\/span><b>Alessandro Angeli<\/b><span style=\"font-weight: 400;\">. I testi ripropongono la biografia del folk singer americano che coincide con gli avvenimenti storici e sociali significativi degli Stati Uniti nella prima met\u00e0 del novecento. La crisi economica, la disoccupazione, il secondo conflitto mondiale. Una parabola esistenziale quella di <\/span><b>Woody Guthrie <\/b><span style=\"font-weight: 400;\">che ripropone la figura dei beautiful loser, gli hobos, gli okies e i senza terra che, avversati dalle tempeste di polvere che misero in ginocchio l\u2019economia degli stati del sud, si spostavano verso l\u2019ovest in cerca di fortuna. Molti insieme a Guthrie raggiunsero la California e furono avversati e sfruttati dai loro stessi connazionali. Proprio la consapevolezza di questa condizione sociale decret\u00f2 la svolta cantautoriale di Guthrie, favorendone la radicalizzazione. Le canzoni di Guthrie divennero allora i vessilli dei nascenti movimenti sindacali ed egli intuendo questa forza propulsiva non lasci\u00f2 mai che la sua musica fosse assoggettata dall\u2019industria musicale. L\u2019intento dello spettacolo \u00e8 restituire al pubblico la vita di questo piccolo bardo di provincia e contestualmente mostrare <\/span><b>la semplicit\u00e0 e lo straordinario impatto delle sue parole, dei suoi versi, i quali ora pi\u00f9 che mai appaiono imprescindibili<\/b><span style=\"font-weight: 400;\">. Sulla scena la parola esce dal testo scritto per divenire parola parlata, voce, una voce che si fonde in un tutt\u2019uno con la musica, un talkin\u2019 blues appunto, che percorrendo un sentiero a ritroso cerca di raggiungere l\u2019origine della canzone di protesta e il cuore di un uomo che ha combattuto l\u2019ingiustizia con la sola arma della sua ispirazione. <\/span><b>This machine kills fascists <\/b><span style=\"font-weight: 400;\">appunto o come avrebbe cantato pi\u00f9 tardi Demetrio Stratos \u201cIl mio mitra \u00e8 un contrabbasso che ti spara sulla faccia ci\u00f2 che penso della vita\u201d. <\/span><\/p>\n<p style=\"text-align: center;\"><iframe loading=\"lazy\" src=\"https:\/\/www.youtube.com\/embed\/ruhopy7MlOo\" width=\"560\" height=\"315\" frameborder=\"0\" allowfullscreen=\"allowfullscreen\"><\/iframe><\/p>\n<p>&nbsp;<\/p>\n<p><span style=\"font-weight: 400;\">Il libro <\/span><\/p>\n<p><b>Il racconto dei primi trentacinque anni di Woody Guthrie<\/b><span style=\"font-weight: 400;\">: dalla Grande depressione, alle tragedie familiari, fino al suo viaggio in California che rafforzarono la coscienza politica del folk singer americano. Il successivo trasferimento a New York, l\u2019incontro con Lomax e Seeger, le canzoni sindacali, quelle della Coulee Dam, le ballate di Sacco e Vanzetti ci fanno rivivere la parabola esistenziale di questo grande artista, punto di riferimento musicale, letterario e politico di tutte le generazioni a venire.\u00a0<\/span><\/p>\n<p><span style=\"font-weight: 400;\">Un omaggio al realismo radicale della letteratura americana degli anni \u201930 e alla stessa scrittura di Guthrie, che con il suo Bound for glory <\/span><b>lasci\u00f2 un segno indelebile nella narrativa di viaggio di tutti i tempi.\u00a0<\/b><\/p>\n<p><span style=\"font-weight: 400;\">Biografia\u00a0<\/span><\/p>\n<p><b><i>Reading &#8211; Mirio Tozzini\u00a0<\/i><\/b><\/p>\n<p><span style=\"font-weight: 400;\">Nel 2004 si iscrive al corso di Formazione teatrale del Teatro Studio di Grosseto, diretto da Mario Fraschetti . Sempre sotto la guida di Mario Fraschetti, partecipando ai seguenti laboratori teatrali: \u201cChe gesto parli\u201d, \u201cI meccanismi del Comico\u201d, \u201cFrammenti di stelle filanti\u201d , Dal 2006 al 2008 prende parte come osservatore e poi come tirocinante, seguendo il lavoro di Mario Fraschetti ed Enrica Pistolesi, rispettivamente direttore artistico e attrice animatrice del Teatro Studio di Grosseto).\u00a0<\/span><\/p>\n<p><span style=\"font-weight: 400;\">Come attivit\u00e0 professione di Spettacolo attraverso il TEATRO STUDIO GROSSETO: All\u2019interno del progetto \u201cIl fascino delle Rovine\u201d, teatro antico in siti archeologici, \u201cMedea\u201d (2006, 30 repliche effettuate), \u201cCassandra\u201d, \u201cElena\u201d All\u2019Interno del progetto \u201cMiti Musei e Muse\u201d: \u201cLe amazzoni\u201d, \u201cApollo\u201d, \u201cErcole\u201d, \u201cVie di Mare, \u201cStorie di lavoro\u201d, In allestimento per il Museo Archeologico di Grosseto, \u201cI sette contro Tebe\u201d, \u201cLe donne etrusche\u201d All\u2019interno del progetto \u201cRilettura creativa\u201d per la Biblioteca Comunale \u201cI.Calvino\u201d di Castiglione della Pescaia, Interventi di lettura interpretata (2007-2008, 2008-2009) Dal 2013 al 2016 partecipa come attore in nuove produzioni con la compagnia teatrale Ars and Kraft: \u201cNorma, Storia di Un\u2019Anima Libera\u201d; \u201cIl Ribelle di Kansas\u00a0<\/span><\/p>\n<p><span style=\"font-weight: 400;\">City\u201d(in circuito) e con la compagnia Teatro dello Sbaglio:\u201dFar Finta Di Essere Gaber\u201d; \u201cQuei Vitelloni Del Lido Miramare\u201d (spettacoli di teatro canzone, in circuito) Tra il 2014 e il 2015 collabora con la compagnia francese Cie Sept Roses a Narbonne in una produzione dal titolo: \u201cLa Vie Trepidant De Laura Wilson\u201d in lingua francese. Dal 2017 al 2019 oltre ad aver preso parte di numerose produzioni passate, ha interpretato il ruolo di personaggio principale in &#8221; Polit&#8217;Circus&#8221; con la compagnia CIE sept roses in Francia, in lingua originale; partecipato alla messa in scena di &#8220;Iliade&#8221; come attore con Teatrostudio; aver partecipato come attore cantante in una produzione di teatro canzone (in circuito) in &#8220;La Collina&#8221; tratta da Antologia di Spoon River e Non all&#8217;amore n\u00e8 al denaro n\u00e8 al cielo di F. De Andr\u00e8.\u00a0<\/span><\/p>\n<p><b><i>Voce e musiche &#8211; Dario Canal\u00a0<\/i><\/b><\/p>\n<p><span style=\"font-weight: 400;\">Cantautore e musicista, ha pubblicato assieme al progetto Etruschi from Lakota tre album e un ep: \u201cGi\u00f9 la testa\u201d (2017), \u201cNon ci resta che ridere\u201d (2015), \u201cI nuovi mostri\u201d (2013), \u201cDavanti al muro\u201d (Ep, 2012). Vincitori del premio FAWI (assegnato da Arezzo Wave) come miglior gruppo emergente italiano, vincitori del premio Buscaglione nel febbraio 2014. All\u2019attivo con centinaia di concerti in tutta Italia, in Francia, Portogallo, Germania con diversi musicisti da tutto il mondo. Impegnato dall\u2019estate del 2017 con il progetto \u201cMusica per l\u2019integrazione\u201d rivolto ai richiedenti asilo dei centri accoglienza della provincia di Grosseto attraverso l\u2019associazione Partecipazione e Sviluppo di Bagni di Lucca (Lu). Esperto musicale nelle scuole dell\u2019infanzia e primaria dal 2016 con il progetto \u201cLa Musica pu\u00f2 fare\u201d dove si sviluppano attraverso i metodi Orff e Gordon la propedeutica alla musica. Artista da palcoscenico, autore dalle tematiche sociali e politiche.\u00a0<\/span><\/p>\n<p><b><i>Lo scrittore &#8211; Alessandro Angeli\u00a0<\/i><\/b><\/p>\n<p><span style=\"font-weight: 400;\">(Roma, 1972) \u00e8 insegnante di lettere, ha pubblicato <\/span><i><span style=\"font-weight: 400;\">Transmission, vita morte e visioni di Ian Curtis \u2013 Joy Division<\/span><\/i><span style=\"font-weight: 400;\">(2014); <\/span><i><span style=\"font-weight: 400;\">Nostra patria \u00e8 il mondo intero, biografia in libert\u00e0 di Antonio Gamberi, poeta del popolo, pastore, minatore, antifascista <\/span><\/i><span style=\"font-weight: 400;\">(2016); <\/span><i><span style=\"font-weight: 400;\">Io non sono la Coop, infelice epilogo di uno stagionale nel tritacarne della grande distribuzione<\/span><\/i><span style=\"font-weight: 400;\">(2016).\u00a0<\/span><\/p>\n<p>&nbsp;<\/p>\n<p style=\"text-align: center;\"><strong>I prossimi Show<\/strong><\/p>\n<p style=\"text-align: center;\"><strong><span class=\"im\">11 marzo &#8211; Off Topic Torino<\/span><\/strong><\/p>\n<p style=\"text-align: center;\"><strong>13 marzo &#8211; Laboratorio Sociale Alessandria\u00a0<\/strong><\/p>\n<p style=\"text-align: center;\"><strong>14 marzo &#8211; Birrovia Cuneo<\/strong><\/p>\n<p style=\"text-align: center;\"><strong>15 marzo &#8211; Germi Milano<\/strong><\/p>\n<p><img loading=\"lazy\" decoding=\"async\" class=\"aligncenter wp-image-61621 size-full\" src=\"http:\/\/www.piuomenopop.it\/wp-content\/uploads\/2020\/02\/talkin-blues.jpg\" alt=\"\" width=\"700\" height=\"467\" srcset=\"https:\/\/www.piuomenopop.it\/wp-content\/uploads\/2020\/02\/talkin-blues.jpg 700w, https:\/\/www.piuomenopop.it\/wp-content\/uploads\/2020\/02\/talkin-blues-300x200.jpg 300w\" sizes=\"auto, (max-width: 700px) 100vw, 700px\" \/><\/p>\n","protected":false},"excerpt":{"rendered":"<div class=\"mh-excerpt\"><p>\u00a0 &nbsp; Talkin\u2019 blues &#8211; vita e ballate di Woody Guthrie\u00a0 A cura di Mirio Tozzini e Dario Canal\u00a0 &nbsp; Talkin\u2019 blues \u00e8 un reading <a class=\"mh-excerpt-more\" href=\"https:\/\/www.piuomenopop.it\/index.php\/2020\/02\/18\/combattevamo-i-fascisti-per-mare-e-per-terra-i-talkin-blues-vita-e-ballate-di-woody-guthrie\/\" title=\"&#8220;Combattevamo i fascisti per mare e per terra &#8221; I Talkin\u2019 blues &#8211; vita e ballate di Woody Guthrie\u00a0\">[&#8230;]<\/a><\/p>\n<\/div>","protected":false},"author":2,"featured_media":61626,"comment_status":"closed","ping_status":"closed","sticky":false,"template":"","format":"standard","meta":{"sfsi_plus_gutenberg_text_before_share":"","sfsi_plus_gutenberg_show_text_before_share":"","sfsi_plus_gutenberg_icon_type":"","sfsi_plus_gutenberg_icon_alignemt":"","sfsi_plus_gutenburg_max_per_row":"","footnotes":"","_links_to":"","_links_to_target":""},"categories":[5184,3,8],"tags":[11491,11490,3528,11495,11494,11493,11492],"class_list":["post-61618","post","type-post","status-publish","format-standard","has-post-thumbnail","hentry","category-calendario-concerti","category-news","category-uscite","tag-alessandro-angeli","tag-combattevamo-i-fascisti-per-mare-e-per-terra","tag-dario-canal","tag-mirio-tozzini","tag-talkin-blues","tag-talkin-blues-vita-e-ballate-di-woody-guthrie","tag-woody-guthrie"],"aioseo_notices":[],"_links":{"self":[{"href":"https:\/\/www.piuomenopop.it\/index.php\/wp-json\/wp\/v2\/posts\/61618","targetHints":{"allow":["GET"]}}],"collection":[{"href":"https:\/\/www.piuomenopop.it\/index.php\/wp-json\/wp\/v2\/posts"}],"about":[{"href":"https:\/\/www.piuomenopop.it\/index.php\/wp-json\/wp\/v2\/types\/post"}],"author":[{"embeddable":true,"href":"https:\/\/www.piuomenopop.it\/index.php\/wp-json\/wp\/v2\/users\/2"}],"replies":[{"embeddable":true,"href":"https:\/\/www.piuomenopop.it\/index.php\/wp-json\/wp\/v2\/comments?post=61618"}],"version-history":[{"count":5,"href":"https:\/\/www.piuomenopop.it\/index.php\/wp-json\/wp\/v2\/posts\/61618\/revisions"}],"predecessor-version":[{"id":61627,"href":"https:\/\/www.piuomenopop.it\/index.php\/wp-json\/wp\/v2\/posts\/61618\/revisions\/61627"}],"wp:featuredmedia":[{"embeddable":true,"href":"https:\/\/www.piuomenopop.it\/index.php\/wp-json\/wp\/v2\/media\/61626"}],"wp:attachment":[{"href":"https:\/\/www.piuomenopop.it\/index.php\/wp-json\/wp\/v2\/media?parent=61618"}],"wp:term":[{"taxonomy":"category","embeddable":true,"href":"https:\/\/www.piuomenopop.it\/index.php\/wp-json\/wp\/v2\/categories?post=61618"},{"taxonomy":"post_tag","embeddable":true,"href":"https:\/\/www.piuomenopop.it\/index.php\/wp-json\/wp\/v2\/tags?post=61618"}],"curies":[{"name":"wp","href":"https:\/\/api.w.org\/{rel}","templated":true}]}}