{"id":62061,"date":"2020-02-28T12:09:11","date_gmt":"2020-02-28T11:09:11","guid":{"rendered":"http:\/\/www.piuomenopop.it\/?p=62061"},"modified":"2020-02-28T12:09:11","modified_gmt":"2020-02-28T11:09:11","slug":"musart-festival-firenze-2020-bolle-lp-paul-weller-bregovic-bollani-15-28-luglio-nel-centro-storico-di-firenze-spettacoli-visite-a-luoghi-darte-mostre-incontri","status":"publish","type":"post","link":"https:\/\/www.piuomenopop.it\/index.php\/2020\/02\/28\/musart-festival-firenze-2020-bolle-lp-paul-weller-bregovic-bollani-15-28-luglio-nel-centro-storico-di-firenze-spettacoli-visite-a-luoghi-darte-mostre-incontri\/","title":{"rendered":"MUSART FESTIVAL FIRENZE 2020 &#8211; Bolle, LP, Paul Weller, Bregovic, Bollani -15\/28 luglio &#8211; nel centro storico di Firenze &#8211; spettacoli, visite a luoghi d\u2019arte, mostre, incontri"},"content":{"rendered":"<div align=\"center\"><span style=\"font-family: tahoma, sans-serif;\"><span style=\"color: #ff0000; font-size: medium;\"><b>Musart Festival 2020<\/b><\/span><br \/>\n<span>Firenze | V Edizione | 15\/28 luglio 2020<\/span><span><br \/>\nPiazza della Santissima Annunziata &#8211; Firenze<\/span><\/p>\n<p><b><i>Nel cuore di Firenze, grandi spettacoli serali<\/i><\/b><b><i><br \/>\n<\/i><\/b><b><i>e decine di eventi a ingresso libero<\/i><\/b><\/p>\n<p><span style=\"color: #ff0000; font-size: small;\"><b>Roberto Bolle<\/b><b><br \/>\nLP<br \/>\nPaul Weller<br \/>\nGoran Bregovic e Wedding and Funeral Orchestra<br \/>\nStefano Bollani<br \/>\nEdoardo Bennato e Orchestra della Toscana<br \/>\nRock The Opera vol. II<br \/>\nFiorella Mannoia<br \/>\nRita Marcotulli<\/b><\/span><br \/>\n<span>And more\u2026<\/span><\/p>\n<p><u><b><\/b><\/u><\/span><span style=\"font-family: tahoma, sans-serif;\">Musart \u00e8 il Festival che abbina grandi nomi dello spettacolo al fascino secolare di Firenze. Agli appuntamenti serali in piazza della Santissima Annunziata \u2013 nel cuore della citt\u00e0, a poche centinaia di metri dal Duomo &#8211; si aggiungono un foyer ricco di iniziative, in piazza Brunelleschi, e tanti eventi in altri spazi preziosi della citt\u00e0: incontri, visite a luoghi d\u2019arte, mostre, docu-film e altri appuntamenti a ingresso gratuito.<\/p>\n<p>Dal 15 al 28 luglio, l\u2019edizione 2020 vedr\u00e0 protagonisti l\u2019etoile Roberto Bolle e il suo straordinario Gala di danza, il cantautorato dichiaratamente \u201cBritish\u201d di Paul Weller, il rock d\u2019essai di LP, Goran Bregovic con lo spettacolo \u201cFrom Sarajevo\u201d, il nuovo progetto di Stefano Bollani dedicato a \u201cJesus Christ Superstar\u201d. E ancora, Fiorella Mannoia, Edoardo Bennato con orchestra, i classici del rock in versione sinfonica di Rock The Opera, il concerto all\u2019alba della pianista Rita Marcotulli.<\/p>\n<p>I biglietti sono in vendita nei punti Box Office Toscana\u00a0<a href=\"http:\/\/www.boxofficetoscana.it\/punti-vendita\" target=\"_blank\" rel=\"noopener noreferrer\" data-saferedirecturl=\"https:\/\/www.google.com\/url?q=http:\/\/www.boxofficetoscana.it\/punti-vendita&amp;source=gmail&amp;ust=1582974345143000&amp;usg=AFQjCNGHnNcTr8SH-BfSEKDvfOeWAjEpIA\">www.boxofficetoscana.it\/punti-<wbr \/>vendita<\/a>\u00a0(tel. 055.210804) e online su\u00a0<a href=\"http:\/\/www.ticketone.it\/\" target=\"_blank\" rel=\"noopener noreferrer\" data-saferedirecturl=\"https:\/\/www.google.com\/url?q=http:\/\/www.ticketone.it&amp;source=gmail&amp;ust=1582974345143000&amp;usg=AFQjCNFBXU2fb_xG3fiRMvmz6A7EowJNCA\">www.ticketone.it<\/a>\u00a0(tel. 892.101). Per chi \u00e8 in cerca di soluzioni esclusive c\u2019\u00e8 la formula Gold Package, che al biglietto di primo settore aggiunger\u00e0 ingresso dedicato, visite guidate ai luoghi d\u2019arte della piazza, area hospitality, servizio catering, ulteriori riduzioni per mostre e attivit\u00e0 culturali.<\/p>\n<p>Il suo \u201cGirls Go Wild\u201d \u00e8 stato il brano pi\u00f9 ascoltato nelle radio italiane nel 2019: LP, ovviamente. Mercoled\u00ec 15 luglio sar\u00e0 l\u2019artista americana a inaugurare Musart 2020,\u00a0 sulle ali del successo ottenuto con l\u2019album \u201cHeart To Mouth\u201d.<\/p>\n<p>Da &#8220;Un giorno credi&#8221; a &#8220;Capitan Uncino&#8221;, a &#8220;Non farti cadere le braccia&#8221;. Brani che hanno segnato la carriera di Edoardo Bennato e il cantautorato italiano. E che riascolteremo gioved\u00ec 16 luglio, in versione sinfonica, nello straordinario concerto \u201cDa Rossini al rock\u201d che vedr\u00e0 il cantautore partenopeo al fianco dell\u2019Orchestra della Toscana.<\/p>\n<p>Roberto Bolle sceglie ancora lo scenario di piazza della Santissima Annunziata per il nuovo tour del gala di danza \u201cRoberto Bolle and Friends\u201d. Dopo il tutto esaurito dell\u2019anno passato, sabato 18 luglio l\u2019\u00c9toile dei due mondi torner\u00e0 con i suoi ospiti sul pi\u00f9 elegante palco dell\u2019estate fiorentina.<\/p>\n<p>Luned\u00ec 20 luglio, con \u201cForm Sarajevo\u201d, Goran Bregovic trasformer\u00e0 in musica le molteplici anime della capitale della Bosnia-Erzegovina: ci saranno tre violini solisti, suonati secondo la tradizione classica occidentale, quella klezmer e quella orientale. E poi, la fedele Wedding and Funeral Orchestra, un ensemble di fiati gitani, un coro di voci bulgare e l\u2019Orchestra Galilei della Scuola di Musica di Fiesole.<\/p>\n<p>Marted\u00ec 21, a cinquant\u2019anni dall\u2019uscita dell\u2019album \u201cJesus Christ Superstar\u201d, Stefano Bollani rilegger\u00e0, in solitudine e in assoluta libert\u00e0, il capolavoro di Andrew LIoyd Webber &amp; Tim Rice. Non una semplice trascrizione: \u201cPiano Variations on Jesus Christ Superstar\u201d \u00e8 una versione strumentale in cui trovano spazio l\u2019indole di Bollani e la sua straordinaria capacit\u00e0 d\u2019improvvisazione. Con la benedizione di Andrew LIoyd Webber.<\/p>\n<p>Gioved\u00ec 23 luglio segna il ritorno, con un programma completamente rinnovato, di \u201cRock The Opera\u201d, il concerto dell\u2019Orchestra della Toscana in collaborazione con la Prague Philharmonic Orchestra diretta da Friedemann Riehle che la scorsa estate segn\u00f2 il tutto esaurito con settimane d\u2019anticipo. Dai Pink Floyd agli Zeppelin, grandi successi del rock eseguiti in chiave sinfonica.<\/p>\n<p>A fine estate un grande evento contro la violenza sulle donne, insieme a famose colleghe. Venerd\u00ec 24 luglio Fiorella Mannoia trova il tempo per riabbracciare il pubblico fiorentino, sempre in piazza della Santissima Annunziata: al centro del concerto il nuovo album \u201cPersonale\u201d.<\/p>\n<p>Se non avete mai sentito la sua \u201cYou Do Something To Me\u201d beh\u2026 siete in tempo per rimediare. Paul Weller, alias The Modfather, leggenda del cantautorato d\u2019Oltremanica, sar\u00e0 luned\u00ec 27 luglio a Musart, con un live \u00e8 la summa del suo variegato percorso, dal punk degli esordi al soul, dal power pop al folk, fino all\u2019elettronica.<\/p>\n<p>Il festival si chiuder\u00e0 con il concerto all\u2019alba della pianista Rita Marcutulli, marted\u00ec 28 luglio (ore 4.45) nel Cortile degli Uomini dell\u2019Istituto degli Innocenti.<\/p>\n<p>Elegante teatro all\u2019aperto, Musart Festival avr\u00e0 anche quest\u2019anno un foyer ricco di iniziative, spettacoli e proposte culinarie: tutto nell\u2019adiacente piazza Brunelleschi.<\/p>\n<p>Prima dei live si potranno visitare gratuitamente giardini, luoghi di culto e palazzi monumentali adiacenti alla piazza. Immancabile la mostra fotografica \u201cBecause the night\u201d dedicata ai grandi concerti fiorentini, confermata la collaborazione con Sky Arte: docu-film e rarit\u00e0 in tema musicale nella sede di piazza Brunelleschi dell&#8217;Universit\u00e0 di Firenze.<\/p>\n<p>Programma completo, informazioni e aggiornamenti sul sito ufficiale\u00a0<a href=\"http:\/\/www.musartfestival.it\/\" target=\"_blank\" rel=\"noopener noreferrer\" data-saferedirecturl=\"https:\/\/www.google.com\/url?q=http:\/\/www.musartfestival.it&amp;source=gmail&amp;ust=1582974345143000&amp;usg=AFQjCNEiRvVAb5HkYINftwibmS5W3mZWkw\">www.musartfestival.it<\/a>\u00a0e sui canali social del festival.<\/p>\n<p>Musart Festival 2020 \u00e8 prodotto da associazione culturale Musart in co-organizzazione con Istituto degli Innocenti, nell\u2019ambito dell\u2019Estate Fiorentina promossa dal Comune di Firenze.<\/p>\n<p><span><u><b><br \/>\n<\/b><\/u><\/span><\/span><\/div>\n<div align=\"center\"><\/div>\n<div align=\"center\"><u><b><span style=\"font-family: tahoma, sans-serif;\">Programma Musart Festival Firenze 2020<\/span><\/b><\/u><\/div>\n<p><span style=\"font-family: tahoma, sans-serif;\"><\/p>\n<p><span style=\"font-size: xx-small;\"><u>Mercoled\u00ec 15 luglio 2020 &#8211; ore 21.15<\/u><br \/>\n<\/span><span style=\"font-size: xx-small;\"><span style=\"color: #ff0000;\"><b>LP<\/b><\/span><br \/>\n(biglietti da 34,50 a 69 euro &#8211; Gold Package 129 euro)<\/p>\n<p><u>Gioved\u00ec 16 luglio 2020 &#8211; ore 21.15<\/u><br \/>\n<span style=\"color: #ff0000;\"><b>EDOARDO BENNATO + ORCHESTRA DELLA TOSCANA<\/b><b><br \/>\n<\/b><b>\u201cDa Rossini al rock\u201d<\/b><\/span><br \/>\n(biglietti da 28,75 a 48,30 euro &#8211; Gold Package 108 euro)<\/p>\n<p><u>Sabato 18 luglio 2020 &#8211; ore 21.15<\/u><br \/>\nROBERTO BOLLE and FRIENDS<br \/>\n(biglietti da 63,25 a 143,75 euro &#8211; Gold Package 204 euro)<br \/>\n<u><br \/>\n<\/u><u>Luned\u00ec 20 luglio 2020 &#8211; ore 21.15<\/u><br \/>\n<span style=\"color: #ff0000;\"><b>GORAN BREGOVIC Wedding and Funeral Orchestra<\/b><b><br \/>\n<\/b><b>\u201cFrom Sarajevo\u201d<\/b><\/span><br \/>\n(biglietti da 28,75 a 51,75 euro &#8211; Gold Package 112 euro)<\/p>\n<p><u>Marted\u00ec 21 luglio 2020 &#8211; ore 21.15<\/u><br \/>\n<span style=\"color: #ff0000;\"><b>STEFANO BOLLANI<\/b><b><br \/>\n<\/b><b>\u201cPiano Variations on Jesus Christ Superstar\u201d<\/b><\/span><br \/>\n(biglietti da 26,45 a 46 euro &#8211; Gold Package 106 euro)<br \/>\n<u><br \/>\n<\/u><u>Gioved\u00ec 23 luglio 2020 &#8211; ore 21.15<\/u><br \/>\n<span style=\"color: #ff0000;\"><b>ROCK THE OPERA vol. II<\/b><\/span><br \/>\n<span style=\"color: #ff0000;\"><b>Orchestra della Toscana e Prague Philharmonic Orchestra<\/b><b><br \/>\n<\/b><b>Direttore Friedemann Riehle<\/b><\/span><br \/>\n(biglietti da 25,30 a 57,50 euro &#8211; Gold Package 118 euro)<\/p>\n<p><u>Venerd\u00ec 24 luglio 2020 &#8211; ore 21.15<\/u><br \/>\n<span style=\"color: #ff0000;\"><b>FIORELLA MANNOIA<\/b><\/span><br \/>\n(biglietti da 29,90 a 57,50 euro &#8211; Gold Package 118 euro)<\/p>\n<p><u>Luned\u00ec 27 luglio 2020 &#8211; ore 21.15<\/u><br \/>\n<span style=\"color: #ff0000;\"><b>PAUL WELLER<\/b><\/span><br \/>\n(biglietti da 34,50 a 63,25 euro)<\/p>\n<p><u>Marted\u00ec 28 luglio 2020 \u2013 ore 4.45 (Istituto degli Innocenti &#8211; Cortile degli Uomini)<\/u><br \/>\n<span style=\"color: #ff0000;\"><b>RITA MARCOTULLI<\/b><\/span><br \/>\nConcerto all\u2019alba<br \/>\n<\/span><span style=\"font-size: xx-small;\"><u><b><br \/>\n<\/b><\/u><u><b>Prevendite<\/b><\/u><br \/>\nBox Office Toscana\u00a0<a href=\"http:\/\/www.boxofficetoscana.it\/\" target=\"_blank\" rel=\"noopener noreferrer\" data-saferedirecturl=\"https:\/\/www.google.com\/url?q=http:\/\/www.boxofficetoscana.it&amp;source=gmail&amp;ust=1582974345143000&amp;usg=AFQjCNE0edlzh4GshbjjJyAN5c0DlNQjZQ\">www.boxofficetoscana.it<\/a>\u00a0(tel. 055.210804)<br \/>\nTicketOne\u00a0<a href=\"http:\/\/www.ticketone.it\/\" target=\"_blank\" rel=\"noopener noreferrer\" data-saferedirecturl=\"https:\/\/www.google.com\/url?q=http:\/\/www.ticketone.it&amp;source=gmail&amp;ust=1582974345143000&amp;usg=AFQjCNFBXU2fb_xG3fiRMvmz6A7EowJNCA\">www.ticketone.it<\/a>\u00a0(tel. 892.101)<\/p>\n<p><b><u>Info Musart Festival Firenze<\/u><\/b><br \/>\nDal 15 al 28 luglio 2020 &#8211; Piazza della Santissima Annunziata \u2013 Firenze<br \/>\nIngresso da via de\u2019 Servi \u2013 Biglietteria piazza Brunelleschi<br \/>\nInfo tel. 055.667566 \u2013\u00a0<a href=\"http:\/\/www.musartfestival.it\/\" target=\"_blank\" rel=\"noopener noreferrer\" data-saferedirecturl=\"https:\/\/www.google.com\/url?q=http:\/\/www.musartfestival.it&amp;source=gmail&amp;ust=1582974345143000&amp;usg=AFQjCNEiRvVAb5HkYINftwibmS5W3mZWkw\">www.musartfestival.it<\/a><br \/>\nFacebook: MusArt-Festival<\/span><\/span><\/p>\n","protected":false},"excerpt":{"rendered":"<div class=\"mh-excerpt\"><p>Musart Festival 2020 Firenze | V Edizione | 15\/28 luglio 2020 Piazza della Santissima Annunziata &#8211; Firenze Nel cuore di Firenze, grandi spettacoli serali e <a class=\"mh-excerpt-more\" href=\"https:\/\/www.piuomenopop.it\/index.php\/2020\/02\/28\/musart-festival-firenze-2020-bolle-lp-paul-weller-bregovic-bollani-15-28-luglio-nel-centro-storico-di-firenze-spettacoli-visite-a-luoghi-darte-mostre-incontri\/\" title=\"MUSART FESTIVAL FIRENZE 2020 &#8211; Bolle, LP, Paul Weller, Bregovic, Bollani -15\/28 luglio &#8211; nel centro storico di Firenze &#8211; spettacoli, visite a luoghi d\u2019arte, mostre, incontri\">[&#8230;]<\/a><\/p>\n<\/div>","protected":false},"author":2,"featured_media":62062,"comment_status":"closed","ping_status":"closed","sticky":false,"template":"","format":"standard","meta":{"sfsi_plus_gutenberg_text_before_share":"","sfsi_plus_gutenberg_show_text_before_share":"","sfsi_plus_gutenberg_icon_type":"","sfsi_plus_gutenberg_icon_alignemt":"","sfsi_plus_gutenburg_max_per_row":"","footnotes":"","_links_to":"","_links_to_target":""},"categories":[5184,3],"tags":[5401,11547],"class_list":["post-62061","post","type-post","status-publish","format-standard","has-post-thumbnail","hentry","category-calendario-concerti","category-news","tag-musart-festival","tag-musart-festival-2020"],"aioseo_notices":[],"_links":{"self":[{"href":"https:\/\/www.piuomenopop.it\/index.php\/wp-json\/wp\/v2\/posts\/62061","targetHints":{"allow":["GET"]}}],"collection":[{"href":"https:\/\/www.piuomenopop.it\/index.php\/wp-json\/wp\/v2\/posts"}],"about":[{"href":"https:\/\/www.piuomenopop.it\/index.php\/wp-json\/wp\/v2\/types\/post"}],"author":[{"embeddable":true,"href":"https:\/\/www.piuomenopop.it\/index.php\/wp-json\/wp\/v2\/users\/2"}],"replies":[{"embeddable":true,"href":"https:\/\/www.piuomenopop.it\/index.php\/wp-json\/wp\/v2\/comments?post=62061"}],"version-history":[{"count":1,"href":"https:\/\/www.piuomenopop.it\/index.php\/wp-json\/wp\/v2\/posts\/62061\/revisions"}],"predecessor-version":[{"id":62063,"href":"https:\/\/www.piuomenopop.it\/index.php\/wp-json\/wp\/v2\/posts\/62061\/revisions\/62063"}],"wp:featuredmedia":[{"embeddable":true,"href":"https:\/\/www.piuomenopop.it\/index.php\/wp-json\/wp\/v2\/media\/62062"}],"wp:attachment":[{"href":"https:\/\/www.piuomenopop.it\/index.php\/wp-json\/wp\/v2\/media?parent=62061"}],"wp:term":[{"taxonomy":"category","embeddable":true,"href":"https:\/\/www.piuomenopop.it\/index.php\/wp-json\/wp\/v2\/categories?post=62061"},{"taxonomy":"post_tag","embeddable":true,"href":"https:\/\/www.piuomenopop.it\/index.php\/wp-json\/wp\/v2\/tags?post=62061"}],"curies":[{"name":"wp","href":"https:\/\/api.w.org\/{rel}","templated":true}]}}