{"id":62256,"date":"2020-03-11T12:04:18","date_gmt":"2020-03-11T11:04:18","guid":{"rendered":"http:\/\/www.piuomenopop.it\/?p=62256"},"modified":"2020-03-11T12:04:18","modified_gmt":"2020-03-11T11:04:18","slug":"ghali-il-concerto-a-milano-date-spostate-al-89-e-10-ottobre","status":"publish","type":"post","link":"https:\/\/www.piuomenopop.it\/index.php\/2020\/03\/11\/ghali-il-concerto-a-milano-date-spostate-al-89-e-10-ottobre\/","title":{"rendered":"GHALI &#8211; &#8220;IL CONCERTO A MILANO&#8221; date spostate al 8,9 E 10 OTTOBRE"},"content":{"rendered":"<p style=\"font-weight: 400; text-align: center;\"><strong>GHALI<br \/>\n<\/strong><strong>IL CONCERTO A MILANO<\/strong><\/p>\n<p style=\"font-weight: 400; text-align: center;\"><strong>SPOSTAMENTO DATE AL 8,9 E 10 OTTOBRE<\/strong><\/p>\n<p style=\"font-weight: 400;\"><strong>\u00a0<\/strong><\/p>\n<blockquote><p><em>\u201dStavo preparando da tempo le tre date del Fabrique per invitare tutti a Milano, a casa mia.\u00a0<\/em><em>L\u2019entrata a Sanremo sarebbe dovuto essere un assaggio delle idee di spettacolo che avevamo in mente, sia sul palco che fuori. Purtroppo la mia citt\u00e0 in questo ultimo periodo di emergenza sanitaria non pu\u00f2 ospitare facilmente tutti e, non sapendo quanto durer\u00e0 questo momento, preferiamo rimandare Il Concerto a Milano a Ottobre. In questi ultimi giorni di Instore ho avuto la fortuna di incontrare tanti di voi e siete testimoni di quanto mi impegni a dedicare un po\u2019 di tempo ad ognuno, dal primo all\u2019ultimo.\u00a0<\/em><em>\u00c8 una questione di rispetto. Voglio tornare, come mi avete chiesto in tanti, e voglio farlo sui palchi delle vostre citt\u00e0 oltre che quelli europei gi\u00e0 in programma. Ci vediamo presto, promesso.\u201d\u00a0<\/em>\u2013 Ghali<\/p><\/blockquote>\n<p>&nbsp;<\/p>\n<p style=\"font-weight: 400;\"><strong>Il concerto a Milano<\/strong>\u00a0previsto al\u00a0<strong>Fabrique<\/strong>\u00a0per il 8, 9 e 10 maggio prossimi\u00a0<strong>\u00e8 stato spostato\u00a0<\/strong>al\u00a0<strong>8,9 e 10 Ottobre 2020.<\/strong>\u00a0<strong>Live Nation<\/strong>\u00a0che produce e organizza i live dell\u2019artista, seguendo la volont\u00e0 di Ghali, sceglie di\u00a0<strong>posticipare gli show<\/strong><strong>\u00a0a Milano<\/strong>,\u00a0originariamente previsti per venerd\u00ec, sabato e domenica 8-9-10 maggio 2020 al Fabrique.\u00a0\u00a0I\u00a0<strong>biglietti acquistati verranno ritenuti validi\u00a0<\/strong>per le nuove date come segue:<\/p>\n<p style=\"font-weight: 400;\"><strong>\u00a0 \u00a0 \u00a0 \u00a0 \u00a0 \u00a0 \u00a0 \u00a0 \u00a0 \u00a0 \u00a0 \u00a0 \u00a0 \u00a0 \u00a0 \u00a0 \u00a0 \u00a0 \u00a0 \u00a0 \u00a0 \u00a0 \u00a0 \u00a0Da Venerd\u00ec 8 maggio\u00a0\u00a0\u00a0\u00a0\u00a0\u00a0\u00a0\u00a0\u00a0\u00a0\u00a0\u00a0\u00a0\u00a0\u00a0\u00a0\u00a0\u00a0\u00a0 \u00a0\u00a0\u00a0\u00a0\u00a0\u00a0\u00a0\u00a0\u00a0\u00a0\u00a0\u00a0\u00a0\u00a0\u00a0 a\u00a0\u00a0\u00a0\u00a0\u00a0\u00a0\u00a0\u00a0\u00a0\u00a0\u00a0\u00a0 Ven. 9 ottobre<\/strong><\/p>\n<p style=\"font-weight: 400;\"><strong>\u00a0\u00a0\u00a0\u00a0 \u00a0\u00a0\u00a0\u00a0\u00a0\u00a0\u00a0\u00a0\u00a0\u00a0\u00a0\u00a0\u00a0\u00a0\u00a0\u00a0\u00a0\u00a0\u00a0\u00a0\u00a0\u00a0\u00a0\u00a0\u00a0\u00a0\u00a0\u00a0\u00a0\u00a0\u00a0\u00a0\u00a0\u00a0\u00a0\u00a0\u00a0\u00a0\u00a0\u00a0\u00a0 Da Sabato 9 maggio \u00a0\u00a0\u00a0\u00a0\u00a0\u00a0\u00a0\u00a0\u00a0\u00a0\u00a0\u00a0\u00a0\u00a0\u00a0\u00a0\u00a0\u00a0\u00a0\u00a0\u00a0\u00a0\u00a0\u00a0\u00a0\u00a0\u00a0\u00a0\u00a0\u00a0\u00a0\u00a0\u00a0\u00a0\u00a0\u00a0\u00a0 a\u00a0\u00a0\u00a0\u00a0\u00a0\u00a0\u00a0\u00a0\u00a0\u00a0\u00a0\u00a0\u00a0Sab. 10 ottobre<\/strong><\/p>\n<p style=\"font-weight: 400;\"><strong>\u00a0\u00a0\u00a0\u00a0 \u00a0\u00a0\u00a0\u00a0\u00a0\u00a0\u00a0\u00a0\u00a0\u00a0\u00a0\u00a0\u00a0\u00a0\u00a0\u00a0\u00a0\u00a0\u00a0\u00a0\u00a0\u00a0\u00a0\u00a0\u00a0\u00a0\u00a0\u00a0\u00a0\u00a0\u00a0\u00a0\u00a0\u00a0\u00a0\u00a0\u00a0\u00a0\u00a0\u00a0\u00a0 Da Domenica 10 maggio \u00a0\u00a0\u00a0\u00a0\u00a0\u00a0\u00a0\u00a0\u00a0\u00a0\u00a0\u00a0\u00a0\u00a0\u00a0\u00a0\u00a0\u00a0\u00a0\u00a0\u00a0\u00a0\u00a0\u00a0\u00a0\u00a0\u00a0\u00a0 a\u00a0\u00a0\u00a0\u00a0\u00a0\u00a0\u00a0\u00a0\u00a0\u00a0\u00a0\u00a0 Gio. 8 ottobre<\/strong><\/p>\n<p style=\"font-weight: 400;\">\n<p style=\"font-weight: 400;\">\n<p style=\"font-weight: 400;\">Le eventuali\u00a0<strong>richieste di rimborso del biglietto<\/strong>\u00a0dovranno essere p<strong>resentate dal 16 marzo ed\u00a0<em>entro e non oltre<\/em>\u00a0venerd\u00ec 27 marzo 2020<\/strong>\u00a0rivolgendosi ai propri punti vendita. Per i rimborsi on-line si invita a contattare il servizio clienti delle piattaforme (<strong>ticketone<\/strong>\u00a0e\u00a0<strong>ticketmaster<\/strong>) utilizzate per acquisto.<\/p>\n<p style=\"font-weight: 400;\"><a href=\"http:\/\/www.ticketone.it\/help\" data-saferedirecturl=\"https:\/\/www.google.com\/url?q=http:\/\/www.ticketone.it\/help&amp;source=gmail&amp;ust=1584009281990000&amp;usg=AFQjCNFG2J_F6_mY78lKWDoS1Qwpu0qH_Q\">http:\/\/www.ticketone.it\/help<\/a><\/p>\n<p style=\"font-weight: 400;\"><a href=\"https:\/\/help.ticketmaster.it\/hc\/it\/requests\/new\" data-saferedirecturl=\"https:\/\/www.google.com\/url?q=https:\/\/help.ticketmaster.it\/hc\/it\/requests\/new&amp;source=gmail&amp;ust=1584009281990000&amp;usg=AFQjCNFeeRyBpv3j3Iu5AotpTbz1XKprvA\">https:\/\/help.ticketmaster.it\/hc\/it\/requests\/new<\/a><\/p>\n<p style=\"font-weight: 400;\">Il desiderio di Ghali \u00e8 che il pubblico possa riunirsi senza alcun disagio o riserva. Le date del Fabrique saranno una grande festa, un modo per ritrovarsi e festeggiare e visto il periodo di incertezza l\u2019artista preferisce<strong>\u00a0rimandare il debutto per venire a trovare i suoi fan in giro per l\u2019Italia e l\u2019Europa<\/strong>.\u00a0\u00a0Cambiano i piani ma non desiderio di Ghali di rivedere il suo pubblico, che decide di offrire questa opportunit\u00e0 ai suoi fan; verranno annunciate a breve\u00a0<strong>nuove date<\/strong>.<\/p>\n<p style=\"font-weight: 400;\"><strong>Ghali,\u00a0<\/strong>reduce da una \u201c<strong>tripletta\u201d nelle classifiche Fimi\/Gfk<\/strong>\u00a0dove\u00a0<strong>DNA,<\/strong>\u00a0il suo nuovo album pubblicato da\u00a0<strong>Atlantic Warner\/Sto records\u00a0<\/strong>ha esordito al\u00a0<strong>numero uno\u00a0<\/strong>della\u00a0<strong>classifica degli album<\/strong>\u00a0e\u00a0<strong>primo e secondo nella classifica dei singoli\u00a0<\/strong>con\u00a0<strong><em>Goodtimes<\/em><\/strong>\u00a0e\u00a0<strong><em>Boogieman Feat. Salmo<\/em>\u00a0<\/strong>(brano gi\u00e0 certificato\u00a0<strong>disco d\u2019oro<\/strong>\u00a0grazie alle quasi 8 milioni di views su youtube e 18 milioni di streaming su spotify) continua ad affermarsi come punto di riferimento della musica italiana ed europea.<\/p>\n<p style=\"font-weight: 400;\">I\u00a0<strong>biglietti per i suoi concerti di ottobre sono gi\u00e0 disponibili<\/strong>\u00a0per l\u2019acquisto sulle piattaforme ufficiali Ticketmaster Italia, Ticketone e in tutti i punti vendita autorizzati. Ulteriori informazioni sul tour e biglietti sono disponibili su\u00a0<a href=\"http:\/\/www.livenation.it\/\" data-saferedirecturl=\"https:\/\/www.google.com\/url?q=http:\/\/www.livenation.it\/&amp;source=gmail&amp;ust=1584009281990000&amp;usg=AFQjCNEMc8KaD9hKUzuUH0XKGTj4JKJSLw\">www.livenation.it<\/a><\/p>\n<p style=\"font-weight: 400;\">La<strong>\u00a0radiopartner<\/strong>\u00a0ufficiale di \u201c<strong>IL CONCERTO A MILANO\u201d<\/strong>\u00e8\u00a0<strong>RADIO 105<\/strong>.<\/p>\n<figure id=\"attachment_48276\" aria-describedby=\"caption-attachment-48276\" style=\"width: 1200px\" class=\"wp-caption alignnone\"><a href=\"http:\/\/www.piuomenopop.it\/wp-content\/uploads\/2019\/05\/Ghali-1.jpg\"><img loading=\"lazy\" decoding=\"async\" class=\"wp-image-48276 size-full\" src=\"http:\/\/www.piuomenopop.it\/wp-content\/uploads\/2019\/05\/Ghali-1.jpg\" alt=\"\" width=\"1200\" height=\"800\" srcset=\"https:\/\/www.piuomenopop.it\/wp-content\/uploads\/2019\/05\/Ghali-1.jpg 1200w, https:\/\/www.piuomenopop.it\/wp-content\/uploads\/2019\/05\/Ghali-1-300x200.jpg 300w, https:\/\/www.piuomenopop.it\/wp-content\/uploads\/2019\/05\/Ghali-1-768x512.jpg 768w, https:\/\/www.piuomenopop.it\/wp-content\/uploads\/2019\/05\/Ghali-1-1024x683.jpg 1024w\" sizes=\"auto, (max-width: 1200px) 100vw, 1200px\" \/><\/a><figcaption id=\"caption-attachment-48276\" class=\"wp-caption-text\">\u00a9 Marta Tosto<\/figcaption><\/figure>\n","protected":false},"excerpt":{"rendered":"<div class=\"mh-excerpt\"><p>GHALI IL CONCERTO A MILANO SPOSTAMENTO DATE AL 8,9 E 10 OTTOBRE \u00a0 \u201dStavo preparando da tempo le tre date del Fabrique per invitare tutti <a class=\"mh-excerpt-more\" href=\"https:\/\/www.piuomenopop.it\/index.php\/2020\/03\/11\/ghali-il-concerto-a-milano-date-spostate-al-89-e-10-ottobre\/\" title=\"GHALI &#8211; &#8220;IL CONCERTO A MILANO&#8221; date spostate al 8,9 E 10 OTTOBRE\">[&#8230;]<\/a><\/p>\n<\/div>","protected":false},"author":2,"featured_media":62257,"comment_status":"closed","ping_status":"closed","sticky":false,"template":"","format":"standard","meta":{"sfsi_plus_gutenberg_text_before_share":"","sfsi_plus_gutenberg_show_text_before_share":"","sfsi_plus_gutenberg_icon_type":"","sfsi_plus_gutenberg_icon_alignemt":"","sfsi_plus_gutenburg_max_per_row":"","footnotes":"","_links_to":"","_links_to_target":""},"categories":[5184,3],"tags":[4844,11305,11592],"class_list":["post-62256","post","type-post","status-publish","format-standard","has-post-thumbnail","hentry","category-calendario-concerti","category-news","tag-ghali","tag-il-concerto-a-milano","tag-il-concerto-a-milano-gahli"],"aioseo_notices":[],"_links":{"self":[{"href":"https:\/\/www.piuomenopop.it\/index.php\/wp-json\/wp\/v2\/posts\/62256","targetHints":{"allow":["GET"]}}],"collection":[{"href":"https:\/\/www.piuomenopop.it\/index.php\/wp-json\/wp\/v2\/posts"}],"about":[{"href":"https:\/\/www.piuomenopop.it\/index.php\/wp-json\/wp\/v2\/types\/post"}],"author":[{"embeddable":true,"href":"https:\/\/www.piuomenopop.it\/index.php\/wp-json\/wp\/v2\/users\/2"}],"replies":[{"embeddable":true,"href":"https:\/\/www.piuomenopop.it\/index.php\/wp-json\/wp\/v2\/comments?post=62256"}],"version-history":[{"count":1,"href":"https:\/\/www.piuomenopop.it\/index.php\/wp-json\/wp\/v2\/posts\/62256\/revisions"}],"predecessor-version":[{"id":62258,"href":"https:\/\/www.piuomenopop.it\/index.php\/wp-json\/wp\/v2\/posts\/62256\/revisions\/62258"}],"wp:featuredmedia":[{"embeddable":true,"href":"https:\/\/www.piuomenopop.it\/index.php\/wp-json\/wp\/v2\/media\/62257"}],"wp:attachment":[{"href":"https:\/\/www.piuomenopop.it\/index.php\/wp-json\/wp\/v2\/media?parent=62256"}],"wp:term":[{"taxonomy":"category","embeddable":true,"href":"https:\/\/www.piuomenopop.it\/index.php\/wp-json\/wp\/v2\/categories?post=62256"},{"taxonomy":"post_tag","embeddable":true,"href":"https:\/\/www.piuomenopop.it\/index.php\/wp-json\/wp\/v2\/tags?post=62256"}],"curies":[{"name":"wp","href":"https:\/\/api.w.org\/{rel}","templated":true}]}}