{"id":62640,"date":"2020-04-14T11:23:28","date_gmt":"2020-04-14T09:23:28","guid":{"rendered":"http:\/\/www.piuomenopop.it\/?p=62640"},"modified":"2020-04-14T11:25:52","modified_gmt":"2020-04-14T09:25:52","slug":"musicus-concentus-e-sala-vanni-firenze-annullati-i-concerti-previsti-nei-mesi-aprile-e-maggio-2020","status":"publish","type":"post","link":"https:\/\/www.piuomenopop.it\/index.php\/2020\/04\/14\/musicus-concentus-e-sala-vanni-firenze-annullati-i-concerti-previsti-nei-mesi-aprile-e-maggio-2020\/","title":{"rendered":"Musicus Concentus e Sala Vanni (Firenze): annullati i concerti previsti nei mesi aprile e maggio 2020"},"content":{"rendered":"<p style=\"text-align: center;\"><span style=\"color: #ff0000; font-size: large;\"><b>Annullati i concerti previsti nei mesi aprile e maggio 2020<\/b><\/span><\/p>\n<p>Sui siti delle relative prevendite sono disponibili le procedure di rimborso dei biglietti acquistati<\/p>\n<div>Firenze, 14 aprile 2020 &#8211; A causa del protrarsi delle misure di contenimento della diffusione del virus COVID-19, Musicus Concentus\u00a0<b><u>annuncia l&#8217;annullamento dei concerti previsti nella sua stagione per i mesi di aprile e maggio 2020<\/u><\/b>.<\/div>\n<div><\/div>\n<div>In particolare, per quanto riguarda la Sala Vanni: Jazz Prime (16-17 aprile), Naomi Berrill (sabato 18 aprile), Pan\u2022American \u00a0(24 aprile) e Julia Kent (15 maggio). Sempre in questa location annullati anche i concerti che ancora non erano stati riprogrammati, ovvero Varg2&#x2122; &amp; Soho Rezanejad, Bill Kouligas e Any Other.<\/div>\n<div><\/div>\n<div>Annullato anche l&#8217;ultimo appuntamento della rassegna Disconnect Code previsto venerd\u00ec 8 maggio in Manifattura Tabacchi con Kode9 in consolle. Stessa sorte per i concerti al The Cage di Livorno con La Rappresentante di Lista (18 aprile), Generic Animal e Calibro 35.<\/div>\n<div>Fino al 31\/07\/2020, sui siti delle relative prevendite, sono disponibili le procedure di rimborso dei biglietti acquistati.<\/div>\n<div><\/div>\n<div>Il Musicus Concentus continua a lavorare per la programmazione d\u2019autunno, che resta in cartellone e sar\u00e0 annunciata nei prossimi mesi, unitamente al recupero dei concerti annullati in primavera, per quanto sar\u00e0 possibile.<\/div>\n<div><b>\u00a0<\/b><\/div>\n<div><b>\u00a0<\/b><\/div>\n<div><b>Le playlist del Musicus Concentus<\/b><\/div>\n<div><\/div>\n<div>Nel frattempo, per tenervi (e tenerci) compagnia in questo periodo di isolamento forzato, sul sito\u00a0<a href=\"http:\/\/www.musicusconcentus.com\/\" target=\"_blank\" rel=\"noopener noreferrer\" data-saferedirecturl=\"https:\/\/www.google.com\/url?q=http:\/\/www.musicusconcentus.com&amp;source=gmail&amp;ust=1586941762690000&amp;usg=AFQjCNGSHfpl46w5tSpOckMv4tRHrCkm4g\">www.musicusconcentus.com<\/a>\u00a0e su Spotify sono disponibili le playlist curate dai direttori artistici di Disconnect Code e A Jazz Supreme.<\/div>\n<div><b>\u00a0<\/b><\/div>\n<div><b>Disconnect Code\u00a0<\/b><\/div>\n<div>Il progetto ideato e curato insieme a Disconnect _Media, ripercorre attraverso 22 brani i primi due anni della nuova rassegna, al tempo stesso pescando a piene mani in quel che \u00e8 stato il precedente progetto Hand Signed. Portata avanti tra il 2016 ed il 2017, Hand Signed nacque dalla collaborazione tra l\u2019etichetta Ooh-Sounds, Node festival e Musicus Concentus, con la partecipazione di Disconnect_Media, e con i suoi appuntamenti di musica elettronica sperimentale indagava una possibile estetica della contemporaneit\u00e0. Gli artisti che si sono susseguiti sono stati tanti, alcuni poco sconosciuti, altri pi\u00f9 noti, ma tutti dotati di enorme talento e soprattutto multidisciplinariet\u00e0: la Sala Vanni \u00e8 stata invasa da suoni pensati per il cinema e l\u2019arte contemporanea, provenienti da ogni parte del globo.<\/div>\n<div>A modo suo, Disconnect Code prosegue e amplia il discorso gi\u00e0 tra tracciato da Hand Signed, andando a investigare la musica generativa e la realt\u00e0 virtuale, toccando corde pi\u00f9 drone e atmosfere pi\u00f9 cupe. I brani alternano atmosfere minimaliste ad altre pi\u00f9 intricate, in un percorso che cerca di riassumere il meglio dell\u2019elettronica sperimentale attualmente in circolazione, rispecchiando le scelte dei direttori artistici di Disconnect Code.<\/div>\n<div><\/div>\n<div><a href=\"https:\/\/bit.ly\/Disconnect_Playlist\" target=\"_blank\" rel=\"noopener noreferrer\" data-saferedirecturl=\"https:\/\/www.google.com\/url?q=https:\/\/bit.ly\/Disconnect_Playlist&amp;source=gmail&amp;ust=1586941762690000&amp;usg=AFQjCNGchLIvfwY02HazB3rWkfN-pfGOnQ\">https:\/\/bit.ly\/Disconnect_<wbr \/>Playlist<\/a><\/div>\n<div><\/div>\n<div><\/div>\n<div><b>A Jazz Supreme\u00a0<\/b><\/div>\n<div>Il meglio di A Jazz Supreme in una serie di brani accuratamente selezionati dai nostri direttori artistici Fernando Fanutti e Simone Graziano. Non in ordine cronologico, assolutamente non in ordine di gradimento e tanto meno di talento; la playlist di A Jazz Supreme \u00e8 nata di getto, d\u2019istinto, per curare il malanimo con la buona musica.<\/div>\n<div><\/div>\n<div>L\u2019idea era quella di creare un percorso d\u2019ascolto che ricalcasse gli obiettivi e gli stili di A Jazz Supreme, tracciando una linea guida che rinnovasse i ricordi di chi ha gi\u00e0 avuto modo di apprezzare la rassegna, e stimolare la curiosit\u00e0 in chi ancora non la conosce.<\/div>\n<div><\/div>\n<div>E anche se quasi 30 concerti con protagonisti oltre 150 artisti provenienti dall\u2019Italia, l\u2019Europa e gli Stati Uniti non possono essere sintetizzati e racchiusi in una playlist da 1h57\u2032, ogni brano ne collega a s\u00e9 altri 10, 20, 30, ogni artista \u00e8 collegato a tanti altri musicisti. Un piccolo punto di partenza verso il mondo del jazz contemporaneo, per avviare percorsi inesplorati e diversi per ognuno: il consiglio quindi \u00e8 uno solo, ascoltarla liberamente perdendosi nel \u201cJazz Supreme\u201d.<\/div>\n<div><\/div>\n<div><a href=\"http:\/\/bit.ly\/AJS_Playlist\" target=\"_blank\" rel=\"noopener noreferrer\" data-saferedirecturl=\"https:\/\/www.google.com\/url?q=http:\/\/bit.ly\/AJS_Playlist&amp;source=gmail&amp;ust=1586941762690000&amp;usg=AFQjCNFn9_z_26sWATu50CGDOvuqcVjtVQ\">http:\/\/bit.ly\/AJS_Playlist<\/a><\/div>\n<div><\/div>\n<div><\/div>\n<div>Per tutti gli aggiornamenti<\/div>\n<div><a href=\"http:\/\/www.musicusconcentus.com\/\" target=\"_blank\" rel=\"noopener noreferrer\" data-saferedirecturl=\"https:\/\/www.google.com\/url?q=http:\/\/www.musicusconcentus.com&amp;source=gmail&amp;ust=1586941762690000&amp;usg=AFQjCNGSHfpl46w5tSpOckMv4tRHrCkm4g\">www.musicusconcentus.com<\/a><\/div>\n<div><a href=\"http:\/\/www.facebook.com\/musicusconcentus\" target=\"_blank\" rel=\"noopener noreferrer\" data-saferedirecturl=\"https:\/\/www.google.com\/url?q=http:\/\/www.facebook.com\/musicusconcentus&amp;source=gmail&amp;ust=1586941762690000&amp;usg=AFQjCNFoNuDSjwB2STvXU0o-gvl6eZpIDQ\">www.facebook.com\/<wbr \/>musicusconcentus<\/a><\/div>\n<div><a href=\"http:\/\/www.instagram.com\/musicus_concentus\/\" target=\"_blank\" rel=\"noopener noreferrer\" data-saferedirecturl=\"https:\/\/www.google.com\/url?q=http:\/\/www.instagram.com\/musicus_concentus\/&amp;source=gmail&amp;ust=1586941762690000&amp;usg=AFQjCNEcwTRTJaOHYFVBq29fSy4envi-sA\">www.instagram.com\/musicus_<wbr \/>concentus\/<\/a><\/div>\n","protected":false},"excerpt":{"rendered":"<div class=\"mh-excerpt\"><p>Annullati i concerti previsti nei mesi aprile e maggio 2020 Sui siti delle relative prevendite sono disponibili le procedure di rimborso dei biglietti acquistati Firenze, <a class=\"mh-excerpt-more\" href=\"https:\/\/www.piuomenopop.it\/index.php\/2020\/04\/14\/musicus-concentus-e-sala-vanni-firenze-annullati-i-concerti-previsti-nei-mesi-aprile-e-maggio-2020\/\" title=\"Musicus Concentus e Sala Vanni (Firenze): annullati i concerti previsti nei mesi aprile e maggio 2020\">[&#8230;]<\/a><\/p>\n<\/div>","protected":false},"author":2,"featured_media":62641,"comment_status":"closed","ping_status":"closed","sticky":false,"template":"","format":"standard","meta":{"sfsi_plus_gutenberg_text_before_share":"","sfsi_plus_gutenberg_show_text_before_share":"","sfsi_plus_gutenberg_icon_type":"","sfsi_plus_gutenberg_icon_alignemt":"","sfsi_plus_gutenburg_max_per_row":"","footnotes":"","_links_to":"","_links_to_target":""},"categories":[5184,3],"tags":[11675,11652,7117,11676],"class_list":["post-62640","post","type-post","status-publish","format-standard","has-post-thumbnail","hentry","category-calendario-concerti","category-news","tag-concerti-firenze","tag-covid-19","tag-musicus-concentus","tag-sala-vanni"],"aioseo_notices":[],"_links":{"self":[{"href":"https:\/\/www.piuomenopop.it\/index.php\/wp-json\/wp\/v2\/posts\/62640","targetHints":{"allow":["GET"]}}],"collection":[{"href":"https:\/\/www.piuomenopop.it\/index.php\/wp-json\/wp\/v2\/posts"}],"about":[{"href":"https:\/\/www.piuomenopop.it\/index.php\/wp-json\/wp\/v2\/types\/post"}],"author":[{"embeddable":true,"href":"https:\/\/www.piuomenopop.it\/index.php\/wp-json\/wp\/v2\/users\/2"}],"replies":[{"embeddable":true,"href":"https:\/\/www.piuomenopop.it\/index.php\/wp-json\/wp\/v2\/comments?post=62640"}],"version-history":[{"count":2,"href":"https:\/\/www.piuomenopop.it\/index.php\/wp-json\/wp\/v2\/posts\/62640\/revisions"}],"predecessor-version":[{"id":62644,"href":"https:\/\/www.piuomenopop.it\/index.php\/wp-json\/wp\/v2\/posts\/62640\/revisions\/62644"}],"wp:featuredmedia":[{"embeddable":true,"href":"https:\/\/www.piuomenopop.it\/index.php\/wp-json\/wp\/v2\/media\/62641"}],"wp:attachment":[{"href":"https:\/\/www.piuomenopop.it\/index.php\/wp-json\/wp\/v2\/media?parent=62640"}],"wp:term":[{"taxonomy":"category","embeddable":true,"href":"https:\/\/www.piuomenopop.it\/index.php\/wp-json\/wp\/v2\/categories?post=62640"},{"taxonomy":"post_tag","embeddable":true,"href":"https:\/\/www.piuomenopop.it\/index.php\/wp-json\/wp\/v2\/tags?post=62640"}],"curies":[{"name":"wp","href":"https:\/\/api.w.org\/{rel}","templated":true}]}}