{"id":62809,"date":"2020-04-24T20:13:36","date_gmt":"2020-04-24T18:13:36","guid":{"rendered":"http:\/\/www.piuomenopop.it\/?p=62809"},"modified":"2020-04-24T20:22:48","modified_gmt":"2020-04-24T18:22:48","slug":"partigiani-in-ogni-quartiere-la-tredicesima-edizione-della-manifestazione-in-streaming-a-partire-dalle-18-30","status":"publish","type":"post","link":"https:\/\/www.piuomenopop.it\/index.php\/2020\/04\/24\/partigiani-in-ogni-quartiere-la-tredicesima-edizione-della-manifestazione-in-streaming-a-partire-dalle-18-30\/","title":{"rendered":"PARTIGIANI IN OGNI QUARTIERE: La tredicesima edizione della manifestazione in streaming a partire dalle 18.30"},"content":{"rendered":"<p style=\"text-align: center;\"><strong>PARTIGIANI IN OGNI QUARTIERE<\/strong><br \/>\n<strong>DAI QUARTIERI DI MILANO INSIEME IN UNA GRANDE PIAZZA VIRTUALE<\/strong><\/p>\n<p style=\"text-align: center;\"><strong>Milano non si arrende: Partigiani in Ogni Quartiere organizza la 13^ edizione della manifestazione in streaming. Sul palco virtuale il contributo di artisti, musicisti, attori e la voce di chi quotidianamente diffonde l\u2019antifascismo e l\u2019antirazzismo.<\/strong><\/p>\n<p>&nbsp;<\/p>\n<div>\n<p><strong>La rete Partigiani in Ogni Quartiere<\/strong> \u2013 che da tredici anni, ogni 25 aprile, anima la citt\u00e0 di Milano, dalle periferie fino all\u2019Arco della Pace \u2013 quest\u2019anno intende celebrare con ancora pi\u00f9 forza il 75^ anniversario della Liberazione, proponendo un evento in streaming che riunir\u00e0\u0300 in una grande piazza virtuale, musicisti, artisti ed esponenti della societ\u00e0 civile uniti nei valori dell\u2019antifascismo.<\/p>\n<p><strong>A partire dalle ore 18.30<\/strong> da Youtube, dal blog di POQ, da <b><a href=\"http:\/\/autistici.org\/\" target=\"_blank\" rel=\"noopener noreferrer\" data-saferedirecturl=\"https:\/\/www.google.com\/url?q=http:\/\/autistici.org&amp;source=gmail&amp;ust=1587816621127000&amp;usg=AFQjCNEY060qaO6exr329XGe1ViOxTkfhQ\">autistici.org<\/a><\/b> e, in contemporanea, dalle pagine Facebook e Instagram di Partigiani in Ogni Quartiere, si alterneranno musica, interventi, testimonianze e le lettere resistenti, che faranno da filo conduttore di questa edizione in streaming. A condurre la maratona, Rita Pelusio e Alessandra Pasi, tra le organizzatrici dell\u2019evento.<\/p>\n<p><strong>La diretta streaming terminer\u00e0 intorno alle 22 con una versione inedita e collettiva di Bella Ciao. L\u2019evento sar\u00e0 trasmesso anche sulle frequenze di Radio Popolare.<\/strong><\/p>\n<p>Saliranno virtualmente sul palco del 25 aprile 2020, tra gli altri:<\/p>\n<p><strong>Fiorella Mannoia, Vinicio Capossela, Roy Paci, Punkreas, Frankie hi-nrg mc, Edoardo Bennato, Africa Unite, Modena City Ramblers, Bandabard\u00f2, Linea 77, Omar Pedrini, Marlene Kuntz, Paolo Rossi, Zerocalcare, The Andr\u00e8, L\u2019Aura, Casa del Vento, Vallanzaska, Zibba, Federico Poggipollini, Piotta, Ensi, Statuto, Shandon, Pino Scotto, Cacao Mental, A toys orchestra, Cisco, Gang, La Rappresentante di Lista, Roberto Dell\u2019Era, Milano Music Collective, Sista Awa, Tommy Kuti, Davide Borri, Bobo Team, Marta Pistocchi, Misero Spettacolo, Jorge Coulon degli Intillimani, Tormento, Delta V, Grace n kaos, Monica P, Sezione Anpi Audrey Hepburn, Caterina Guzzanti, Bebo Storti, Renato Sarti, Serena Sinigaglia, Mirko Artuso, Elena Russo Arman, Germano Lanzoni, Leonardo Manera, Lucia Vasini, Arianna Scommegna, Alessandra Faiella, Alberto Patrucco, Massimiliano Loizzi, Enrico Vezzelli, Ira Rubini, Flavia Mastrella e Antonio Rezza, Oscar Agostoni, Cecilia Strada, Claudia Pinelli, Andrea Perego, Vittorio Agnoletto, Valeria Verdolini, Collettivo Marciona, Friday For Future Italia, Brigate di Solidariet\u00e0 Milano Collettivo Zam.<\/strong><\/p>\n<blockquote><p>\u201cPerch\u00e9 l\u2019emergenza Covid19 non sia l\u2019occasione per limitare la democrazia e la pace conquistate a cos\u00ec caro prezzo nel \u201945 \u2013 dichiarano gli organizzatori \u2013 perch\u00e9 il virus non sia la scusa per riaffermare un autoritarismo strisciante evocato sempre pi\u00f9 spesso dalle forze reazionarie. Perch\u00e9 non ci faccia dimenticare che oggi pi\u00f9 che mai serve libert\u00e0 e partecipazione\u201d.<\/p><\/blockquote>\n<p>La rete Partigiani in Ogni Quartiere, nata a Milano nel 2007, si forma grazie a diverse realt\u00e0\u0300 associative, centri sociali e sezioni ANPI, con l\u2019intento di promuovere, partendo dai quartieri periferici, una cultura antifascista, antirazzista e anti-sessista. Da 13 anni a questa parte organizza l\u2019evento di piazza per il 25 aprile a Milano. Il palco di Partigiani in Ogni Quartiere \u00e8 stato calcato da decine di artisti, musicisti, attori, ma anche da tanti soggetti che quotidianamente diffondono l\u2019antifascismo e l\u2019antirazzismo nel territorio in cui vivono.<\/p>\n<\/div>\n<div>\n<div>Mediapartner<b>\u00a0Radio Popolare<\/b><\/div>\n<div>#liberediresistere #liberidiresistere<\/div>\n<\/div>\n<div>\n<table border=\"0\" width=\"\" cellspacing=\"0\" cellpadding=\"0\" align=\"center\">\n<tbody>\n<tr>\n<td><a href=\"http:\/\/mm.colombaro.it\/email\/Tracker\/link\/eyJjIjoyNjIwLCJpIjoyNDYwLCJsIjoiaHR0cHM6XC9cL3d3dy5mYWNlYm9vay5jb21cL2V2ZW50c1wvNTU5Njg2NDE3OTk5NDk4XC8ifQ\" target=\"_blank\" rel=\"noopener noreferrer\" data-saferedirecturl=\"https:\/\/www.google.com\/url?q=http:\/\/mm.colombaro.it\/email\/Tracker\/link\/eyJjIjoyNjIwLCJpIjoyNDYwLCJsIjoiaHR0cHM6XC9cL3d3dy5mYWNlYm9vay5jb21cL2V2ZW50c1wvNTU5Njg2NDE3OTk5NDk4XC8ifQ&amp;source=gmail&amp;ust=1587816621127000&amp;usg=AFQjCNEbgt9WkvdksGTFjFYoDrSh0OqyCw\">Evento Facebook<\/a><\/td>\n<\/tr>\n<\/tbody>\n<\/table>\n<\/div>\n","protected":false},"excerpt":{"rendered":"<div class=\"mh-excerpt\"><p>PARTIGIANI IN OGNI QUARTIERE DAI QUARTIERI DI MILANO INSIEME IN UNA GRANDE PIAZZA VIRTUALE Milano non si arrende: Partigiani in Ogni Quartiere organizza la 13^ <a class=\"mh-excerpt-more\" href=\"https:\/\/www.piuomenopop.it\/index.php\/2020\/04\/24\/partigiani-in-ogni-quartiere-la-tredicesima-edizione-della-manifestazione-in-streaming-a-partire-dalle-18-30\/\" title=\"PARTIGIANI IN OGNI QUARTIERE: La tredicesima edizione della manifestazione in streaming a partire dalle 18.30\">[&#8230;]<\/a><\/p>\n<\/div>","protected":false},"author":2,"featured_media":62810,"comment_status":"closed","ping_status":"closed","sticky":false,"template":"","format":"standard","meta":{"sfsi_plus_gutenberg_text_before_share":"","sfsi_plus_gutenberg_show_text_before_share":"","sfsi_plus_gutenberg_icon_type":"","sfsi_plus_gutenberg_icon_alignemt":"","sfsi_plus_gutenburg_max_per_row":"","footnotes":"","_links_to":"","_links_to_target":""},"categories":[5184,3],"tags":[11723],"class_list":["post-62809","post","type-post","status-publish","format-standard","has-post-thumbnail","hentry","category-calendario-concerti","category-news","tag-partigiani-in-ogni-quartiere"],"aioseo_notices":[],"_links":{"self":[{"href":"https:\/\/www.piuomenopop.it\/index.php\/wp-json\/wp\/v2\/posts\/62809","targetHints":{"allow":["GET"]}}],"collection":[{"href":"https:\/\/www.piuomenopop.it\/index.php\/wp-json\/wp\/v2\/posts"}],"about":[{"href":"https:\/\/www.piuomenopop.it\/index.php\/wp-json\/wp\/v2\/types\/post"}],"author":[{"embeddable":true,"href":"https:\/\/www.piuomenopop.it\/index.php\/wp-json\/wp\/v2\/users\/2"}],"replies":[{"embeddable":true,"href":"https:\/\/www.piuomenopop.it\/index.php\/wp-json\/wp\/v2\/comments?post=62809"}],"version-history":[{"count":4,"href":"https:\/\/www.piuomenopop.it\/index.php\/wp-json\/wp\/v2\/posts\/62809\/revisions"}],"predecessor-version":[{"id":62813,"href":"https:\/\/www.piuomenopop.it\/index.php\/wp-json\/wp\/v2\/posts\/62809\/revisions\/62813"}],"wp:featuredmedia":[{"embeddable":true,"href":"https:\/\/www.piuomenopop.it\/index.php\/wp-json\/wp\/v2\/media\/62810"}],"wp:attachment":[{"href":"https:\/\/www.piuomenopop.it\/index.php\/wp-json\/wp\/v2\/media?parent=62809"}],"wp:term":[{"taxonomy":"category","embeddable":true,"href":"https:\/\/www.piuomenopop.it\/index.php\/wp-json\/wp\/v2\/categories?post=62809"},{"taxonomy":"post_tag","embeddable":true,"href":"https:\/\/www.piuomenopop.it\/index.php\/wp-json\/wp\/v2\/tags?post=62809"}],"curies":[{"name":"wp","href":"https:\/\/api.w.org\/{rel}","templated":true}]}}