{"id":63164,"date":"2020-05-13T16:02:20","date_gmt":"2020-05-13T14:02:20","guid":{"rendered":"http:\/\/www.piuomenopop.it\/?p=63164"},"modified":"2020-05-13T16:02:20","modified_gmt":"2020-05-13T14:02:20","slug":"ginevra-di-marco-il-15-maggio-al-via-il-crowdfunding-per-quello-che-conta-il-nuovo-progetto-dedicato-a-tenco","status":"publish","type":"post","link":"https:\/\/www.piuomenopop.it\/index.php\/2020\/05\/13\/ginevra-di-marco-il-15-maggio-al-via-il-crowdfunding-per-quello-che-conta-il-nuovo-progetto-dedicato-a-tenco\/","title":{"rendered":"Ginevra Di Marco, il 15 maggio al via il crowdfunding per \u201cQuello che conta\u201d, il nuovo progetto dedicato a Tenco"},"content":{"rendered":"<p align=\"center\"><strong>Ginevra Di Marco<\/strong><\/p>\n<p align=\"center\"><strong>\u201cQUELLO CHE CONTA\u201d<\/strong><\/p>\n<p align=\"center\"><strong>GINEVRA CANTA LUIGI TENCO<\/strong><\/p>\n<p align=\"center\"><strong>Il nuovo disco dedicato al grande cantautore<\/strong><\/p>\n<p align=\"center\"><strong>Al via venerd\u00ec 15 maggio il crowdfunding per l\u2019album<\/strong><\/p>\n<p align=\"center\"><strong>su\u00a0<a href=\"https:\/\/app.mailvox.it\/nl\/pvwqdx\/zrzqgl\/wx1ggd7\/uf\/1\/aHR0cDovL3d3dy5wcm9kdXppb25pZGFsYmFzc28uY29tLw?_d=54A&amp;_c=f3413c9e\" target=\"_blank\" rel=\"noopener noreferrer\" data-saferedirecturl=\"https:\/\/www.google.com\/url?q=https:\/\/app.mailvox.it\/nl\/pvwqdx\/zrzqgl\/wx1ggd7\/uf\/1\/aHR0cDovL3d3dy5wcm9kdXppb25pZGFsYmFzc28uY29tLw?_d%3D54A%26_c%3Df3413c9e&amp;source=gmail&amp;ust=1589461889933000&amp;usg=AFQjCNHkuHX6RTlto9N5Ata8DO1kAmngBw\">www.produzionidalbasso.com<\/a><\/strong><\/p>\n<p align=\"center\">\n<p align=\"right\"><em>Anche nel condiviso divieto di spostarci si sta compiendo un viaggio.<\/em><\/p>\n<p align=\"right\"><em>Si sta dentro un avvento, si va in un tempo nuovo.<\/em><br \/>\n<em>Senza paura.<\/em><br \/>\n<em>Quello che conta \u00e8 che tu sei con me.<\/em><\/p>\n<p align=\"right\">Ginevra Di Marco<\/p>\n<p>Un viaggio attraverso i capolavori di uno dei maestri della musica italiana, intrapreso da una delle voci pi\u00f9 emozionanti e intense del nostro Paese.<\/p>\n<p align=\"justify\"><strong>Prende il via \u201cQuello che conta\u201d, il nuovo progetto discografico di Ginevra Di Marco interamente dedicato al cantautore Luigi Tenco.<\/strong><\/p>\n<p align=\"justify\">Un progetto che, in forma di concerto, aveva gi\u00e0 preso vita nel 2018 per alcune repliche e che ora si concretizza in un nuovo album, partendo proprio dalle scelte musicali effettuate in quella circostanza ma lasciando la porta aperta a eventuali sorprese.<\/p>\n<p align=\"justify\">Come \u00e8 ormai consuetudine per Ginevra e i suoi compagni di viaggio\u00a0<strong>Francesco Magnelli<\/strong>\u00a0e\u00a0<strong>Andrea Salvadori<\/strong>, anche questo disco verr\u00e0 prodotto grazie a<strong>\u00a0una campagna crowdfunding che comincia venerd\u00ec 15 maggio 2020 su\u00a0<a href=\"http:\/\/www.produzionidalbasso.com\/\" target=\"_blank\" rel=\"noopener noreferrer\" data-saferedirecturl=\"https:\/\/www.google.com\/url?q=http:\/\/www.produzionidalbasso.com&amp;source=gmail&amp;ust=1589461889934000&amp;usg=AFQjCNH1-C2it-0h82WHdpcj7AK3KHJeSg\">www.produzionidalbasso.com<\/a>.<\/strong><\/p>\n<p align=\"justify\">A<em>nche in tempi di solitudine \u2013 diceva Lu\u00eds Sepulveda \u2013 bisogna raccontare.<\/em><\/p>\n<p align=\"justify\"><em>Aveva ragione.<\/em><\/p>\n<p align=\"justify\"><em>Abbiamo deciso di ripartire da qui. Ora. E di farlo per noi, per ricominciare e darci una possibilit\u00e0. Per le persone che ci hanno chiesto di esserci, e che abbiamo sentito vicine anche nei giorni pi\u00f9 neri, dove tutto sembrava svuotarsi di senso.<\/em><\/p>\n<p align=\"justify\"><em>E poi \u00e8 primavera e tutto intorno ci suggerisce di rinascere.<\/em><\/p>\n<p align=\"justify\"><em>Vogliamo provarci allora, con il sorriso di questi giorni e con un nuovo progetto, un viaggio attraverso le canzoni di Luigi Tenco che hanno accompagnato l\u2019ultimo anno di musica e concerti.<\/em><\/p>\n<p align=\"justify\"><em>Il 21 marzo del 2018 Luigi Tenco avrebbe compiuto ottant&#8217;anni e NEM (Nuovi Eventi Musicali) ci propose di rileggere parte del repertorio di Tenco creando una collaborazione trasversale tra musica classica e moderna. Qualche concerto in trio e quartetto classico con le partiture di archi originali appositamente riscritte per noi.<\/em><\/p>\n<p align=\"justify\"><em>La proposta ci trov\u00f2 entusiasti e spaventati allo stesso tempo, succede sempre cos\u00ec quando sappiamo che andremo a toccare un grande artista. Ma gli anni ci hanno insegnato che quello che conta \u00e8 la misura in cui si ama qualcuno e la sua arte. Pi\u00f9 ne siamo innamorati pi\u00f9 accade che lo si riesca a interpretare e a restituire con personalit\u00e0.<\/em><\/p>\n<p align=\"justify\"><em>E noi Tenco ce lo abbiamo dentro, infuso e respirato negli anni dell\u2019infanzia e prima adolescenza, allontanato e quasi ripudiato nello spirito ribelle dei vent&#8217;anni per poi arrivare a farci i conti in et\u00e0 pi\u00f9 matura, quando capisci che per andare avanti e capire il presente devi volgere lo sguardo indietro.<\/em><\/p>\n<p align=\"justify\"><em>Luigi Tenco lo abbiamo cantato, ricordato e inserito anche nei dischi di questi ultimi anni, riconoscendogli il merito di essere stato uno a cui non interessava la sicurezza di linguaggi precotti, men che meno pensare alle mode: nella sua musica sperimentava soluzioni inedite mescolando beat, rock, strumenti classici e incursioni nella musica popolare con il piglio e la sensibilit\u00e0 di uno che sta guardando oltre. Tenco era il cantore dell&#8217;esistenza ma scriveva quello che sentiva, sia che raccontasse i turbamenti d&#8217;amore che gli ideali sociali e politici, scrivendo tante canzoni manifesto di contestazione.<\/em><\/p>\n<p align=\"justify\"><em>Combatteva a modo suo, il pi\u00f9 delle volte disertando. Un&#8217;anima militante capace di schierarsi contro ogni sopruso, senza retorica. L&#8217;ho amato anche per questo.<\/em><\/p>\n<p><em>E poi c&#8217;\u00e8 la parte mia pi\u00f9 intima affezionata a Tenco, cantore di quella malinconia indefinibile che ha sempre pervaso il mio sentire la vita e dove ora affiorano ricordi di infanzia, frammenti di giornate trascorse, l&#8217;odore di casa, memorie emotive legate alla mia famiglia, verso la quale ora, alla soglia dei cinquant&#8217;anni, guardo con tenerezza e gratitudine.<\/em><\/p>\n<p align=\"right\">Ginevra<\/p>\n<p align=\"justify\">In attesa del nuovo album, Ginevra ha deciso di pubblicare online una toccante\u00a0<strong>versione live del brano che d\u00e0 il titolo al disco, \u201cQuello che conta\u201d, (Morricone E. \/ Salce L.) che Tenco interpret\u00f2 nel 1962.<\/strong><\/p>\n<p align=\"justify\">Una canzone, registrata in occasione di una delle repliche nel 2018, le cui parole si adattano perfettamente al tempo che stiamo vivendo.<\/p>\n<p align=\"left\"><strong>Guarda il video del brano \u201cQuello che conta\u201d: h<a href=\"https:\/\/app.mailvox.it\/nl\/pvwqdx\/zrzqgl\/wx1ggd7\/uf\/2\/aHR0cHM6Ly95b3V0dS5iZS96d09tWDR1c1NnNA?_d=54A&amp;_c=ceea9345\" target=\"_blank\" rel=\"noopener noreferrer\" data-saferedirecturl=\"https:\/\/www.google.com\/url?q=https:\/\/app.mailvox.it\/nl\/pvwqdx\/zrzqgl\/wx1ggd7\/uf\/2\/aHR0cHM6Ly95b3V0dS5iZS96d09tWDR1c1NnNA?_d%3D54A%26_c%3Dceea9345&amp;source=gmail&amp;ust=1589461889934000&amp;usg=AFQjCNHkP4_ZYJ7lcyOfm_nWpzp8rB2N5Q\">ttps:\/\/youtu.be\/zwOmX4usSg4<\/a><\/strong><\/p>\n","protected":false},"excerpt":{"rendered":"<div class=\"mh-excerpt\"><p>Ginevra Di Marco \u201cQUELLO CHE CONTA\u201d GINEVRA CANTA LUIGI TENCO Il nuovo disco dedicato al grande cantautore Al via venerd\u00ec 15 maggio il crowdfunding per <a class=\"mh-excerpt-more\" href=\"https:\/\/www.piuomenopop.it\/index.php\/2020\/05\/13\/ginevra-di-marco-il-15-maggio-al-via-il-crowdfunding-per-quello-che-conta-il-nuovo-progetto-dedicato-a-tenco\/\" title=\"Ginevra Di Marco, il 15 maggio al via il crowdfunding per \u201cQuello che conta\u201d, il nuovo progetto dedicato a Tenco\">[&#8230;]<\/a><\/p>\n<\/div>","protected":false},"author":2,"featured_media":63165,"comment_status":"closed","ping_status":"closed","sticky":false,"template":"","format":"standard","meta":{"sfsi_plus_gutenberg_text_before_share":"","sfsi_plus_gutenberg_show_text_before_share":"","sfsi_plus_gutenberg_icon_type":"","sfsi_plus_gutenberg_icon_alignemt":"","sfsi_plus_gutenburg_max_per_row":"","footnotes":"","_links_to":"","_links_to_target":""},"categories":[3,8],"tags":[11800,5590],"class_list":["post-63164","post","type-post","status-publish","format-standard","has-post-thumbnail","hentry","category-news","category-uscite","tag-ginevra-canta-luigi-tenco","tag-ginevra-di-marco"],"aioseo_notices":[],"_links":{"self":[{"href":"https:\/\/www.piuomenopop.it\/index.php\/wp-json\/wp\/v2\/posts\/63164","targetHints":{"allow":["GET"]}}],"collection":[{"href":"https:\/\/www.piuomenopop.it\/index.php\/wp-json\/wp\/v2\/posts"}],"about":[{"href":"https:\/\/www.piuomenopop.it\/index.php\/wp-json\/wp\/v2\/types\/post"}],"author":[{"embeddable":true,"href":"https:\/\/www.piuomenopop.it\/index.php\/wp-json\/wp\/v2\/users\/2"}],"replies":[{"embeddable":true,"href":"https:\/\/www.piuomenopop.it\/index.php\/wp-json\/wp\/v2\/comments?post=63164"}],"version-history":[{"count":1,"href":"https:\/\/www.piuomenopop.it\/index.php\/wp-json\/wp\/v2\/posts\/63164\/revisions"}],"predecessor-version":[{"id":63166,"href":"https:\/\/www.piuomenopop.it\/index.php\/wp-json\/wp\/v2\/posts\/63164\/revisions\/63166"}],"wp:featuredmedia":[{"embeddable":true,"href":"https:\/\/www.piuomenopop.it\/index.php\/wp-json\/wp\/v2\/media\/63165"}],"wp:attachment":[{"href":"https:\/\/www.piuomenopop.it\/index.php\/wp-json\/wp\/v2\/media?parent=63164"}],"wp:term":[{"taxonomy":"category","embeddable":true,"href":"https:\/\/www.piuomenopop.it\/index.php\/wp-json\/wp\/v2\/categories?post=63164"},{"taxonomy":"post_tag","embeddable":true,"href":"https:\/\/www.piuomenopop.it\/index.php\/wp-json\/wp\/v2\/tags?post=63164"}],"curies":[{"name":"wp","href":"https:\/\/api.w.org\/{rel}","templated":true}]}}