{"id":63167,"date":"2020-05-13T16:15:58","date_gmt":"2020-05-13T14:15:58","guid":{"rendered":"http:\/\/www.piuomenopop.it\/?p=63167"},"modified":"2020-05-13T16:15:58","modified_gmt":"2020-05-13T14:15:58","slug":"peppe-voltarelli-in-un-concerto-esclusivo-per-il-madagascar","status":"publish","type":"post","link":"https:\/\/www.piuomenopop.it\/index.php\/2020\/05\/13\/peppe-voltarelli-in-un-concerto-esclusivo-per-il-madagascar\/","title":{"rendered":"Peppe Voltarelli in un concerto esclusivo per il Madagascar"},"content":{"rendered":"<p style=\"font-weight: 400; text-align: center;\"><strong>Peppe Voltarelli\u00a0<\/strong><\/p>\n<p style=\"font-weight: 400; text-align: center;\"><strong>in un concerto esclusivo pro Madagascar<br \/>\n17 maggio 2020, ore 21\u00a0<\/strong><\/p>\n<p style=\"font-weight: 400;\">Con i suoi continui viaggi da un continente all\u2019altro,\u00a0<strong>Peppe Voltarelli<\/strong>\u00a0\u00e8 diventato una sorta di ambasciatore della canzone d\u2019autore nel mondo e non solo di quella italiana. Dopo le numerose tourn\u00e9e in America Latina, Canada ed Europa centrale, di recente \u00e8 stato anche in Madagascar per un tour che, promosso dall\u2019Istituto di cultura francese, lo ha portato nelle principali citt\u00e0 del paese africano dove ha stretto rapporti di amicizia e collaborazione con gran parte degli artisti locali, come il rapper Bolo, il cantautore Mami Bastah e i musicisti Tsiry Kely Panda Pi\u00f9 Lion e Saful Mamozmolti, ed \u00e8 entrato in contatto con le realt\u00e0 istituzionali impegnate nell\u2019educazione e nell\u2019assistenza a comunit\u00e0 particolarmente sofferenti: un\u2019esperienza fuori dal comune di cui lo stesso Voltarelli ha realizzato, servendosi del solo telefonino sia per le riprese che per il montaggio,\u00a0<strong>il video \u201cW Madagascar\u201d<\/strong><\/p>\n<p style=\"text-align: center;\"><iframe loading=\"lazy\" src=\"https:\/\/www.youtube.com\/embed\/g0GYUix9exc\" width=\"560\" height=\"315\" frameborder=\"0\" allowfullscreen=\"allowfullscreen\"><\/iframe><\/p>\n<p style=\"font-weight: 400;\">A riprova di come la musica possa essere occasione e veicolo di incontro tra i popoli ma anche forma concreta di solidariet\u00e0, si pone ora il\u00a0<strong>concerto esclusivo di Voltarelli \u00a0promosso da\u00a0<\/strong><strong>Yangchenma Arts &amp; Music il 17 maggio<\/strong>\u00a0per una raccolta fondi a favore della \u201cMaison des Enfants\u201d \u00a0che, in Madagascar, sostiene i bambini rimasti senza genitori, particolarmente esposti ai pericoli della pandemia che ha raggiunto anche il paese africano. Il concerto sar\u00e0 ospitato nel circuito internazionale Musica Mundi, che annovera artisti da tutto il mondo, e potr\u00e0 essere seguito, il 17 maggio alle ore 21,\u00a0previa registrazione,\u00a0on line (<a href=\"https:\/\/www.yangchenma.org\/events\/onlineconcerts\/peppe-voltarelli\" data-saferedirecturl=\"https:\/\/www.google.com\/url?q=https:\/\/www.yangchenma.org\/events\/onlineconcerts\/peppe-voltarelli&amp;source=gmail&amp;ust=1589459671666000&amp;usg=AFQjCNETXi4nspaSmkSl1Kao_czgz4xRpA\">https:\/\/www.yangchenma.org\/events\/onlineconcerts\/peppe-voltarelli<\/a>). Yangchenma Arts &amp; Music \u00e9 un\u2019organizzazione internazionale con base a Los Angeles, fondata da Simone Giuliani e Christiana Polites al fine di celebrare la bellezza e la diversit\u00e0 della cultura dei popoli del mondo attraverso le loro tradizioni musicali e le arti.\u00a0Interviste, concerti e seminari e molti altri eventi sono disponibili gratuitamente sul loro sito, in questi giorni orientato alla raccolta di aiuti concreti per le crisi determinate dal Covid-19.<\/p>\n<p style=\"font-weight: 400;\">Due volte Targa Tenco, Voltarelli nel concerto ripercorrer\u00e0 molti brani di un repertorio particolarmente ricco ed articolato, raccolto in oltre venticinque anni di carriera, privilegiando quei momenti che hanno contrassegnato anche la sua inclinazione a guardare oltre i confini nazionali, dove ha scalato le classifiche di molti paesi europei ed extraeuropei, dalla Repubblica Ceca al Cile, e avviato collaborazioni di grande prestigio con artisti come\u00a0l\u2019argentino Kevin Johansen e il The Tiptons Sax Quartet di New York. Non a caso il suo prossimo lavoro,\u00a0<strong>Planetario<\/strong>, che avrebbe dovuto presentare proprio in questi all\u2019Auditorium Parco della Musica, \u00e8 un lavoro di grande respiro, incentrato sulla canzone d\u2019autore europea, con la rivisitazione di numerosi classici ed evergreen spesso assieme alla voce carismatica degli stessi autori: un CD promosso da Cose di Amilcare che sar\u00e0 pubblicato da Squilibri non appena sar\u00e0 consentita la ripresa della mobilit\u00e0 internazionale<\/p>\n<p style=\"font-weight: 400;\"><b>\u00a0<\/b><\/p>\n<p style=\"font-weight: 400;\">Girato e montato con il suo telefonino dallo stesso artista calabro, \u201cW Madagascar\u201d \u00e8 un vivace reportage della tourn\u00e9e di Peppe Voltarelli in Madagascar, dal 23 ottobre al 4 novembre 2019, promosso dal Consolato Onorario d&#8217;Italia e dall&#8217;Istituto di cultura francese Madagascar.<\/p>\n<p style=\"font-weight: 400;\">Il video segue la successione di concerti e incontri che hanno toccato le principali citt\u00e0 del paese africano, con la partecipazione di numerosi artisti locali (il rapper Bolo, il cantautore Mami Bastah e i musicisti Tsiry Kely Panda Pi\u00f9 Lion e Saful Mamoz) e una grande risonanza sugli organi di informazione e sui media locali: non mancano incursioni nelle scuole oltre che in strutture assistenziali come il centro \u201cMere Enfant\u201d di Antohomadinika gestito dalla Onlus Maisons des Enfants a favore della quale, per una raccolta fondi mirata e quanto mai opportuna, \u00e8 stato promosso il concerto del 17 maggio.<\/p>\n<p>&nbsp;<\/p>\n<p>Leggi i nostri <a href=\"http:\/\/www.piuomenopop.it\/?s=voltarelli\" target=\"_blank\" rel=\"noopener noreferrer\">articoli su Peppe Voltarelli<\/a><\/p>\n","protected":false},"excerpt":{"rendered":"<div class=\"mh-excerpt\"><p>Peppe Voltarelli\u00a0 in un concerto esclusivo pro Madagascar 17 maggio 2020, ore 21\u00a0 Con i suoi continui viaggi da un continente all\u2019altro,\u00a0Peppe Voltarelli\u00a0\u00e8 diventato una <a class=\"mh-excerpt-more\" href=\"https:\/\/www.piuomenopop.it\/index.php\/2020\/05\/13\/peppe-voltarelli-in-un-concerto-esclusivo-per-il-madagascar\/\" title=\"Peppe Voltarelli in un concerto esclusivo per il Madagascar\">[&#8230;]<\/a><\/p>\n<\/div>","protected":false},"author":2,"featured_media":63168,"comment_status":"closed","ping_status":"closed","sticky":false,"template":"","format":"standard","meta":{"sfsi_plus_gutenberg_text_before_share":"","sfsi_plus_gutenberg_show_text_before_share":"","sfsi_plus_gutenberg_icon_type":"","sfsi_plus_gutenberg_icon_alignemt":"","sfsi_plus_gutenburg_max_per_row":"","footnotes":"","_links_to":"","_links_to_target":""},"categories":[5184,3],"tags":[11801,945],"class_list":["post-63167","post","type-post","status-publish","format-standard","has-post-thumbnail","hentry","category-calendario-concerti","category-news","tag-madagascar","tag-peppe-voltarelli"],"aioseo_notices":[],"_links":{"self":[{"href":"https:\/\/www.piuomenopop.it\/index.php\/wp-json\/wp\/v2\/posts\/63167","targetHints":{"allow":["GET"]}}],"collection":[{"href":"https:\/\/www.piuomenopop.it\/index.php\/wp-json\/wp\/v2\/posts"}],"about":[{"href":"https:\/\/www.piuomenopop.it\/index.php\/wp-json\/wp\/v2\/types\/post"}],"author":[{"embeddable":true,"href":"https:\/\/www.piuomenopop.it\/index.php\/wp-json\/wp\/v2\/users\/2"}],"replies":[{"embeddable":true,"href":"https:\/\/www.piuomenopop.it\/index.php\/wp-json\/wp\/v2\/comments?post=63167"}],"version-history":[{"count":1,"href":"https:\/\/www.piuomenopop.it\/index.php\/wp-json\/wp\/v2\/posts\/63167\/revisions"}],"predecessor-version":[{"id":63169,"href":"https:\/\/www.piuomenopop.it\/index.php\/wp-json\/wp\/v2\/posts\/63167\/revisions\/63169"}],"wp:featuredmedia":[{"embeddable":true,"href":"https:\/\/www.piuomenopop.it\/index.php\/wp-json\/wp\/v2\/media\/63168"}],"wp:attachment":[{"href":"https:\/\/www.piuomenopop.it\/index.php\/wp-json\/wp\/v2\/media?parent=63167"}],"wp:term":[{"taxonomy":"category","embeddable":true,"href":"https:\/\/www.piuomenopop.it\/index.php\/wp-json\/wp\/v2\/categories?post=63167"},{"taxonomy":"post_tag","embeddable":true,"href":"https:\/\/www.piuomenopop.it\/index.php\/wp-json\/wp\/v2\/tags?post=63167"}],"curies":[{"name":"wp","href":"https:\/\/api.w.org\/{rel}","templated":true}]}}