{"id":63329,"date":"2020-05-25T15:09:11","date_gmt":"2020-05-25T13:09:11","guid":{"rendered":"http:\/\/www.piuomenopop.it\/?p=63329"},"modified":"2020-05-25T15:09:11","modified_gmt":"2020-05-25T13:09:11","slug":"rancore-esce-oggi-25-maggio-razza-aliena","status":"publish","type":"post","link":"https:\/\/www.piuomenopop.it\/index.php\/2020\/05\/25\/rancore-esce-oggi-25-maggio-razza-aliena\/","title":{"rendered":"RANCORE &#8211; ESCE OGGI 25 MAGGIO \u201cRAZZA ALIENA\u201d"},"content":{"rendered":"<p style=\"font-weight: 400; text-align: center;\"><strong>RANCORE<\/strong><strong>\u00a0<\/strong><\/p>\n<p style=\"font-weight: 400; text-align: center;\"><strong>ESCE OGGI LUNED\u00cc 25 MAGGIO<\/strong><\/p>\n<p style=\"font-weight: 400; text-align: center;\"><strong>\u00a0<\/strong><\/p>\n<p style=\"font-weight: 400; text-align: center;\"><strong>\u201cRAZZA ALIENA\u201d<\/strong><\/p>\n<p style=\"font-weight: 400; text-align: center;\">(Polydor\/Universal)<strong>\u00a0<\/strong><\/p>\n<p style=\"font-weight: 400; text-align: center;\"><strong>IL NUOVO BRANO<\/strong><\/p>\n<p style=\"font-weight: 400;\"><strong>\u00a0<\/strong><\/p>\n<p style=\"font-weight: 400; text-align: center;\">Disponibile da oggi, luned\u00ec 25 maggio, \u201cRAZZA ALIENA\u201d, il nuovo brano di RANCORE.<\/p>\n<p style=\"font-weight: 400; text-align: center;\"><strong>Link all\u2019ascolto del brano \u201cRazza Aliena\u201d su Spotify:\u00a0<\/strong><a href=\"https:\/\/l.instagram.com\/?u=https%3A%2F%2Fspoti.fi%2F2XoZ105&amp;e=ATMjrQDSS5CS0SrH9XtlNSAQ7G-a8iidxWmYHS47BWFfgsyr9J2UAqji_FjlNfzKBCSdhjtQ76wRU8O6v-EG-g&amp;s=1\" data-saferedirecturl=\"https:\/\/www.google.com\/url?q=https:\/\/l.instagram.com\/?u%3Dhttps%253A%252F%252Fspoti.fi%252F2XoZ105%26e%3DATMjrQDSS5CS0SrH9XtlNSAQ7G-a8iidxWmYHS47BWFfgsyr9J2UAqji_FjlNfzKBCSdhjtQ76wRU8O6v-EG-g%26s%3D1&amp;source=gmail&amp;ust=1590488628388000&amp;usg=AFQjCNEKduHQdvsf5jiMvbJ8mn72k7c3VQ\"><strong>spoti.fi\/2XoZ105<\/strong><\/a><\/p>\n<p style=\"font-weight: 400; text-align: center;\"><strong>\u00a0<\/strong><\/p>\n<p style=\"font-weight: 400; text-align: center;\"><strong>Link all\u2019ascolto del brano \u201cRazza Aliena\u201d su YouTube:<\/strong><\/p>\n<p style=\"font-weight: 400; text-align: center;\"><iframe loading=\"lazy\" src=\"https:\/\/www.youtube.com\/embed\/Y2IygD4L7Hk\" width=\"560\" height=\"315\" frameborder=\"0\" allowfullscreen=\"allowfullscreen\"><\/iframe><\/p>\n<p style=\"font-weight: 400;\">Vincitore del Premio \u201cSergio Bardotti\u201d per il miglior testo in gara a Sanremo 2020 con la sua \u201cEden\u201d, Rancore rilascia ora un nuovo simbolico brano che completa un mese di maggio che lo ha visto impegnato nella scrittura di nuova musica e in importanti collaborazioni.<\/p>\n<p style=\"font-weight: 400;\">Rancore ha infatti preso parte al collettivo di artisti riuniti sotto il progetto \u201cLost in the Desert\u201d, per la realizzazione dell\u2019omonimo brano a sostegno dei lavoratori dello spettacolo, rilasciato lo scorso 12 maggio.<\/p>\n<p style=\"font-weight: 400;\">Inoltre, dal 22 maggio \u00e8 disponibile \u201cIl mio nemico invisibile\u201d, la nuova versione del brano \u201cIl mio nemico\u201d di Daniele Silvestri in un featuring speciale realizzato proprio con Rancore.<\/p>\n<p style=\"font-weight: 400;\"><strong>RAZZA ALIENA \u2013 IL BRANO<\/strong><\/p>\n<p style=\"font-weight: 400;\">\u201cRazza Aliena\u201d \u00e8 un brano nato in pochissime ore, una creazione spontanea per tentare di raccontare l\u2019alienazione dovuta al periodo che stiamo vivendo, sempre nel modo personalissimo tipico dello stile di Rancore: attraverso rime e giochi di testo, il rapper ci consegna il proprio sguardo verso questa condizione \u201cestranea\u201d, che ci ha totalmente e inaspettatamente colpiti e con cui, da un giorno all\u2019altro, ci siamo ritrovati a convivere.<\/p>\n<p style=\"font-weight: 400;\">Il brano \u00e8 stato registrato nell\u2019armadio di casa con l\u2019Sm58. La produzione \u00e8 nata da un\u2019idea musicale scritta da Rancore con Meiden e Jano, gi\u00e0 al lavoro al fianco del rapper nell\u2019album \u2018Musica Per Bambini\u2019, e poi conclusa insieme al lavoro di Big Fish e Marco Zangirolami.<\/p>\n<p style=\"font-weight: 400;\">\n<p style=\"font-weight: 400;\"><strong>Rancore racconta la genesi dei suoi progetti di maggio:<\/strong><\/p>\n<p style=\"font-weight: 400;\"><em>Ci sono cose di cui \u00e8 giusto parlare solo quando si ha la necessit\u00e0 di farlo e senza pensare che sia un dovere dire la propria opinione.<\/em><\/p>\n<p style=\"font-weight: 400;\"><em>Non capisco se \u00e8 a causa della quarantena passata in solitudine o se a causa delle suggestioni che ho costruito dentro di me, ma proprio alla fine di Aprile, il 29 precisamente, ho iniziato a sentire l\u2019esigenza di scrivere alcuni pensieri e li ho scritti molto velocemente cos\u00ec da poterli immortalare sul foglio prima di cambiare idea.<\/em><\/p>\n<p style=\"font-weight: 400;\"><em>Ecco che si sono costruiti 3 capitoli che in un certo senso raccontano la stessa storia e che ho deciso di raccontarvi in questo mese di Maggio.<\/em><\/p>\n<p style=\"font-weight: 400;\"><strong>Capitolo I &#8211; \u2018\u2019Condivisione\u2019\u2019<\/strong><\/p>\n<p style=\"font-weight: 400;\"><em>\u2018\u2019Lost in the desert\u2019\u2019 \u00e8 un brano realizzato grazie alla collaborazione di 12 artisti e musicisti per creare un progetto a scopo benefico diretto verso tutte le maestranze della musica che in questo periodo stanno avendo serie difficolt\u00e0 causate dal blocco totale di ogni forma di spettacolo.<\/em><\/p>\n<p style=\"font-weight: 400;\"><em>Ringrazio Rodrigo D\u2019Erasmo per avermi coinvolto e per aver lanciato questa sfida importante.<\/em><\/p>\n<p style=\"font-weight: 400;\"><em>Il mio rap interrompe per un attimo un sogno nel quale la canzone ti trasporta e racconta come un flusso di coscienza le sensazioni di questo periodo.<\/em><\/p>\n<p style=\"font-weight: 400;\"><em>\u00a0<\/em><\/p>\n<p style=\"font-weight: 400;\"><strong>Capitolo II &#8211; \u2018\u2019Viaggio nel Tempo\u2019\u2019<\/strong><\/p>\n<p style=\"font-weight: 400;\"><em>Ho accompagnato Daniele Silvestri nel suo ultimo tour ed \u00e8 stata un\u2019esperienza fantastica.<\/em><\/p>\n<p style=\"font-weight: 400;\"><em>Oltre ad \u2018Argentovivo\u2019 abbiamo portato sul palco molte altre canzoni nate durante le prove mischiando parole e strofe del passato e ri-arrangiate in un modo completamente nuovo.<\/em><\/p>\n<p style=\"font-weight: 400;\"><em>Uno dei capolavori della discografia di Daniele (e della musica italiana) \u00e8 \u2018Il mio nemico\u2019 ed \u00e8 stato un grande onore poter mettere le mie rime su una canzone cos\u00ec rappresentativa per me.<\/em><\/p>\n<p style=\"font-weight: 400;\"><em>Ho fatto anche io un viaggio nei miei dischi precedenti e mi sono reso conto che alcuni dei miei testi del passato sembravano gi\u00e0 scritti per incastrarsi con quel brano. Ho preso due canzoni del mio repertorio, entrambe realizzate con Dj Myke e contenute nei dischi \u2018Acustico\u2019 ed \u2018Elettrico\u2019 (che vedono anche la collaborazione di Svedonio), ed estrapolando alcune strofe da quei dischi le ho incastrate con il brano di Daniele.<\/em><\/p>\n<p style=\"font-weight: 400;\"><em>Nasce cos\u00ec \u2018\u2019Il mio nemico invisibile\u2019\u2019, un viaggio nel tempo delle parole, che per\u00f2, come si poteva immaginare, sembrano scritte oggi.<\/em><\/p>\n<p style=\"font-weight: 400;\"><em>\u00a0<\/em><\/p>\n<p style=\"font-weight: 400;\"><strong>Capitolo III &#8211; \u2018Alienazione\u2019<\/strong><\/p>\n<p style=\"font-weight: 400;\"><em>Vi siete mai guardati allo specchio senza riconoscervi? Io si, e ho fatto di tutto per evitare di restarmi vicino.<\/em><\/p>\n<p style=\"font-weight: 400;\"><em>Abbiamo vissuto tutti un periodo sconosciuto alle nostre generazioni, un periodo \u2018alieno\u2019 per le nostre menti. Ho fatto di tutto per non avvicinarmi troppo a me stesso ma sono stato costretto a riprendere la penna e il foglio in questo periodo. Nasce cos\u00ec \u2019Razza aliena\u2019, un brano scritto e prodotto in 48 ore, registrato nel solito armadio con l\u2019Sm58 e portato a termine grazie a tutte le persone con cui ho collaborato. La produzione nasce da un\u2019idea musicale scritta insieme a Meiden e Jano (con i quali realizzai \u2018Musica Per Bambini\u2019) e poi conclusa insieme a Big Fish e Marco Zangirolami.<\/em><\/p>\n<p style=\"font-weight: 400;\"><em>Se \u2018alieno\u2019 significa anche \u2018estraneo\u2019 o \u2018appartenente ad altri\u2019, allora \u00e8 alieno tutto ci\u00f2 che non conosci. \u00c8 alieno quello che sta dietro l\u2019angolo prima di girare l\u2019angolo, \u00e8 aliena una citt\u00e0 che non hai visitato, \u00e8 alieno il tuo futuro, \u00e8 alieno Dio, alieno \u00e8 questo periodo che stiamo vivendo perch\u00e9 non lo abbiamo mai vissuto, alieno sei tu per me.<\/em><\/p>\n<p style=\"font-weight: 400;\"><em>Non \u00e8 un pezzo sociale, non \u00e8 un messaggio criptato e non \u00e8 una metafora, ma \u00e8 un modo molto personale per raccontare tutto questo, ed \u00e8 l\u2019ultima parte di questo racconto di Maggio.<\/em><\/p>\n<p style=\"font-weight: 400;\"><em>Credo che per scrivere questo pezzo sono diventato pi\u00f9 credulone di voi scettici e pi\u00f9 scettico di voi creduloni. \u00c8 un argomento pericoloso? Non lo so, dovremmo chiedere ad esperti.<\/em><\/p>\n<p style=\"font-weight: 400;\"><em>\u00a0<\/em><\/p>\n","protected":false},"excerpt":{"rendered":"<div class=\"mh-excerpt\"><p>RANCORE\u00a0 ESCE OGGI LUNED\u00cc 25 MAGGIO \u00a0 \u201cRAZZA ALIENA\u201d (Polydor\/Universal)\u00a0 IL NUOVO BRANO \u00a0 Disponibile da oggi, luned\u00ec 25 maggio, \u201cRAZZA ALIENA\u201d, il nuovo brano <a class=\"mh-excerpt-more\" href=\"https:\/\/www.piuomenopop.it\/index.php\/2020\/05\/25\/rancore-esce-oggi-25-maggio-razza-aliena\/\" title=\"RANCORE &#8211; ESCE OGGI 25 MAGGIO \u201cRAZZA ALIENA\u201d\">[&#8230;]<\/a><\/p>\n<\/div>","protected":false},"author":2,"featured_media":63330,"comment_status":"closed","ping_status":"closed","sticky":false,"template":"","format":"standard","meta":{"sfsi_plus_gutenberg_text_before_share":"","sfsi_plus_gutenberg_show_text_before_share":"","sfsi_plus_gutenberg_icon_type":"","sfsi_plus_gutenberg_icon_alignemt":"","sfsi_plus_gutenburg_max_per_row":"","footnotes":"","_links_to":"","_links_to_target":""},"categories":[3,8],"tags":[4623,11838],"class_list":["post-63329","post","type-post","status-publish","format-standard","has-post-thumbnail","hentry","category-news","category-uscite","tag-rancore","tag-razza-aliena"],"aioseo_notices":[],"_links":{"self":[{"href":"https:\/\/www.piuomenopop.it\/index.php\/wp-json\/wp\/v2\/posts\/63329","targetHints":{"allow":["GET"]}}],"collection":[{"href":"https:\/\/www.piuomenopop.it\/index.php\/wp-json\/wp\/v2\/posts"}],"about":[{"href":"https:\/\/www.piuomenopop.it\/index.php\/wp-json\/wp\/v2\/types\/post"}],"author":[{"embeddable":true,"href":"https:\/\/www.piuomenopop.it\/index.php\/wp-json\/wp\/v2\/users\/2"}],"replies":[{"embeddable":true,"href":"https:\/\/www.piuomenopop.it\/index.php\/wp-json\/wp\/v2\/comments?post=63329"}],"version-history":[{"count":1,"href":"https:\/\/www.piuomenopop.it\/index.php\/wp-json\/wp\/v2\/posts\/63329\/revisions"}],"predecessor-version":[{"id":63331,"href":"https:\/\/www.piuomenopop.it\/index.php\/wp-json\/wp\/v2\/posts\/63329\/revisions\/63331"}],"wp:featuredmedia":[{"embeddable":true,"href":"https:\/\/www.piuomenopop.it\/index.php\/wp-json\/wp\/v2\/media\/63330"}],"wp:attachment":[{"href":"https:\/\/www.piuomenopop.it\/index.php\/wp-json\/wp\/v2\/media?parent=63329"}],"wp:term":[{"taxonomy":"category","embeddable":true,"href":"https:\/\/www.piuomenopop.it\/index.php\/wp-json\/wp\/v2\/categories?post=63329"},{"taxonomy":"post_tag","embeddable":true,"href":"https:\/\/www.piuomenopop.it\/index.php\/wp-json\/wp\/v2\/tags?post=63329"}],"curies":[{"name":"wp","href":"https:\/\/api.w.org\/{rel}","templated":true}]}}