{"id":63457,"date":"2020-06-05T12:43:51","date_gmt":"2020-06-05T10:43:51","guid":{"rendered":"http:\/\/www.piuomenopop.it\/?p=63457"},"modified":"2020-06-05T12:45:09","modified_gmt":"2020-06-05T10:45:09","slug":"max-gazze-torna-dal-vivo-a-luglio-3-date-a-roma","status":"publish","type":"post","link":"https:\/\/www.piuomenopop.it\/index.php\/2020\/06\/05\/max-gazze-torna-dal-vivo-a-luglio-3-date-a-roma\/","title":{"rendered":"Max Gazz\u00e8 torna dal vivo: a Luglio 3 date a Roma"},"content":{"rendered":"<p style=\"text-align: center;\"><b>MAX GAZZE<\/b><\/p>\n<p style=\"text-align: center;\">Torna la musica dal vivo<\/p>\n<p style=\"text-align: center;\"><b>TRE CONCERTI IMPERDIBILI A ROMA<\/b><\/p>\n<p style=\"text-align: center;\"><b>2, 3, 4 LUGLIO 2020<\/b><\/p>\n<p style=\"text-align: center;\"><i>Cavea &#8211; Auditorium Parco della Musica\u00a0<\/i><\/p>\n<p>Lo aveva annunciato sui suoi social pochi giorni fa e\u00a0<b>ora arriva la conferma ufficiale:\u00a0Max\u00a0Gazz\u00e8\u00a0questa estate non si fermer\u00e0 e il 2, 3 e 4 luglio dar\u00e0 il via al ritorno dei grandi live con 3 date a Roma<\/b>, alla Cavea dell&#8217;Auditorium Parco della Musica. Tre serate, nel rispetto delle disposizioni vigenti, che\u00a0<b>riapriranno la stagione dei concerti e resteranno sicuramente memorabili per i presenti.<\/b><\/p>\n<p>Max\u00a0Gazz\u00e8\u00a0sar\u00e0 accompagnato dalla sua band storica; nessuna formazione ridotta n\u00e9 di musicisti, n\u00e9 di crew tecnica e di produzione, tutti di nuovo sul palco per rilanciare la filiera della musica dal vivo.<\/p>\n<p>La scaletta mescoler\u00e0 i successi dei primi album ai\u00a0brani pi\u00f9 recenti e non mancarenno\u00a0le sorprese, in un viaggio nella trasversalit\u00e0, da sempre caratteristica fondamentale dell&#8217;artista.<\/p>\n<p>I biglietti in prevendita saranno disponibili dalle 16:00 di oggi su\u00a0<a href=\"http:\/\/ticketone.it\/\" target=\"_blank\" rel=\"noopener noreferrer\" data-saferedirecturl=\"https:\/\/www.google.com\/url?q=http:\/\/ticketone.it\/&amp;source=gmail&amp;ust=1591439965585000&amp;usg=AOvVaw3hN0FHGUhoKRecs2WjJ-TW\">ticketone.it<\/a><\/p>\n<figure id=\"attachment_36142\" aria-describedby=\"caption-attachment-36142\" style=\"width: 1200px\" class=\"wp-caption aligncenter\"><img loading=\"lazy\" decoding=\"async\" class=\"wp-image-36142 size-full\" src=\"http:\/\/www.piuomenopop.it\/wp-content\/uploads\/2018\/08\/Max-Gazze\u0300_Terme-di-Caracalla_Roma_01.jpg\" alt=\"\" width=\"1200\" height=\"801\" srcset=\"https:\/\/www.piuomenopop.it\/wp-content\/uploads\/2018\/08\/Max-Gazze\u0300_Terme-di-Caracalla_Roma_01.jpg 1200w, https:\/\/www.piuomenopop.it\/wp-content\/uploads\/2018\/08\/Max-Gazze\u0300_Terme-di-Caracalla_Roma_01-300x200.jpg 300w, https:\/\/www.piuomenopop.it\/wp-content\/uploads\/2018\/08\/Max-Gazze\u0300_Terme-di-Caracalla_Roma_01-768x513.jpg 768w, https:\/\/www.piuomenopop.it\/wp-content\/uploads\/2018\/08\/Max-Gazze\u0300_Terme-di-Caracalla_Roma_01-1024x684.jpg 1024w\" sizes=\"auto, (max-width: 1200px) 100vw, 1200px\" \/><figcaption id=\"caption-attachment-36142\" class=\"wp-caption-text\">\u00a9 Gloria Imbrogno<\/figcaption><\/figure>\n","protected":false},"excerpt":{"rendered":"<div class=\"mh-excerpt\"><p>MAX GAZZE Torna la musica dal vivo TRE CONCERTI IMPERDIBILI A ROMA 2, 3, 4 LUGLIO 2020 Cavea &#8211; Auditorium Parco della Musica\u00a0 Lo aveva <a class=\"mh-excerpt-more\" href=\"https:\/\/www.piuomenopop.it\/index.php\/2020\/06\/05\/max-gazze-torna-dal-vivo-a-luglio-3-date-a-roma\/\" title=\"Max Gazz\u00e8 torna dal vivo: a Luglio 3 date a Roma\">[&#8230;]<\/a><\/p>\n<\/div>","protected":false},"author":2,"featured_media":36144,"comment_status":"closed","ping_status":"closed","sticky":false,"template":"","format":"standard","meta":{"sfsi_plus_gutenberg_text_before_share":"","sfsi_plus_gutenberg_show_text_before_share":"","sfsi_plus_gutenberg_icon_type":"","sfsi_plus_gutenberg_icon_alignemt":"","sfsi_plus_gutenburg_max_per_row":"","footnotes":"","_links_to":"","_links_to_target":""},"categories":[5184,3],"tags":[903,11862],"class_list":["post-63457","post","type-post","status-publish","format-standard","has-post-thumbnail","hentry","category-calendario-concerti","category-news","tag-max-gazze","tag-max-gazze-roma"],"aioseo_notices":[],"aioseo_head":"\n\t\t<!-- All in One SEO 5.0.1.1 - aioseo.com -->\n\t<meta name=\"description\" content=\"MAX GAZZE Torna la musica dal vivo TRE CONCERTI IMPERDIBILI A ROMA 2, 3, 4 LUGLIO 2020 Cavea - Auditorium Parco della Musica Lo aveva annunciato sui suoi social pochi giorni fa e ora arriva la conferma ufficiale: Max Gazz\u00e8 questa estate non si fermer\u00e0 e il 2, 3 e 4 luglio dar\u00e0 il via al ritorno dei grandi\" \/>\n\t<meta name=\"robots\" content=\"max-image-preview:large\" \/>\n\t<meta name=\"author\" content=\"redazione\"\/>\n\t<link rel=\"canonical\" href=\"https:\/\/www.piuomenopop.it\/index.php\/2020\/06\/05\/max-gazze-torna-dal-vivo-a-luglio-3-date-a-roma\/\" \/>\n\t<meta name=\"generator\" content=\"All in One SEO (AIOSEO) 5.0.1.1\" \/>\n\t\t<meta property=\"og:locale\" content=\"it_IT\" \/>\n\t\t<meta property=\"og:site_name\" content=\"Piu o Meno POP - uno spazio di condivisione, che si occupa di passioni\" \/>\n\t\t<meta property=\"og:type\" content=\"article\" \/>\n\t\t<meta property=\"og:title\" content=\"Max Gazz\u00e8 torna dal vivo: a Luglio 3 date a Roma - Piu o Meno POP\" \/>\n\t\t<meta property=\"og:description\" content=\"MAX GAZZE Torna la musica dal vivo TRE CONCERTI IMPERDIBILI A ROMA 2, 3, 4 LUGLIO 2020 Cavea - Auditorium Parco della Musica Lo aveva annunciato sui suoi social pochi giorni fa e ora arriva la conferma ufficiale: Max Gazz\u00e8 questa estate non si fermer\u00e0 e il 2, 3 e 4 luglio dar\u00e0 il via al ritorno dei grandi\" \/>\n\t\t<meta property=\"og:url\" content=\"https:\/\/www.piuomenopop.it\/index.php\/2020\/06\/05\/max-gazze-torna-dal-vivo-a-luglio-3-date-a-roma\/\" \/>\n\t\t<meta property=\"article:published_time\" content=\"2020-06-05T10:43:51+00:00\" \/>\n\t\t<meta property=\"article:modified_time\" content=\"2020-06-05T10:45:09+00:00\" \/>\n\t\t<meta name=\"twitter:card\" content=\"summary\" \/>\n\t\t<meta name=\"twitter:title\" content=\"Max Gazz\u00e8 torna dal vivo: a Luglio 3 date a Roma - Piu o Meno POP\" \/>\n\t\t<meta name=\"twitter:description\" content=\"MAX GAZZE Torna la musica dal vivo TRE CONCERTI IMPERDIBILI A ROMA 2, 3, 4 LUGLIO 2020 Cavea - Auditorium Parco della Musica Lo aveva annunciato sui suoi social pochi giorni fa e ora arriva la conferma ufficiale: Max Gazz\u00e8 questa estate non si fermer\u00e0 e il 2, 3 e 4 luglio dar\u00e0 il via al ritorno dei grandi\" \/>\n\t\t<script type=\"application\/ld+json\" class=\"aioseo-schema\">\n\t\t\t{\"@context\":\"https:\\\/\\\/schema.org\",\"@graph\":[{\"@type\":\"BlogPosting\",\"@id\":\"https:\\\/\\\/www.piuomenopop.it\\\/index.php\\\/2020\\\/06\\\/05\\\/max-gazze-torna-dal-vivo-a-luglio-3-date-a-roma\\\/#blogposting\",\"name\":\"Max Gazz\\u00e8 torna dal vivo: a Luglio 3 date a Roma - Piu o Meno POP\",\"headline\":\"Max Gazz\\u00e8 torna dal vivo: a Luglio 3 date a Roma\",\"author\":{\"@id\":\"https:\\\/\\\/www.piuomenopop.it\\\/index.php\\\/author\\\/sonia\\\/#author\"},\"publisher\":{\"@id\":\"https:\\\/\\\/www.piuomenopop.it\\\/#organization\"},\"image\":{\"@type\":\"ImageObject\",\"url\":\"https:\\\/\\\/www.piuomenopop.it\\\/wp-content\\\/uploads\\\/2018\\\/08\\\/Max-Gazze\\u0300_Terme-di-Caracalla_Roma_03.jpg\",\"width\":1200,\"height\":801,\"caption\":\"\\u00a9 Gloria Imbrono\"},\"datePublished\":\"2020-06-05T12:43:51+02:00\",\"dateModified\":\"2020-06-05T12:45:09+02:00\",\"inLanguage\":\"it-IT\",\"mainEntityOfPage\":{\"@id\":\"https:\\\/\\\/www.piuomenopop.it\\\/index.php\\\/2020\\\/06\\\/05\\\/max-gazze-torna-dal-vivo-a-luglio-3-date-a-roma\\\/#webpage\"},\"isPartOf\":{\"@id\":\"https:\\\/\\\/www.piuomenopop.it\\\/index.php\\\/2020\\\/06\\\/05\\\/max-gazze-torna-dal-vivo-a-luglio-3-date-a-roma\\\/#webpage\"},\"articleSection\":\"calendario concerti, Notizie, max gazz\\u00e8, MAX GAZZE Roma\"},{\"@type\":\"BreadcrumbList\",\"@id\":\"https:\\\/\\\/www.piuomenopop.it\\\/index.php\\\/2020\\\/06\\\/05\\\/max-gazze-torna-dal-vivo-a-luglio-3-date-a-roma\\\/#breadcrumblist\",\"itemListElement\":[{\"@type\":\"ListItem\",\"@id\":\"https:\\\/\\\/www.piuomenopop.it#listItem\",\"position\":1,\"name\":\"Home\",\"item\":\"https:\\\/\\\/www.piuomenopop.it\",\"nextItem\":{\"@type\":\"ListItem\",\"@id\":\"https:\\\/\\\/www.piuomenopop.it\\\/index.php\\\/category\\\/news\\\/#listItem\",\"name\":\"Notizie\"}},{\"@type\":\"ListItem\",\"@id\":\"https:\\\/\\\/www.piuomenopop.it\\\/index.php\\\/category\\\/news\\\/#listItem\",\"position\":2,\"name\":\"Notizie\",\"item\":\"https:\\\/\\\/www.piuomenopop.it\\\/index.php\\\/category\\\/news\\\/\",\"nextItem\":{\"@type\":\"ListItem\",\"@id\":\"https:\\\/\\\/www.piuomenopop.it\\\/index.php\\\/2020\\\/06\\\/05\\\/max-gazze-torna-dal-vivo-a-luglio-3-date-a-roma\\\/#listItem\",\"name\":\"Max Gazz\\u00e8 torna dal vivo: a Luglio 3 date a Roma\"},\"previousItem\":{\"@type\":\"ListItem\",\"@id\":\"https:\\\/\\\/www.piuomenopop.it#listItem\",\"name\":\"Home\"}},{\"@type\":\"ListItem\",\"@id\":\"https:\\\/\\\/www.piuomenopop.it\\\/index.php\\\/2020\\\/06\\\/05\\\/max-gazze-torna-dal-vivo-a-luglio-3-date-a-roma\\\/#listItem\",\"position\":3,\"name\":\"Max Gazz\\u00e8 torna dal vivo: a Luglio 3 date a Roma\",\"previousItem\":{\"@type\":\"ListItem\",\"@id\":\"https:\\\/\\\/www.piuomenopop.it\\\/index.php\\\/category\\\/news\\\/#listItem\",\"name\":\"Notizie\"}}]},{\"@type\":\"Organization\",\"@id\":\"https:\\\/\\\/www.piuomenopop.it\\\/#organization\",\"name\":\"Piu o Meno POP\",\"description\":\"uno spazio di condivisione, che si occupa di passioni\",\"url\":\"https:\\\/\\\/www.piuomenopop.it\\\/\"},{\"@type\":\"Person\",\"@id\":\"https:\\\/\\\/www.piuomenopop.it\\\/index.php\\\/author\\\/sonia\\\/#author\",\"url\":\"https:\\\/\\\/www.piuomenopop.it\\\/index.php\\\/author\\\/sonia\\\/\",\"name\":\"redazione\",\"image\":{\"@type\":\"ImageObject\",\"@id\":\"https:\\\/\\\/www.piuomenopop.it\\\/index.php\\\/2020\\\/06\\\/05\\\/max-gazze-torna-dal-vivo-a-luglio-3-date-a-roma\\\/#authorImage\",\"url\":\"https:\\\/\\\/secure.gravatar.com\\\/avatar\\\/5a2feb58192bb409d31bb30564805c9ab4588e2df3a00e7e57648d81c2cc138a?s=96&d=mm&r=g\",\"width\":96,\"height\":96,\"caption\":\"redazione\"}},{\"@type\":\"WebPage\",\"@id\":\"https:\\\/\\\/www.piuomenopop.it\\\/index.php\\\/2020\\\/06\\\/05\\\/max-gazze-torna-dal-vivo-a-luglio-3-date-a-roma\\\/#webpage\",\"url\":\"https:\\\/\\\/www.piuomenopop.it\\\/index.php\\\/2020\\\/06\\\/05\\\/max-gazze-torna-dal-vivo-a-luglio-3-date-a-roma\\\/\",\"name\":\"Max Gazz\\u00e8 torna dal vivo: a Luglio 3 date a Roma - Piu o Meno POP\",\"description\":\"MAX GAZZE Torna la musica dal vivo TRE CONCERTI IMPERDIBILI A ROMA 2, 3, 4 LUGLIO 2020 Cavea - Auditorium Parco della Musica Lo aveva annunciato sui suoi social pochi giorni fa e ora arriva la conferma ufficiale: Max Gazz\\u00e8 questa estate non si fermer\\u00e0 e il 2, 3 e 4 luglio dar\\u00e0 il via al ritorno dei grandi\",\"inLanguage\":\"it-IT\",\"isPartOf\":{\"@id\":\"https:\\\/\\\/www.piuomenopop.it\\\/#website\"},\"breadcrumb\":{\"@id\":\"https:\\\/\\\/www.piuomenopop.it\\\/index.php\\\/2020\\\/06\\\/05\\\/max-gazze-torna-dal-vivo-a-luglio-3-date-a-roma\\\/#breadcrumblist\"},\"author\":{\"@id\":\"https:\\\/\\\/www.piuomenopop.it\\\/index.php\\\/author\\\/sonia\\\/#author\"},\"creator\":{\"@id\":\"https:\\\/\\\/www.piuomenopop.it\\\/index.php\\\/author\\\/sonia\\\/#author\"},\"image\":{\"@type\":\"ImageObject\",\"url\":\"https:\\\/\\\/www.piuomenopop.it\\\/wp-content\\\/uploads\\\/2018\\\/08\\\/Max-Gazze\\u0300_Terme-di-Caracalla_Roma_03.jpg\",\"@id\":\"https:\\\/\\\/www.piuomenopop.it\\\/index.php\\\/2020\\\/06\\\/05\\\/max-gazze-torna-dal-vivo-a-luglio-3-date-a-roma\\\/#mainImage\",\"width\":1200,\"height\":801,\"caption\":\"\\u00a9 Gloria Imbrono\"},\"primaryImageOfPage\":{\"@id\":\"https:\\\/\\\/www.piuomenopop.it\\\/index.php\\\/2020\\\/06\\\/05\\\/max-gazze-torna-dal-vivo-a-luglio-3-date-a-roma\\\/#mainImage\"},\"datePublished\":\"2020-06-05T12:43:51+02:00\",\"dateModified\":\"2020-06-05T12:45:09+02:00\"},{\"@type\":\"WebSite\",\"@id\":\"https:\\\/\\\/www.piuomenopop.it\\\/#website\",\"url\":\"https:\\\/\\\/www.piuomenopop.it\\\/\",\"name\":\"Piu o Meno POP\",\"description\":\"uno spazio di condivisione, che si occupa di passioni\",\"inLanguage\":\"it-IT\",\"publisher\":{\"@id\":\"https:\\\/\\\/www.piuomenopop.it\\\/#organization\"}}]}\n\t\t<\/script>\n\t\t<!-- All in One SEO -->\n\n","aioseo_head_json":{"title":"Max Gazz\u00e8 torna dal vivo: a Luglio 3 date a Roma - Piu o Meno POP","description":"MAX GAZZE Torna la musica dal vivo TRE CONCERTI IMPERDIBILI A ROMA 2, 3, 4 LUGLIO 2020 Cavea - Auditorium Parco della Musica Lo aveva annunciato sui suoi social pochi giorni fa e ora arriva la conferma ufficiale: Max Gazz\u00e8 questa estate non si fermer\u00e0 e il 2, 3 e 4 luglio dar\u00e0 il via al ritorno dei grandi","canonical_url":"https:\/\/www.piuomenopop.it\/index.php\/2020\/06\/05\/max-gazze-torna-dal-vivo-a-luglio-3-date-a-roma\/","robots":"max-image-preview:large","keywords":"","webmasterTools":{"miscellaneous":""},"schema":{"@context":"https:\/\/schema.org","@graph":[{"@type":"BlogPosting","@id":"https:\/\/www.piuomenopop.it\/index.php\/2020\/06\/05\/max-gazze-torna-dal-vivo-a-luglio-3-date-a-roma\/#blogposting","name":"Max Gazz\u00e8 torna dal vivo: a Luglio 3 date a Roma - Piu o Meno POP","headline":"Max Gazz\u00e8 torna dal vivo: a Luglio 3 date a Roma","author":{"@id":"https:\/\/www.piuomenopop.it\/index.php\/author\/sonia\/#author"},"publisher":{"@id":"https:\/\/www.piuomenopop.it\/#organization"},"image":{"@type":"ImageObject","url":"https:\/\/www.piuomenopop.it\/wp-content\/uploads\/2018\/08\/Max-Gazze\u0300_Terme-di-Caracalla_Roma_03.jpg","width":1200,"height":801,"caption":"\u00a9 Gloria Imbrono"},"datePublished":"2020-06-05T12:43:51+02:00","dateModified":"2020-06-05T12:45:09+02:00","inLanguage":"it-IT","mainEntityOfPage":{"@id":"https:\/\/www.piuomenopop.it\/index.php\/2020\/06\/05\/max-gazze-torna-dal-vivo-a-luglio-3-date-a-roma\/#webpage"},"isPartOf":{"@id":"https:\/\/www.piuomenopop.it\/index.php\/2020\/06\/05\/max-gazze-torna-dal-vivo-a-luglio-3-date-a-roma\/#webpage"},"articleSection":"calendario concerti, Notizie, max gazz\u00e8, MAX GAZZE Roma"},{"@type":"BreadcrumbList","@id":"https:\/\/www.piuomenopop.it\/index.php\/2020\/06\/05\/max-gazze-torna-dal-vivo-a-luglio-3-date-a-roma\/#breadcrumblist","itemListElement":[{"@type":"ListItem","@id":"https:\/\/www.piuomenopop.it#listItem","position":1,"name":"Home","item":"https:\/\/www.piuomenopop.it","nextItem":{"@type":"ListItem","@id":"https:\/\/www.piuomenopop.it\/index.php\/category\/news\/#listItem","name":"Notizie"}},{"@type":"ListItem","@id":"https:\/\/www.piuomenopop.it\/index.php\/category\/news\/#listItem","position":2,"name":"Notizie","item":"https:\/\/www.piuomenopop.it\/index.php\/category\/news\/","nextItem":{"@type":"ListItem","@id":"https:\/\/www.piuomenopop.it\/index.php\/2020\/06\/05\/max-gazze-torna-dal-vivo-a-luglio-3-date-a-roma\/#listItem","name":"Max Gazz\u00e8 torna dal vivo: a Luglio 3 date a Roma"},"previousItem":{"@type":"ListItem","@id":"https:\/\/www.piuomenopop.it#listItem","name":"Home"}},{"@type":"ListItem","@id":"https:\/\/www.piuomenopop.it\/index.php\/2020\/06\/05\/max-gazze-torna-dal-vivo-a-luglio-3-date-a-roma\/#listItem","position":3,"name":"Max Gazz\u00e8 torna dal vivo: a Luglio 3 date a Roma","previousItem":{"@type":"ListItem","@id":"https:\/\/www.piuomenopop.it\/index.php\/category\/news\/#listItem","name":"Notizie"}}]},{"@type":"Organization","@id":"https:\/\/www.piuomenopop.it\/#organization","name":"Piu o Meno POP","description":"uno spazio di condivisione, che si occupa di passioni","url":"https:\/\/www.piuomenopop.it\/"},{"@type":"Person","@id":"https:\/\/www.piuomenopop.it\/index.php\/author\/sonia\/#author","url":"https:\/\/www.piuomenopop.it\/index.php\/author\/sonia\/","name":"redazione","image":{"@type":"ImageObject","@id":"https:\/\/www.piuomenopop.it\/index.php\/2020\/06\/05\/max-gazze-torna-dal-vivo-a-luglio-3-date-a-roma\/#authorImage","url":"https:\/\/secure.gravatar.com\/avatar\/5a2feb58192bb409d31bb30564805c9ab4588e2df3a00e7e57648d81c2cc138a?s=96&d=mm&r=g","width":96,"height":96,"caption":"redazione"}},{"@type":"WebPage","@id":"https:\/\/www.piuomenopop.it\/index.php\/2020\/06\/05\/max-gazze-torna-dal-vivo-a-luglio-3-date-a-roma\/#webpage","url":"https:\/\/www.piuomenopop.it\/index.php\/2020\/06\/05\/max-gazze-torna-dal-vivo-a-luglio-3-date-a-roma\/","name":"Max Gazz\u00e8 torna dal vivo: a Luglio 3 date a Roma - Piu o Meno POP","description":"MAX GAZZE Torna la musica dal vivo TRE CONCERTI IMPERDIBILI A ROMA 2, 3, 4 LUGLIO 2020 Cavea - Auditorium Parco della Musica Lo aveva annunciato sui suoi social pochi giorni fa e ora arriva la conferma ufficiale: Max Gazz\u00e8 questa estate non si fermer\u00e0 e il 2, 3 e 4 luglio dar\u00e0 il via al ritorno dei grandi","inLanguage":"it-IT","isPartOf":{"@id":"https:\/\/www.piuomenopop.it\/#website"},"breadcrumb":{"@id":"https:\/\/www.piuomenopop.it\/index.php\/2020\/06\/05\/max-gazze-torna-dal-vivo-a-luglio-3-date-a-roma\/#breadcrumblist"},"author":{"@id":"https:\/\/www.piuomenopop.it\/index.php\/author\/sonia\/#author"},"creator":{"@id":"https:\/\/www.piuomenopop.it\/index.php\/author\/sonia\/#author"},"image":{"@type":"ImageObject","url":"https:\/\/www.piuomenopop.it\/wp-content\/uploads\/2018\/08\/Max-Gazze\u0300_Terme-di-Caracalla_Roma_03.jpg","@id":"https:\/\/www.piuomenopop.it\/index.php\/2020\/06\/05\/max-gazze-torna-dal-vivo-a-luglio-3-date-a-roma\/#mainImage","width":1200,"height":801,"caption":"\u00a9 Gloria Imbrono"},"primaryImageOfPage":{"@id":"https:\/\/www.piuomenopop.it\/index.php\/2020\/06\/05\/max-gazze-torna-dal-vivo-a-luglio-3-date-a-roma\/#mainImage"},"datePublished":"2020-06-05T12:43:51+02:00","dateModified":"2020-06-05T12:45:09+02:00"},{"@type":"WebSite","@id":"https:\/\/www.piuomenopop.it\/#website","url":"https:\/\/www.piuomenopop.it\/","name":"Piu o Meno POP","description":"uno spazio di condivisione, che si occupa di passioni","inLanguage":"it-IT","publisher":{"@id":"https:\/\/www.piuomenopop.it\/#organization"}}]},"og:locale":"it_IT","og:site_name":"Piu o Meno POP - uno spazio di condivisione, che si occupa di passioni","og:type":"article","og:title":"Max Gazz\u00e8 torna dal vivo: a Luglio 3 date a Roma - Piu o Meno POP","og:description":"MAX GAZZE Torna la musica dal vivo TRE CONCERTI IMPERDIBILI A ROMA 2, 3, 4 LUGLIO 2020 Cavea - Auditorium Parco della Musica Lo aveva annunciato sui suoi social pochi giorni fa e ora arriva la conferma ufficiale: Max Gazz\u00e8 questa estate non si fermer\u00e0 e il 2, 3 e 4 luglio dar\u00e0 il via al ritorno dei grandi","og:url":"https:\/\/www.piuomenopop.it\/index.php\/2020\/06\/05\/max-gazze-torna-dal-vivo-a-luglio-3-date-a-roma\/","article:published_time":"2020-06-05T10:43:51+00:00","article:modified_time":"2020-06-05T10:45:09+00:00","twitter:card":"summary","twitter:title":"Max Gazz\u00e8 torna dal vivo: a Luglio 3 date a Roma - Piu o Meno POP","twitter:description":"MAX GAZZE Torna la musica dal vivo TRE CONCERTI IMPERDIBILI A ROMA 2, 3, 4 LUGLIO 2020 Cavea - Auditorium Parco della Musica Lo aveva annunciato sui suoi social pochi giorni fa e ora arriva la conferma ufficiale: Max Gazz\u00e8 questa estate non si fermer\u00e0 e il 2, 3 e 4 luglio dar\u00e0 il via al ritorno dei grandi"},"aioseo_meta_data":{"post_id":"63457","title":null,"description":null,"keywords":null,"keyphrases":null,"primary_term":null,"canonical_url":null,"og_title":null,"og_description":null,"og_object_type":"default","og_image_type":"default","og_image_url":null,"og_image_width":null,"og_image_height":null,"og_image_custom_url":null,"og_image_custom_fields":null,"og_video":null,"og_custom_url":null,"og_article_section":null,"og_article_tags":null,"twitter_use_og":false,"twitter_card":"default","twitter_image_type":"default","twitter_image_url":null,"twitter_image_custom_url":null,"twitter_image_custom_fields":null,"twitter_title":null,"twitter_description":null,"schema":{"blockGraphs":[],"customGraphs":[],"default":{"data":{"Article":[],"Course":[],"Dataset":[],"FAQPage":[],"Movie":[],"Person":[],"Product":[],"ProductReview":[],"Car":[],"Recipe":[],"Service":[],"SoftwareApplication":[],"WebPage":[]},"graphName":"BlogPosting","isEnabled":true},"graphs":[]},"schema_type":"default","schema_type_options":null,"pillar_content":false,"robots_default":true,"robots_noindex":false,"robots_noarchive":false,"robots_nosnippet":false,"robots_nofollow":false,"robots_noimageindex":false,"robots_noodp":false,"robots_notranslate":false,"robots_max_snippet":null,"robots_max_videopreview":null,"robots_max_imagepreview":"large","priority":null,"frequency":null,"local_seo":null,"limit_modified_date":false,"created":"2022-06-22 23:42:30","updated":"2026-06-22 16:23:55","ai":null,"breadcrumb_settings":null,"seo_analyzer_scan_date":null,"focus_keyword":null,"additional_keywords":null,"truseo_locale":null},"aioseo_breadcrumb":"<div class=\"aioseo-breadcrumbs\"><span class=\"aioseo-breadcrumb\">\n\t\t\t<a href=\"https:\/\/www.piuomenopop.it\" title=\"Home\">Home<\/a>\n\t\t<\/span><span class=\"aioseo-breadcrumb-separator\">&raquo;<\/span><span class=\"aioseo-breadcrumb\">\n\t\t\t<a href=\"https:\/\/www.piuomenopop.it\/index.php\/category\/news\/\" title=\"Notizie\">Notizie<\/a>\n\t\t<\/span><span class=\"aioseo-breadcrumb-separator\">&raquo;<\/span><span class=\"aioseo-breadcrumb\">\n\t\t\tMax Gazz\u00e8 torna dal vivo: a Luglio 3 date a Roma\n\t\t<\/span><\/div>","aioseo_breadcrumb_json":[{"label":"Home","link":"https:\/\/www.piuomenopop.it"},{"label":"Notizie","link":"https:\/\/www.piuomenopop.it\/index.php\/category\/news\/"},{"label":"Max Gazz\u00e8 torna dal vivo: a Luglio 3 date a Roma","link":"https:\/\/www.piuomenopop.it\/index.php\/2020\/06\/05\/max-gazze-torna-dal-vivo-a-luglio-3-date-a-roma\/"}],"_links":{"self":[{"href":"https:\/\/www.piuomenopop.it\/index.php\/wp-json\/wp\/v2\/posts\/63457","targetHints":{"allow":["GET"]}}],"collection":[{"href":"https:\/\/www.piuomenopop.it\/index.php\/wp-json\/wp\/v2\/posts"}],"about":[{"href":"https:\/\/www.piuomenopop.it\/index.php\/wp-json\/wp\/v2\/types\/post"}],"author":[{"embeddable":true,"href":"https:\/\/www.piuomenopop.it\/index.php\/wp-json\/wp\/v2\/users\/2"}],"replies":[{"embeddable":true,"href":"https:\/\/www.piuomenopop.it\/index.php\/wp-json\/wp\/v2\/comments?post=63457"}],"version-history":[{"count":3,"href":"https:\/\/www.piuomenopop.it\/index.php\/wp-json\/wp\/v2\/posts\/63457\/revisions"}],"predecessor-version":[{"id":63460,"href":"https:\/\/www.piuomenopop.it\/index.php\/wp-json\/wp\/v2\/posts\/63457\/revisions\/63460"}],"wp:featuredmedia":[{"embeddable":true,"href":"https:\/\/www.piuomenopop.it\/index.php\/wp-json\/wp\/v2\/media\/36144"}],"wp:attachment":[{"href":"https:\/\/www.piuomenopop.it\/index.php\/wp-json\/wp\/v2\/media?parent=63457"}],"wp:term":[{"taxonomy":"category","embeddable":true,"href":"https:\/\/www.piuomenopop.it\/index.php\/wp-json\/wp\/v2\/categories?post=63457"},{"taxonomy":"post_tag","embeddable":true,"href":"https:\/\/www.piuomenopop.it\/index.php\/wp-json\/wp\/v2\/tags?post=63457"}],"curies":[{"name":"wp","href":"https:\/\/api.w.org\/{rel}","templated":true}]}}