{"id":64022,"date":"2020-07-10T16:40:51","date_gmt":"2020-07-10T14:40:51","guid":{"rendered":"http:\/\/www.piuomenopop.it\/?p=64022"},"modified":"2020-07-10T16:40:51","modified_gmt":"2020-07-10T14:40:51","slug":"t-rap-style-nausicaa-e-la-lotta-in-musica-della-rapper-brianzola-sigma-the-voice-affetta-da-parkinson","status":"publish","type":"post","link":"https:\/\/www.piuomenopop.it\/index.php\/2020\/07\/10\/t-rap-style-nausicaa-e-la-lotta-in-musica-della-rapper-brianzola-sigma-the-voice-affetta-da-parkinson\/","title":{"rendered":"T-Rap Style: &#8220;Nausicaa&#8221; \u00e8 la lotta in musica della rapper brianzola Sigma the voice affetta da Parkinson"},"content":{"rendered":"<div>\n<table border=\"0\" width=\"640\" cellspacing=\"0\" cellpadding=\"0\" align=\"center\">\n<tbody>\n<tr>\n<td class=\"m_1736728984062457451block-padding\" align=\"left\">\n<div>\n<div><b>SIGMA THE VOICE<\/b><\/div>\n<div>\u201cNAUSICAA\u201d<\/div>\n<\/div>\n<\/td>\n<\/tr>\n<\/tbody>\n<\/table>\n<\/div>\n<div>\n<table border=\"0\" width=\"640\" cellspacing=\"0\" cellpadding=\"0\" align=\"center\">\n<tbody>\n<tr>\n<td class=\"m_1736728984062457451block-padding\" align=\"left\">\n<div>\n<div><i>La rapper brianzola, affetta da Parkinson, racconta nel brano pubblicato per l\u2019etichetta da lei fondata \u201cDisability Records\u201d, il ruolo salvifico e determinante che la musica ha avuto nella sua vita.<\/i><\/div>\n<\/div>\n<\/td>\n<\/tr>\n<\/tbody>\n<\/table>\n<p>\u201c<i><b>Nausicaa<\/b><\/i>\u201d di<b>\u00a0<a href=\"https:\/\/www.facebook.com\/multiversosigmaa\/\" target=\"_blank\" rel=\"noopener noreferrer\">Sigma The Voice<\/a><\/b>\u00a0\u00e8 un brano che\u00a0rappresenta\u00a0<b>la lotta, la pausa dalla lotta e allo stesso tempo la lotta per la vita<\/b>\u00a0in un periodo di guerra. \u00c8 un viaggio tra il prendersi cura di s\u00e9 prendendosi cura degli altri: \u00ab<i>Questa canzone \u00e8 una madre che mi accoglie, un mantra che mi incoraggia ad affrontare la vita nei suoi problemi, anche se in certi momenti sono costretta a camminare a carponi e le cure proposte, con la loro poca efficacia, non rendono giustizia alla mia voglia di vivere. Tutto ci\u00f2 che mi motiva e mi cura veramente rimane la musica<\/i>\u00bb\u00a0<b>racconta la rapper, ammalata di Parkinson fin dalla giovane et\u00e0<\/b>. Il singolo fa parte dell\u2019Ep \u201c<i>Ad Arte<\/i>\u201d, pubblicato il 25 febbraio 2020 e prodotto da Brattini (Bndcks Studio, Torino).<b>\u00a0<\/b><\/p>\n<p>\u00ab<i>Tutti i miei brani inevitabilmente hanno qualcosa che rimanda ad un disagio di fondo, ma il mio modo di scrivere spesso non troppo discorsivo, quasi anti-rap e non stereotipato, non te lo fa capire subito, ti insinua un dubbio. Cominci a farti domande ed \u00e8 questo che a me interessa, oltre la musica: andare a colpire le persone sottopelle. \u00c8 un processo di guarigione a distanza. Ma come tutte le vere guarigioni, ci vuole tempo e pazienza<\/i>\u00bb.<\/p>\n<p>Il video \u00e8 stato girato a Imperia dal regista\u00a0<b>Never Milesi<\/b>, scomparso poco tempo fa a causa di un incidente stradale.\u00a0<i>\u00abLui \u00e8 stata la prima persona che mi ha assecondato e capito durante le riprese del video e sono contenta che una parte di lui possa esser ancora vista dalle persone\u00bb.<\/i><\/p>\n<p><b>A gennaio 2020, l\u2019artista fonda col collega ed amico Adria the Reject (affetto da fibromialgia), l\u2019etichetta discografica \u201cDisability Records\u201d.<\/b><\/p>\n<p style=\"text-align: center;\"><iframe loading=\"lazy\" src=\"https:\/\/www.youtube.com\/embed\/AZxxwGbM0SQ\" width=\"560\" height=\"315\" frameborder=\"0\" allowfullscreen=\"allowfullscreen\"><\/iframe><\/p>\n<p><b>Elisa Rovelli,<\/b>\u00a0in arte\u00a0<b>Sigma The Voice,<\/b>\u00a0nasce a Lecco nel 1986.<u><\/u><u><\/u><\/p>\n<p>\u00c8 un&#8217;artista eclettica e poliedrica che riesce a fondere tra loro pi\u00f9 discipline artistiche creando uno stile musicale e un immaginario visivo molto originale. Inizia il proprio percorso come ballerina di hip hop ma\u00a0<b>a soli 11 anni si ammala di Parkinson giovanile<\/b>. Nonostante la gravit\u00e0 della situazione, riesce a condurre una vita apparentemente normale tanto da diplomarsi in fotografia, lavorare in una libreria e diventare set designer, stylist e videoamatrice. Negli anni la gravit\u00e0 della malattia non le permette pi\u00f9 di lavorare regolarmente. Decide di dedicarsi cos\u00ec a\u00a0<b>progetti no profit<\/b>\u00a0tra i quali la sua musica. Nel 2018 pubblica il suo\u00a0<b>primo singolo &#8220;Sola Andata&#8221;<\/b>\u00a0prod. Attarus, per Rorschach Division Music, sua label artistica per la quale usciranno nel 2019 il lyric video illustrato da Ronf Animation &#8220;L&#8217; Atmosfera&#8221; prod. J Roly, e la collaborazione con Peggio Klasse Blues &#8220;San Michele aveva un gallo &#8221; prod. Garelli. Collabora abitualmente con\u00a0<b>Brattini\u00a0<\/b>che\u00a0<b>produce il suo primo EP \u201cAd Arte\u201d<\/b>, uscito lo scorso 25 febbraio per\u00a0<b>Disability Records.\u00a0<\/b>Collabora invece come video maker\/blobber con Lord Madness, Gruffetti Suona e nel progetto di Dj Gruff &#8220;I migliori pensieri&#8221;.<u><\/u><u><\/u><\/p>\n<p><u><\/u>\u00a0<u><\/u><\/p>\n<p><b>DISABILITY RECORDS<\/b><b><u><\/u><u><\/u><\/b><\/p>\n<p><b>Disability Records<\/b>\u00a0nasce il 1\u00b0 gennaio 2020 da un\u2019idea di\u00a0<b>Elisa Rovelli e Alessio Pitoni<\/b>, due amici che vivono a distanza, lei abita in Brianza, lui a Senigallia. In comune un\u2019amicizia forte e la\u00a0<b>passione per la musica rap<\/b>. \u00c8 in questo genere che i due si rispecchiano, si esprimono in piena libert\u00e0, trasformandosi in Sigma the Voice e Adria the Reject. Lei \u00e8 affetta da morbo di Parkinson, mentre Alessio soffre di fibromialgia,\u00a0<b>la musica salva loro la vita.<\/b>\u00a0Per questo decidono di fondare insieme un\u2019etichetta che possa dar spazio a tutti gli artisti che, come loro, hanno fatto della musica un motivo di vita e di rivalsa.<\/p>\n<\/div>\n","protected":false},"excerpt":{"rendered":"<div class=\"mh-excerpt\"><p>SIGMA THE VOICE \u201cNAUSICAA\u201d La rapper brianzola, affetta da Parkinson, racconta nel brano pubblicato per l\u2019etichetta da lei fondata \u201cDisability Records\u201d, il ruolo salvifico e <a class=\"mh-excerpt-more\" href=\"https:\/\/www.piuomenopop.it\/index.php\/2020\/07\/10\/t-rap-style-nausicaa-e-la-lotta-in-musica-della-rapper-brianzola-sigma-the-voice-affetta-da-parkinson\/\" title=\"T-Rap Style: &#8220;Nausicaa&#8221; \u00e8 la lotta in musica della rapper brianzola Sigma the voice affetta da Parkinson\">[&#8230;]<\/a><\/p>\n<\/div>","protected":false},"author":2,"featured_media":64023,"comment_status":"closed","ping_status":"closed","sticky":false,"template":"","format":"standard","meta":{"sfsi_plus_gutenberg_text_before_share":"","sfsi_plus_gutenberg_show_text_before_share":"","sfsi_plus_gutenberg_icon_type":"","sfsi_plus_gutenberg_icon_alignemt":"","sfsi_plus_gutenburg_max_per_row":"","footnotes":"","_links_to":"","_links_to_target":""},"categories":[3,8],"tags":[11985,11984],"class_list":["post-64022","post","type-post","status-publish","format-standard","has-post-thumbnail","hentry","category-news","category-uscite","tag-disability-records","tag-sigma-the-voice"],"aioseo_notices":[],"_links":{"self":[{"href":"https:\/\/www.piuomenopop.it\/index.php\/wp-json\/wp\/v2\/posts\/64022","targetHints":{"allow":["GET"]}}],"collection":[{"href":"https:\/\/www.piuomenopop.it\/index.php\/wp-json\/wp\/v2\/posts"}],"about":[{"href":"https:\/\/www.piuomenopop.it\/index.php\/wp-json\/wp\/v2\/types\/post"}],"author":[{"embeddable":true,"href":"https:\/\/www.piuomenopop.it\/index.php\/wp-json\/wp\/v2\/users\/2"}],"replies":[{"embeddable":true,"href":"https:\/\/www.piuomenopop.it\/index.php\/wp-json\/wp\/v2\/comments?post=64022"}],"version-history":[{"count":1,"href":"https:\/\/www.piuomenopop.it\/index.php\/wp-json\/wp\/v2\/posts\/64022\/revisions"}],"predecessor-version":[{"id":64024,"href":"https:\/\/www.piuomenopop.it\/index.php\/wp-json\/wp\/v2\/posts\/64022\/revisions\/64024"}],"wp:featuredmedia":[{"embeddable":true,"href":"https:\/\/www.piuomenopop.it\/index.php\/wp-json\/wp\/v2\/media\/64023"}],"wp:attachment":[{"href":"https:\/\/www.piuomenopop.it\/index.php\/wp-json\/wp\/v2\/media?parent=64022"}],"wp:term":[{"taxonomy":"category","embeddable":true,"href":"https:\/\/www.piuomenopop.it\/index.php\/wp-json\/wp\/v2\/categories?post=64022"},{"taxonomy":"post_tag","embeddable":true,"href":"https:\/\/www.piuomenopop.it\/index.php\/wp-json\/wp\/v2\/tags?post=64022"}],"curies":[{"name":"wp","href":"https:\/\/api.w.org\/{rel}","templated":true}]}}