{"id":64406,"date":"2020-07-31T13:03:47","date_gmt":"2020-07-31T11:03:47","guid":{"rendered":"http:\/\/www.piuomenopop.it\/?p=64406"},"modified":"2020-07-31T13:03:47","modified_gmt":"2020-07-31T11:03:47","slug":"acieloaperto-2020-max-gazze-si-aggiunge-e-chiude-il-programma","status":"publish","type":"post","link":"https:\/\/www.piuomenopop.it\/index.php\/2020\/07\/31\/acieloaperto-2020-max-gazze-si-aggiunge-e-chiude-il-programma\/","title":{"rendered":"ACIELOAPERTO 2020: Max Gazz\u00e8 si aggiunge e chiude il programma"},"content":{"rendered":"<p style=\"text-align: center;\"><span style=\"color: #e70e19; font-family: arial, helvetica neue, helvetica, sans-serif; font-size: 300%;\"><strong>ACIELOAPERTO<\/strong><\/span><br \/>\n<span style=\"color: #e70e19; font-family: arial, helvetica neue, helvetica, sans-serif;\"><strong><em>\u00a0&#8211;\u00a0<\/em>IL RISVEGLIO<em>\u00a0&#8211;<br \/>\nVIII\u00a0edizione<\/em><\/strong><\/span><\/p>\n<table border=\"0\" width=\"100%\" cellspacing=\"0\" cellpadding=\"0\">\n<tbody>\n<tr>\n<td valign=\"top\">\n<table border=\"0\" width=\"100%\" cellspacing=\"0\" cellpadding=\"0\" align=\"left\">\n<tbody>\n<tr>\n<td class=\"m_-2922341411563775395mcnTextContent\" valign=\"top\">\n<div style=\"text-align: center;\"><strong>\u00a0NOUVELLE VAGUE\u00a0<\/strong><br \/>\n<strong>\u00a0CALIBRO 35<br \/>\nTHE COMET IS COMING\u00a0<\/strong><br \/>\n<strong>MAX GAZ<\/strong><strong>Z<\/strong><strong>\u00c8<\/strong><br \/>\n<strong>\u00a0REMO ANZOVINO<br \/>\nFRANCESCA MICHIELIN<br \/>\nANDREA LASZLO DE SIMONE\u00a0<\/strong><\/div>\n<\/td>\n<\/tr>\n<\/tbody>\n<\/table>\n<\/td>\n<\/tr>\n<\/tbody>\n<\/table>\n<table border=\"0\" width=\"100%\" cellspacing=\"0\" cellpadding=\"0\">\n<tbody>\n<tr>\n<td valign=\"top\">\n<table border=\"0\" width=\"100%\" cellspacing=\"0\" cellpadding=\"0\" align=\"left\">\n<tbody>\n<tr>\n<td class=\"m_-2922341411563775395mcnTextContent\" valign=\"top\">\n<p dir=\"ltr\" style=\"text-align: center;\"><strong>MAX GAZZ\u00c8 SI AGGIUNGE E CHIUDE IL PROGRAMMA DELL\u2019OTTAVA EDIZIONE<\/strong><\/p>\n<p dir=\"ltr\" style=\"text-align: center;\">Dopo il successo della prima data con Remo Anzovino,<br \/>\nla rassegna romagnola annuncia il concerto\u00a0di Gazz\u00e8 il prossimo<br \/>\n10 agosto a Cesena<\/p>\n<\/td>\n<\/tr>\n<\/tbody>\n<\/table>\n<\/td>\n<\/tr>\n<\/tbody>\n<\/table>\n<p>&nbsp;<\/p>\n<figure id=\"attachment_36146\" aria-describedby=\"caption-attachment-36146\" style=\"width: 1200px\" class=\"wp-caption aligncenter\"><img loading=\"lazy\" decoding=\"async\" class=\"wp-image-36146 size-full\" src=\"http:\/\/www.piuomenopop.it\/wp-content\/uploads\/2018\/08\/Max-Gazze\u0300_Terme-di-Caracalla_Roma_05.jpg\" alt=\"\" width=\"1200\" height=\"801\" srcset=\"https:\/\/www.piuomenopop.it\/wp-content\/uploads\/2018\/08\/Max-Gazze\u0300_Terme-di-Caracalla_Roma_05.jpg 1200w, https:\/\/www.piuomenopop.it\/wp-content\/uploads\/2018\/08\/Max-Gazze\u0300_Terme-di-Caracalla_Roma_05-300x200.jpg 300w, https:\/\/www.piuomenopop.it\/wp-content\/uploads\/2018\/08\/Max-Gazze\u0300_Terme-di-Caracalla_Roma_05-768x513.jpg 768w, https:\/\/www.piuomenopop.it\/wp-content\/uploads\/2018\/08\/Max-Gazze\u0300_Terme-di-Caracalla_Roma_05-1024x684.jpg 1024w\" sizes=\"auto, (max-width: 1200px) 100vw, 1200px\" \/><figcaption id=\"caption-attachment-36146\" class=\"wp-caption-text\">\u00a9 Gloria Imbrogno<\/figcaption><\/figure>\n<p>&nbsp;<\/p>\n<table border=\"0\" width=\"100%\" cellspacing=\"0\" cellpadding=\"0\">\n<tbody>\n<tr>\n<td valign=\"top\">\n<table border=\"0\" width=\"100%\" cellspacing=\"0\" cellpadding=\"0\" align=\"left\">\n<tbody>\n<tr>\n<td class=\"m_-2922341411563775395mcnTextContent\" valign=\"top\">\n<div>\n<div><em>\u00ab<strong>Risvegliati<\/strong><\/em><em>. Apri gli occhi e le orecchie, e guardati intorno.\u00a0<strong>Rialzati<\/strong>, muoviti e riappropriati degli spazi comuni della citt\u00e0. Torna a incontrare le persone, e a far parte della comunit\u00e0.<br \/>\n<strong>Questo \u00e8 un risveglio<\/strong>. E il nostro \u00e8 naturalmente\u00a0<strong>musicale<\/strong>.\u00bb<\/em>Con queste parole gli organizzatori di\u00a0<strong>acieloaperto<\/strong>\u00a0annunciano\u00a0un\u2019edizione quanto mai\u00a0<em>speciale<\/em>\u00a0della stimata rassegna romagnola, denominata per l\u2019occasione \u201c<em>Il Risveglio<\/em>\u201d. Un\u2019edizione indubbiamente coraggiosa tenendo conto delle contingenze internazionali e delle inevitabili restrizioni volte a tutelare la salute degli spettatori; un cartellone inevitabilmente differente rispetto a quello inizialmente previsto prima della pandemia. I concerti di\u00a0<em>Niccol\u00f2 Fabi, Willie Peyote<\/em>\u00a0e\u00a0<em>Ben Harper<\/em>, infatti, sono rinviati all\u2019estate 2021, mentre il live di\u00a0<em>King Gizzard &amp; The Lizard Wizard<\/em>\u00a0\u00e8 annullato.<br \/>\nMa per l\u2019associazione\u00a0<em>Retropop Live<\/em>, che da otto edizioni organizza questa kermesse spinta anzitutto dalla passione, quella di quest\u2019anno \u00e8 una sfida, un\u2019occasione per rialzarsi.<\/p>\n<p>Dopo l\u2019indimenticabile\u00a0<em>risveglio\u00a0<\/em>andato in scena alle ore 8:00 dello scorso 18 luglio con la suggestiva esibizione di\u00a0<strong>Remo Anzovino<\/strong>, gli organizzatori non smettono di stupire annunciando una sorprendente nuova data:\u00a0<strong>\u00a0Max Gazz\u00e8<\/strong>\u00a0si aggiunge alla folta schiera di artisti che animeranno l\u2019ottava edizione. L\u2019eclettico songwriter andr\u00e0 in scena il prossimo\u00a0<strong>10 agosto\u00a0<\/strong>presso la\u00a0<strong>Rocca Malatestiana di Cesena<\/strong>, splendida location che insieme a\u00a0<strong>Villa Torlonia a San Mauro Pascoli (FC)\u00a0<\/strong>ospita il festival da otto edizioni.<\/p>\n<p dir=\"ltr\">Un cartellone che alterna pura musica strumentale, approcciata nelle pi\u00f9 svariate connotazioni di genere, al cantautorato contemporaneo.<\/p>\n<\/div>\n<\/div>\n<\/td>\n<\/tr>\n<\/tbody>\n<\/table>\n<\/td>\n<\/tr>\n<\/tbody>\n<\/table>\n<table border=\"0\" width=\"100%\" cellspacing=\"0\" cellpadding=\"0\">\n<tbody>\n<tr>\n<td valign=\"top\">\n<table border=\"0\" width=\"100%\" cellspacing=\"0\" cellpadding=\"0\" align=\"left\">\n<tbody>\n<tr>\n<td class=\"m_-2922341411563775395mcnTextContent\" valign=\"top\">\n<div>\n<div><strong>\u00a0ROCCA MALATESTIANA &#8211; CESENA\u00a0<\/strong><\/div>\n<ul>\n<li>Dopo\u00a0<em>Remo Anzovino<\/em>, si torna a vivere la Rocca Malatestiana\u00a0<strong>sabato 1 agosto con i Calibro 35<\/strong>, da oltre 10 anni solido punto di riferimento per gli appassionati della musica senza confini.\u00a0<em>Cavina, Colliva, Gabrielli, Martellotta<\/em>\u00a0e\u00a0<em>Rondanini<\/em>\u00a0sono da poco tornati con un nuovo disco, \u201c<em>Momentum<\/em>\u201d: un album di rara intensit\u00e0, che produce un suono senza tempo n\u00e8 punti cardinali in cui black music e suoni algidi del Nuovo Millennio si fondono offrendo un punto di vista incredibilmente originale sulla contemporaneit\u00e0.<\/li>\n<li dir=\"ltr\">\n<p dir=\"ltr\" role=\"presentation\">La notte di San Lorenzo,\u00a0<strong>luned\u00ec 10 agosto<\/strong>, \u00e8 la volta di\u00a0<strong>Max Gazz\u00e8<\/strong>, pronto a portare in scena uno spettacolo unico, accompagnato dalla sua band storica; nessuna formazione ridotta n\u00e9 di musicisti, n\u00e9 di crew tecnica e di produzione, tutti di nuovo sul palco per rilanciare la filiera della musica dal vivo al grido di \u201cQuello che la Musica pu\u00f2 fare\u201d. La scaletta mescoler\u00e0 i successi dei primi album ai brani pi\u00f9 recenti e non mancheranno le sorprese, in un viaggio nella trasversalit\u00e0, da sempre caratteristica fondamentale dell\u2019artista.<\/p>\n<\/li>\n<li><strong>Gioved\u00ec 13 agosto<\/strong>\u00a0\u00e8 il turno dei tre cosmonauti musicali londinesi:\u00a0<strong>The Comet is Coming<\/strong>. L\u2019invito per il viaggio spaziale tra jazz, elettronica e psichedelia \u00e8 aperto a tutti, e fortemente consigliato.<\/li>\n<li>Una volta tornati sul Pianeta Terra, il\u00a0<strong>16 agosto<\/strong>, il protagonista sul palco della\u00a0<em>Rocca Malatestiana<\/em>\u00a0di Cesena \u00e8\u00a0<strong>Andrea Laszlo De Simone<\/strong>. Il suo sar\u00e0 un concerto immersivo, un\u2019originale orchestra fatta di synth, elettronica, cori, archi e fiati, un intreccio di strumenti classici e moderni. Quella del cantautore torinese \u00e8 una versione contemporanea della musica da camera, proprio come il suo ultimo disco \u201c<em>Immensit\u00e0<\/em>\u201d &#8211; apprezzato anche oltreconfine in particolare in Francia e Regno Unito &#8211; rivisita il concetto di\u00a0<em>suite<\/em>. Come un\u2019unica sinfonia.<\/li>\n<\/ul>\n<div>\u00a0<strong>\u00a0VILLA TORLONIA &#8211; SAN MAURO PASCOLI (FC)\u00a0<\/strong><\/div>\n<ul>\n<li><strong>Il 29 agosto<\/strong>\u00a0acieloaperto si trasferisce presso\u00a0<em>Villa Torlonia<\/em>\u00a0a San Mauro Pascoli per un appuntamento esclusivo che conferma la caratura internazionale del festival: i\u00a0<strong>Nouvelle Vague<\/strong>\u00a0si esibiranno in\u00a0<strong>data unica italiana<\/strong>. Dal 2004 il collettivo parigino guidato da\u00a0<em>Marc Collin<\/em>\u00a0e\u00a0<em>Olivier Libaux<\/em>\u00a0\u00e8 diventato un fenomeno globale grazie alle inimitabili reinterpretazioni di standard\u00a0<em>Punk<\/em>\u00a0e\u00a0<em>New Wave<\/em>\u00a0nello stile sognante della\u00a0<em>Bossa Nova<\/em>\u00a0degli anni \u201850 e \u201860. \u00a0<em>New Wave = Wave Bossa Nova = Nouvelle Vague<\/em>, un\u2019equazione che ha portato la band in tutto il Mondo e che non mancher\u00e0 di incantare i fortunati avventori della rassegna romagnola.<\/li>\n<li>Il gran finale previsto l\u2019<strong>1 settembre<\/strong>\u00a0\u00e8 affidato a\u00a0<strong>Francesca Michielin<\/strong>, tra i pi\u00f9 giovani e sorprendenti talenti della nuova scena nostrana. Autrice e polistrumentista raffinata, si \u00e8 sempre distinta per originalit\u00e0 in tutte le circostanze, anche nelle pi\u00f9 importanti e blasonate come sul palcoscenico dell\u2019Ariston di Sanremo.<\/li>\n<\/ul>\n<\/div>\n<\/td>\n<\/tr>\n<\/tbody>\n<\/table>\n<\/td>\n<\/tr>\n<\/tbody>\n<\/table>\n<table border=\"0\" width=\"100%\" cellspacing=\"0\" cellpadding=\"0\">\n<tbody>\n<tr>\n<td valign=\"top\">\n<table border=\"0\" width=\"100%\" cellspacing=\"0\" cellpadding=\"0\" align=\"left\">\n<tbody>\n<tr>\n<td class=\"m_-2922341411563775395mcnTextContent\" valign=\"top\">\n<div>\n<div><span style=\"color: #ffffff; font-family: arial, helvetica neue, helvetica, sans-serif;\"><strong>IL PROGRAMMA COMPLETO:\u00a0<\/strong><\/span><\/div>\n<div>\n<p><strong>\u00a018\/07<\/strong>\u00a0ROCCA MALATESTIANA &#8211;\u00a0\u00a0REMO ANZOVINO<\/p>\n<p><strong>\u00a001\/08<\/strong>\u00a0ROCCA MALATESTIANA &#8211;\u00a0\u00a0CALIBRO 35<\/p>\n<p><strong>10\/08\u00a0<\/strong>ROCCA MALATESTIANA<strong>\u00a0&#8211; \u00a0<\/strong>MAX GAZZ\u00c8 &#8211; nuova data<\/p>\n<p><strong>13\/08\u00a0<\/strong>ROCCA MALATESTIANA &#8211;\u00a0THE COMET IS COMING<\/p>\n<p><strong>\u00a016\/08\u00a0<\/strong>ROCCA MALATESTIANA &#8211;\u00a0ANDREA LASZLO DE SIMONE<\/p>\n<p><strong>\u00a029\/08\u00a0<\/strong>\u00a0VILLA TORLONIA\u00a0 &#8211;\u00a0NOUVELLE VAGUE<\/p>\n<p><strong>\u00a001\/09\u00a0<\/strong>\u00a0VILLA TORLONIA\u00a0 &#8211;\u00a0FRANCESCA MICHIELIN<\/p>\n<\/div>\n<\/div>\n<\/td>\n<\/tr>\n<\/tbody>\n<\/table>\n<\/td>\n<\/tr>\n<\/tbody>\n<\/table>\n<p><img loading=\"lazy\" decoding=\"async\" class=\"aligncenter wp-image-64407 size-full\" src=\"http:\/\/www.piuomenopop.it\/wp-content\/uploads\/2020\/07\/acieloaperto.png\" alt=\"\" width=\"851\" height=\"315\" srcset=\"https:\/\/www.piuomenopop.it\/wp-content\/uploads\/2020\/07\/acieloaperto.png 851w, https:\/\/www.piuomenopop.it\/wp-content\/uploads\/2020\/07\/acieloaperto-300x111.png 300w, https:\/\/www.piuomenopop.it\/wp-content\/uploads\/2020\/07\/acieloaperto-768x284.png 768w\" sizes=\"auto, (max-width: 851px) 100vw, 851px\" \/><\/p>\n<p><strong>La rassegna<\/strong><br \/>\nOrganizzata dall&#8217;associazione culturale\u00a0<strong>Retropop Live\u00a0<\/strong>nella splendida<em>\u00a0Rocca Malatestiana\u00a0<\/em>di Cesena e nella suggestiva\u00a0<em>Villa Torlonia<\/em>\u00a0di San Mauro Pascoli (FC), la manifestazione ha portato sui palchi di queste magiche location artisti del calibro di\u00a0<em>Eels, Calexico, Black Rebel Motorcycle Club, Xavier Rudd, Belle and Sebastian, Mark Lanegan, Niccol\u00f2 Fabi, Gogol Bordello<\/em>, solo per citarne alcuni. Ha i patrocini dei comuni di Cesena e San Mauro Pascoli, e della regione Emilia Romagna.<\/p>\n<p>L&#8217;associazione culturale Retro Pop Live \u00e8 attiva sul territorio cesenate e romagnolo da quasi un decennio. Ha operato in numerosi locali e rock-club del territorio, organizzando concerti e distinguendosi per la proposta artistica che spazia all\u2019interno del rock alternativo in tutte le sue sfaccettature.<\/p>\n<p style=\"text-align: center;\"><iframe loading=\"lazy\" src=\"https:\/\/www.youtube.com\/embed\/JCLbgvRreug\" width=\"560\" height=\"315\" frameborder=\"0\" allowfullscreen=\"allowfullscreen\"><\/iframe><\/p>\n<p><strong>ACIELOAPERTO &#8211; rassegna musicale\u00a0<\/strong><br \/>\n<strong>VIII EDIZIONE | IL RISVEGLIO\u00a0<\/strong><\/p>\n<p><em>Organizzazione a cura di RetroPop Live<\/em><\/p>\n<p>I biglietti della rassegna musicale sono disponibili in prevendita sul circuito TicketOne.<br \/>\nLe aree concerto prevedono esclusivamente posti a sedere, e saranno rispettate le norme anti-covid disposte dal protocollo regionale per lo spettacolo dal vivo.<\/p>\n<p><em>Location:<\/em><br \/>\n<strong>ROCCA MALATESTIANA<\/strong><br \/>\nvia Cia degli Ordelaffi 8 &#8211; Cesena<\/p>\n<p><strong>VILLA TORLONIA<\/strong><br \/>\nvia Due Martiri\u00a02\u00a0&#8211; San Mauro Pascoli (FC)<\/p>\n<p><strong>INFO AL PUBBLICO:<\/strong><br \/>\n<u><a href=\"mailto:retropoplive@gmail.com\" target=\"_blank\" rel=\"noopener noreferrer\">email<\/a><\/u>\u00a0|\u00a0info line: 339 2140806<\/p>\n","protected":false},"excerpt":{"rendered":"<div class=\"mh-excerpt\"><p>ACIELOAPERTO \u00a0&#8211;\u00a0IL RISVEGLIO\u00a0&#8211; VIII\u00a0edizione \u00a0NOUVELLE VAGUE\u00a0 \u00a0CALIBRO 35 THE COMET IS COMING\u00a0 MAX GAZZ\u00c8 \u00a0REMO ANZOVINO FRANCESCA MICHIELIN ANDREA LASZLO DE SIMONE\u00a0 MAX GAZZ\u00c8 SI <a class=\"mh-excerpt-more\" href=\"https:\/\/www.piuomenopop.it\/index.php\/2020\/07\/31\/acieloaperto-2020-max-gazze-si-aggiunge-e-chiude-il-programma\/\" title=\"ACIELOAPERTO 2020: Max Gazz\u00e8 si aggiunge e chiude il programma\">[&#8230;]<\/a><\/p>\n<\/div>","protected":false},"author":2,"featured_media":64407,"comment_status":"closed","ping_status":"closed","sticky":false,"template":"","format":"standard","meta":{"sfsi_plus_gutenberg_text_before_share":"","sfsi_plus_gutenberg_show_text_before_share":"","sfsi_plus_gutenberg_icon_type":"","sfsi_plus_gutenberg_icon_alignemt":"","sfsi_plus_gutenburg_max_per_row":"","footnotes":"","_links_to":"","_links_to_target":""},"categories":[5184,3],"tags":[9199],"class_list":["post-64406","post","type-post","status-publish","format-standard","has-post-thumbnail","hentry","category-calendario-concerti","category-news","tag-acieloaperto"],"aioseo_notices":[],"_links":{"self":[{"href":"https:\/\/www.piuomenopop.it\/index.php\/wp-json\/wp\/v2\/posts\/64406","targetHints":{"allow":["GET"]}}],"collection":[{"href":"https:\/\/www.piuomenopop.it\/index.php\/wp-json\/wp\/v2\/posts"}],"about":[{"href":"https:\/\/www.piuomenopop.it\/index.php\/wp-json\/wp\/v2\/types\/post"}],"author":[{"embeddable":true,"href":"https:\/\/www.piuomenopop.it\/index.php\/wp-json\/wp\/v2\/users\/2"}],"replies":[{"embeddable":true,"href":"https:\/\/www.piuomenopop.it\/index.php\/wp-json\/wp\/v2\/comments?post=64406"}],"version-history":[{"count":1,"href":"https:\/\/www.piuomenopop.it\/index.php\/wp-json\/wp\/v2\/posts\/64406\/revisions"}],"predecessor-version":[{"id":64408,"href":"https:\/\/www.piuomenopop.it\/index.php\/wp-json\/wp\/v2\/posts\/64406\/revisions\/64408"}],"wp:featuredmedia":[{"embeddable":true,"href":"https:\/\/www.piuomenopop.it\/index.php\/wp-json\/wp\/v2\/media\/64407"}],"wp:attachment":[{"href":"https:\/\/www.piuomenopop.it\/index.php\/wp-json\/wp\/v2\/media?parent=64406"}],"wp:term":[{"taxonomy":"category","embeddable":true,"href":"https:\/\/www.piuomenopop.it\/index.php\/wp-json\/wp\/v2\/categories?post=64406"},{"taxonomy":"post_tag","embeddable":true,"href":"https:\/\/www.piuomenopop.it\/index.php\/wp-json\/wp\/v2\/tags?post=64406"}],"curies":[{"name":"wp","href":"https:\/\/api.w.org\/{rel}","templated":true}]}}