{"id":64515,"date":"2020-08-04T14:55:25","date_gmt":"2020-08-04T12:55:25","guid":{"rendered":"http:\/\/www.piuomenopop.it\/?p=64515"},"modified":"2020-08-04T14:55:25","modified_gmt":"2020-08-04T12:55:25","slug":"road-to-siren-con-lucio-corsi-the-tangram-e-coma-berenices","status":"publish","type":"post","link":"https:\/\/www.piuomenopop.it\/index.php\/2020\/08\/04\/road-to-siren-con-lucio-corsi-the-tangram-e-coma-berenices\/","title":{"rendered":"&#8220;Road to Siren&#8221; con Lucio Corsi, The Tangram e Coma Berenices"},"content":{"rendered":"<h1 style=\"text-align: center;\">&#8220;ROAD TO SIREN&#8221;<br \/>\ncon LUCIO CORSI, THE TANGRAM e<br \/>\nCOMA BERENICES<\/h1>\n<p><em>\u201c<strong><u>Road to Siren<\/u><\/strong>\u201d \u00e8 un evento voluto fortemente in questa strana estate, che vuole rappresentare simbolicamente la ripartenza: passo dopo passo per riscoprire la sinergia tra il Siren Festival e la spendida citt\u00e0 marittima di Vasto<\/em>.<br \/>\n&#8220;<strong><u>Road to Siren<\/u><\/strong>&#8221; \u00e8 il primo di una serie di eventi in vista dell&#8217;edizione 2021 del Siren Festival, organizzato da l&#8217;associazione\u00a0<strong><em>Stardust Productions<\/em><\/strong>\u00a0in collaborazione col\u00a0<em><strong>Comune di Vasto<\/strong><\/em>.<\/p>\n<p>La Sirena torna quindi a cantare e nella suggestiva cornice del\u00a0<strong><em>Cortile D&#8217;Avalos<\/em><\/strong>\u00a0della citt\u00e0 di Vasto il prossimo 22 agosto saliranno sul palco\u00a0<strong>Lucio Corsi<\/strong>,\u00a0<strong>The Tangram<\/strong>\u00a0e\u00a0<strong>Coma Berenice<\/strong>s.<br \/>\n<strong>Lucio Corsi<\/strong>\u00a0\u00e8 indubbiamente uno dei cantautori pi\u00f9 brillanti della sua generazione. Con &#8220;<u>Cosa faremo da grandi<\/u>&#8221; (Sugar Music)\u00a0<strong>Lucio Corsi<\/strong>\u00a0parla di grandi imprese mandate in fumo con l&#8217;anima in pace. Lo stile narrativo unico di cantastorie si incontro con la vampa glam rock degli arrangiamenti live, rendendo lo spettacolo poetico ma allo stesso tempo dinamico.<br \/>\n<strong>The Tangram<\/strong>\u00a0sono una giovane band abruzzese che propone un irresistibile mix di micro wave, soul e funk caratterizzate da melodie accattivanti alternate a momenti pi\u00f9 intimi, hanno da poco pubblicato per IRMA records i due singoli &#8220;Why&#8221; e &#8220;Awesome&#8221; in vista dell&#8217;esordio discografico previsto per il prossimo autunno.<br \/>\n<strong>Coma Berenices<\/strong>\u00a0sono Antonella Bianco e Daniela Capalbo, sonorit\u00e0 acustiche ed elettriche, contaminazioni ritmiche e melodie intime definiscono uno stile riconoscibile, distante dalle semplici categorizzazioni, ma ben radicato nella musica contemporanea. &#8220;<u>Archetype<\/u>&#8221; \u00e8 il loro ultimo album pubblicato da Lumaca Dischi.<\/p>\n<p>Una cornice unica, una citt\u00e0 storica affacciata sul mare che grazie alla sua invidiabile posizione negli anni si \u00e8 affermata come uno dei luoghi pi\u00f9 affascinanti del centro Italia.<strong>\u00a0<\/strong><strong>Vasto\u00a0<\/strong>con le sue spiagge, i caratteristici vicoli del centro e le piazze che si affacciano come terrazze sul mare \u00e8 il palcoscenico che accoglie ogni anno il\u00a0<strong>Siren Festival.<\/strong><\/p>\n<p>Sabato 22 Agosto 2020 \u2013\u00a0<strong>Lucio Corsi, The Tangram, Coma Berenices<\/strong>\u00a0@\u00a0<strong>Cortile D\u2019Avalos<\/strong><br \/>\nPrevendite:\u00a0<a href=\"https:\/\/sferacubica.us7.list-manage.com\/track\/click?u=0ca9b26151ba25038732e72a8&amp;id=07b678e86f&amp;e=cecd31764f\" target=\"_blank\" rel=\"noopener noreferrer\" data-saferedirecturl=\"https:\/\/www.google.com\/url?q=https:\/\/sferacubica.us7.list-manage.com\/track\/click?u%3D0ca9b26151ba25038732e72a8%26id%3D07b678e86f%26e%3Dcecd31764f&amp;source=gmail&amp;ust=1596629745786000&amp;usg=AFQjCNGEpHcAGRui8IWQM_gDaYVy-pHyyg\">https:\/\/www.diyticket.it\/<wbr \/>festivals\/183\/road-to-siren?<\/a><\/p>\n","protected":false},"excerpt":{"rendered":"<div class=\"mh-excerpt\"><p>&#8220;ROAD TO SIREN&#8221; con LUCIO CORSI, THE TANGRAM e COMA BERENICES \u201cRoad to Siren\u201d \u00e8 un evento voluto fortemente in questa strana estate, che vuole <a class=\"mh-excerpt-more\" href=\"https:\/\/www.piuomenopop.it\/index.php\/2020\/08\/04\/road-to-siren-con-lucio-corsi-the-tangram-e-coma-berenices\/\" title=\"&#8220;Road to Siren&#8221; con Lucio Corsi, The Tangram e Coma Berenices\">[&#8230;]<\/a><\/p>\n<\/div>","protected":false},"author":2,"featured_media":64516,"comment_status":"closed","ping_status":"closed","sticky":false,"template":"","format":"standard","meta":{"sfsi_plus_gutenberg_text_before_share":"","sfsi_plus_gutenberg_show_text_before_share":"","sfsi_plus_gutenberg_icon_type":"","sfsi_plus_gutenberg_icon_alignemt":"","sfsi_plus_gutenburg_max_per_row":"","footnotes":"","_links_to":"","_links_to_target":""},"categories":[5184,3],"tags":[12058,2416,12056,12057],"class_list":["post-64515","post","type-post","status-publish","format-standard","has-post-thumbnail","hentry","category-calendario-concerti","category-news","tag-coma-berenices","tag-lucio-corsi","tag-road-to-siren","tag-the-tangram"],"aioseo_notices":[],"_links":{"self":[{"href":"https:\/\/www.piuomenopop.it\/index.php\/wp-json\/wp\/v2\/posts\/64515","targetHints":{"allow":["GET"]}}],"collection":[{"href":"https:\/\/www.piuomenopop.it\/index.php\/wp-json\/wp\/v2\/posts"}],"about":[{"href":"https:\/\/www.piuomenopop.it\/index.php\/wp-json\/wp\/v2\/types\/post"}],"author":[{"embeddable":true,"href":"https:\/\/www.piuomenopop.it\/index.php\/wp-json\/wp\/v2\/users\/2"}],"replies":[{"embeddable":true,"href":"https:\/\/www.piuomenopop.it\/index.php\/wp-json\/wp\/v2\/comments?post=64515"}],"version-history":[{"count":1,"href":"https:\/\/www.piuomenopop.it\/index.php\/wp-json\/wp\/v2\/posts\/64515\/revisions"}],"predecessor-version":[{"id":64517,"href":"https:\/\/www.piuomenopop.it\/index.php\/wp-json\/wp\/v2\/posts\/64515\/revisions\/64517"}],"wp:featuredmedia":[{"embeddable":true,"href":"https:\/\/www.piuomenopop.it\/index.php\/wp-json\/wp\/v2\/media\/64516"}],"wp:attachment":[{"href":"https:\/\/www.piuomenopop.it\/index.php\/wp-json\/wp\/v2\/media?parent=64515"}],"wp:term":[{"taxonomy":"category","embeddable":true,"href":"https:\/\/www.piuomenopop.it\/index.php\/wp-json\/wp\/v2\/categories?post=64515"},{"taxonomy":"post_tag","embeddable":true,"href":"https:\/\/www.piuomenopop.it\/index.php\/wp-json\/wp\/v2\/tags?post=64515"}],"curies":[{"name":"wp","href":"https:\/\/api.w.org\/{rel}","templated":true}]}}