{"id":65689,"date":"2020-11-13T18:00:07","date_gmt":"2020-11-13T17:00:07","guid":{"rendered":"http:\/\/www.piuomenopop.it\/?p=65689"},"modified":"2020-11-13T18:00:07","modified_gmt":"2020-11-13T17:00:07","slug":"romaeuropa-15-11-il-batterista-e-compositore-andrea-belfi-presenta-in-live-streaming-il-suo-ultimo-ep-strata","status":"publish","type":"post","link":"https:\/\/www.piuomenopop.it\/index.php\/2020\/11\/13\/romaeuropa-15-11-il-batterista-e-compositore-andrea-belfi-presenta-in-live-streaming-il-suo-ultimo-ep-strata\/","title":{"rendered":"ROMAEUROPA: 15.11 il batterista e compositore Andrea Belfi presenta in live streaming il suo ultimo EP &#8220;Strata&#8221;"},"content":{"rendered":"<p align=\"center\"><strong>SOTTO L\u2019ALTO PATRONATO DEL PRESIDENTE DELLA REPUBBLICA<\/strong><\/p>\n<p align=\"center\"><strong>Andrea Belfi<\/strong><\/p>\n<p align=\"center\"><strong>\u00a0\u201c<\/strong><strong><em>Strata<\/em><\/strong><strong>\u201d<\/strong><\/p>\n<p align=\"center\"><strong>Streaming dallo studio dell\u2019artista<\/strong><\/p>\n<p align=\"center\"><strong>domenica 15 novembre 2020 alle ore\u00a0<\/strong><strong>19<\/strong><\/p>\n<p align=\"center\"><strong>\u00a0<\/strong><\/p>\n<p align=\"center\"><strong>sul canale\u00a0<a href=\"https:\/\/app.mailvox.it\/nl\/pvwqdx\/h0sldd\/wx1ggd7\/uf\/1\/aHR0cHM6Ly93d3cuZmFjZWJvb2suY29tL1JvbWFldXJvcGE?_d=5AA&amp;_c=73e9cc72\" target=\"_blank\" rel=\"noopener noreferrer\" data-saferedirecturl=\"https:\/\/www.google.com\/url?q=https:\/\/app.mailvox.it\/nl\/pvwqdx\/h0sldd\/wx1ggd7\/uf\/1\/aHR0cHM6Ly93d3cuZmFjZWJvb2suY29tL1JvbWFldXJvcGE?_d%3D5AA%26_c%3D73e9cc72&amp;source=gmail&amp;ust=1605367025135000&amp;usg=AOvVaw2YvRkOuntbFAZOQ1Mpuqo3\">Facebook<\/a>\u00a0di Romaeuropa<\/strong><\/p>\n<p>&nbsp;<\/p>\n<p>Il\u00a0<strong>15 novembre<\/strong>\u00a0(nella data prevista per la sua chiusura ufficiale prima dell\u2019interruzione per le nuove restrizioni legate all\u2019emergenza sanitaria)\u00a0<strong>Romaeuropa Festival presenta online sulla sua pagina Facebook uno speciale evento musicale dedicato ad Andrea Belfi<\/strong>.\u00a0<strong>Dopo aver aperto le date in Europa, Stati Uniti e Canada\u00a0del\u00a0<em>Tomorrow Modern Boxes Tour<\/em>\u00a0di Thom Yorke, il batterista e compositore elettroacustico presenta in streaming dal suo studio a Berlino \u201cStrata\u201d il suo ultimo EP pubblicato dalla prestigiosa etichetta inglese Float<\/strong>.<\/p>\n<p>Gi\u00e0 collaboratore di artisti del calibro di Nils Frahm, Mike Watt e David Grubbs, Belfi si \u00e8 imposto all\u2019attenzione internazionale come un virtuoso della batteria, strumento al quale unisce un\u2019elettronica minimale per costruire un linguaggio elegante e personale.\u00a0<strong><em>Strata<\/em>\u00a0nasce da una ricerca intorno ai ritmi Gnawa, tradizione musicale nordafricana che attinge da antiche canzoni spirituali e religiose. Nasce un\u2019opera intrisa di tribalismo che promette di coinvolgere e ammaliare lo spettatore con i suoi suoni e le sue ritmiche intense<\/strong>.<\/p>\n<p>Nato in Italia\u00a0<strong>Andrea Belfi<\/strong>\u00a0\u00e8 un batterista, compositore e musicista sperimentale residente a Berlino. I suoi live miscelano abilmente acustica ed elettronica, dando vita ad esibizioni energiche ed ipnotiche, paesaggi sonori ricchi e coinvolgenti. Nel corso degli anni Belfi ha costruito un mondo sonoro che combina un set-up di batteria con una componente elettronico altrettanto minimale. Si \u00e8 imposto all\u2019attenzione internazionale sia come musicista solista che attraverso numerose collaborazioni con artisti come Nils Frahm, Mouse on Mars, J\u00f3hann J\u00f3hannsson, Mike Watt, Circuit des Yeux, David Grubbs. Si \u00e8 esibito in festival e teatri come Maison de la Radio (Parigi), Unsound Festival (Cracovia), Barbican Centre (Londra), Issue Project Room (New York) e CTM festival (Berlino). La pubblicazione del suo album\u00a0<em>Ore<\/em>\u00a0ha generato altrettanti importanti fan tra cui Mary Anne Hobbs e Gilles Peterson. Nel luglio 2019 l\u2019etichetta inglese Float ha pubblicato il suo nuovo EP,\u00a0<em>Strata<\/em>, nato come sperimentazione intorno ai ritmi Gnawa. Nello stesso anno Belfi si \u00e8 unito a Thom Yorke, come ospite speciale dei suoi dieci spettacoli in Europa per il suo\u00a0<em>Tomorrow Modern Boxes Tour<\/em>.<\/p>\n<p>&nbsp;<\/p>\n<p><em>Le attivit\u00e0 del Romaeuropa Festival fanno parte di \u201cRomarama\u201d, il programma culturale promosso da Roma Capitale. Per seguire gli aggiornamenti sui social #Romarama e #laculturaincasa<\/em><\/p>\n<p><em>\u00a0<\/em><\/p>\n","protected":false},"excerpt":{"rendered":"<div class=\"mh-excerpt\"><p>SOTTO L\u2019ALTO PATRONATO DEL PRESIDENTE DELLA REPUBBLICA Andrea Belfi \u00a0\u201cStrata\u201d Streaming dallo studio dell\u2019artista domenica 15 novembre 2020 alle ore\u00a019 \u00a0 sul canale\u00a0Facebook\u00a0di Romaeuropa &nbsp; <a class=\"mh-excerpt-more\" href=\"https:\/\/www.piuomenopop.it\/index.php\/2020\/11\/13\/romaeuropa-15-11-il-batterista-e-compositore-andrea-belfi-presenta-in-live-streaming-il-suo-ultimo-ep-strata\/\" title=\"ROMAEUROPA: 15.11 il batterista e compositore Andrea Belfi presenta in live streaming il suo ultimo EP &#8220;Strata&#8221;\">[&#8230;]<\/a><\/p>\n<\/div>","protected":false},"author":2,"featured_media":65690,"comment_status":"closed","ping_status":"closed","sticky":false,"template":"","format":"standard","meta":{"sfsi_plus_gutenberg_text_before_share":"","sfsi_plus_gutenberg_show_text_before_share":"","sfsi_plus_gutenberg_icon_type":"","sfsi_plus_gutenberg_icon_alignemt":"","sfsi_plus_gutenburg_max_per_row":"","footnotes":"","_links_to":"","_links_to_target":""},"categories":[5184,3],"tags":[12251,12252],"class_list":["post-65689","post","type-post","status-publish","format-standard","has-post-thumbnail","hentry","category-calendario-concerti","category-news","tag-andrea-belfi","tag-strata"],"aioseo_notices":[],"_links":{"self":[{"href":"https:\/\/www.piuomenopop.it\/index.php\/wp-json\/wp\/v2\/posts\/65689","targetHints":{"allow":["GET"]}}],"collection":[{"href":"https:\/\/www.piuomenopop.it\/index.php\/wp-json\/wp\/v2\/posts"}],"about":[{"href":"https:\/\/www.piuomenopop.it\/index.php\/wp-json\/wp\/v2\/types\/post"}],"author":[{"embeddable":true,"href":"https:\/\/www.piuomenopop.it\/index.php\/wp-json\/wp\/v2\/users\/2"}],"replies":[{"embeddable":true,"href":"https:\/\/www.piuomenopop.it\/index.php\/wp-json\/wp\/v2\/comments?post=65689"}],"version-history":[{"count":1,"href":"https:\/\/www.piuomenopop.it\/index.php\/wp-json\/wp\/v2\/posts\/65689\/revisions"}],"predecessor-version":[{"id":65691,"href":"https:\/\/www.piuomenopop.it\/index.php\/wp-json\/wp\/v2\/posts\/65689\/revisions\/65691"}],"wp:featuredmedia":[{"embeddable":true,"href":"https:\/\/www.piuomenopop.it\/index.php\/wp-json\/wp\/v2\/media\/65690"}],"wp:attachment":[{"href":"https:\/\/www.piuomenopop.it\/index.php\/wp-json\/wp\/v2\/media?parent=65689"}],"wp:term":[{"taxonomy":"category","embeddable":true,"href":"https:\/\/www.piuomenopop.it\/index.php\/wp-json\/wp\/v2\/categories?post=65689"},{"taxonomy":"post_tag","embeddable":true,"href":"https:\/\/www.piuomenopop.it\/index.php\/wp-json\/wp\/v2\/tags?post=65689"}],"curies":[{"name":"wp","href":"https:\/\/api.w.org\/{rel}","templated":true}]}}