{"id":66196,"date":"2021-03-04T21:57:24","date_gmt":"2021-03-04T20:57:24","guid":{"rendered":"http:\/\/www.piuomenopop.it\/?p=66196"},"modified":"2021-03-04T21:57:37","modified_gmt":"2021-03-04T20:57:37","slug":"i-diritti-sono-uno-spettacolo-stasera-la-campagna-esordisce-sul-palco-del-festival-di-sanremo-con-gli-artisti-e-i-loro-ospiti","status":"publish","type":"post","link":"https:\/\/www.piuomenopop.it\/index.php\/2021\/03\/04\/i-diritti-sono-uno-spettacolo-stasera-la-campagna-esordisce-sul-palco-del-festival-di-sanremo-con-gli-artisti-e-i-loro-ospiti\/","title":{"rendered":"I DIRITTI SONO UNO SPETTACOLO: stasera la CAMPAGNA esordisce sul PALCO DEL FESTIVAL di SANREMO con GLI ARTISTI e i LORO OSPITI"},"content":{"rendered":"<p dir=\"ltr\" style=\"text-align: center;\"><strong>\u201cI DIRITTI SONO UNO SPETTACOLO\u201d<\/strong><\/p>\n<p dir=\"ltr\" style=\"text-align: center;\"><strong>LA CAMPAGNA ESORDISCE SUL PALCO DELL\u2019ARISTON DURANTE LA 71ESIMA EDIZIONE\u00a0<\/strong><\/p>\n<p dir=\"ltr\" style=\"text-align: center;\"><strong>DEL FESTIVAL DI SANREMO\u00a0<\/strong><\/p>\n<p><strong>Gli artisti in gara e i loro ospiti, nella serata dedicata ai duetti, gioved\u00ec 4 marzo, portano sul palco i simboli della campagna che vuole tenere alta l\u2019attenzione su uno dei settori pi\u00f9 penalizzati dagli effetti della pandemia.\u00a0\u00a0<\/strong><\/p>\n<p>Lo spettacolo dal vivo \u00e8 un settore che da tempo necessita di una riforma strutturale e di un cambio di percezione volto a riconoscerne il valore culturale, produttivo &#8211; in termini economici e occupazionali &#8211; e sociale &#8211; come elemento di aggregazione di citt\u00e0, province e periferie.<\/p>\n<p>La pandemia \u00e8 stata e continua a essere per il settore culturale un acceleratore di consapevolezza: senza un intervento definitivo e il pi\u00f9 possibile unitario, le conseguenze di questa crisi saranno drammatiche e avranno ricadute insostenibili sulla vita dei lavoratori, sulla salute dell\u2019intero settore e sul PIL del nostro paese.<\/p>\n<p>In questi lunghi mesi caratterizzati dallo stop forzato delle attivit\u00e0 culturali abbiamo preso atto che teatri, cinema, live club e spazi culturali, nonostante si siano dimostrati luoghi sicuri, sono costantemente considerati attivit\u00e0 produttive sacrificabili. Avvertiamo sempre pi\u00f9 forte quanto questo settore abbia bisogno di essere compreso e considerato dalle istituzioni per poter ottenere un riconoscimento economico e sociale.<\/p>\n<p>\u00c8 passato un anno. Non c\u2019\u00e8 pi\u00f9 tempo.<\/p>\n<p>La necessit\u00e0 di questa ulteriore campagna sta non solo nei numeri &#8211; che dipingono una situazione drammatica per i lavoratori, le aziende e le realt\u00e0 da cui \u00e8 composto il settore &#8211; ma anche nella preoccupante mancanza, nel corso dell\u2019ultimo anno, di un metodo meno randomico di programmazione dei ristori e gestione delle risorse dedicate. A poco pi\u00f9 di un anno dall\u2019inizio del fermo non ci sono ancora ammortizzatori congrui per i lavoratori e le realt\u00e0 del settore; i lavoratori subiscono ancora gli effetti di imperdonabili lungaggini nella ricezione degli indennizzi a causa dei ritardi da parte dell\u2019INPS. Quello che ci si aspetta nelle prossime settimane \u00e8 che il ministero si impegni a stabilire un meccanismo di ristori ponderati su fatturati e costi di struttura, incrociando i dati che ormai dopo un anno dovrebbe aver acquisito; che i ristori vengano distribuiti equamente tra le parti in causa affinch\u00e9 non siano pi\u00f9 istituiti fondi di pari stanziamento che in un caso sono da dividere tra pochi e nell\u2019altro sono da dividere tra innumerevoli soggetti.<\/p>\n<p dir=\"ltr\">Il nostro lavoro si basa sul metodo e sulla pianificazione ed \u00e8 il momento per lo Stato di rispondere al settore con lo stesso rigore: organizzazione del cambiamento ossia individuazione dei temi specifici e calendarizzazione degli argomenti affinch\u00e9 la riforma di settore sia avviata definitivamente; creazione di un\u2019agenda pubblica degli argomenti trattati e individuazione delle scadenze; adeguamenti dei protocolli agli spazi che &#8211; per la variet\u00e0 di cui \u00e8 composto il settore e per la particolarit\u00e0 delle specifiche messe in scena &#8211; non sono tutti uguali, non possono essere accorpati e necessitano di linee guida differenti; accompagnamento alla ripartenza per chi apre pur di creare lavoro, regole chiare sul ristoro del mancato incasso e dei maggiori costi sostenuti per rispettare i protocolli sanitari.<\/p>\n<p dir=\"ltr\">L\u2019Unione Europea ha gi\u00e0 dato raccomandazioni e indirizzi sulla necessit\u00e0 e l\u2019urgenza di dotarsi di uno Statuto Sociale degli Artisti. Sono state depositate in Parlamento proposte di legge sullo Statuto dei Lavoratori\u00a0 alle quali hanno collaborato molti operatori del settore ponendo al centro\u00a0 la discontinuit\u00e0, caratteristica principale del nostro lavoro.<\/p>\n<p dir=\"ltr\">Ch\u00e9 i tavoli di lavoro gi\u00e0 istituiti partano da queste proposte per dare delle risposte strutturali che risolvano l\u2019emergenza e\u00a0 &#8211; attraverso la riforma &#8211;\u00a0 offrano una prospettiva certa al settore.<\/p>\n<p dir=\"ltr\">Non c\u2019\u00e8 pi\u00f9 tempo!<\/p>\n<p>Tutte le info su\u00a0<a href=\"http:\/\/www.idirittisonounospettacolo.it\/\" target=\"_blank\" rel=\"noopener noreferrer\" data-saferedirecturl=\"https:\/\/www.google.com\/url?q=http:\/\/www.idirittisonounospettacolo.it&amp;source=gmail&amp;ust=1614977776450000&amp;usg=AFQjCNFMoDrnibaAmRRK-K3I6rosIwmmgQ\">www.idirittisonounospettacolo.<wbr \/>it<\/a><\/p>\n","protected":false},"excerpt":{"rendered":"<div class=\"mh-excerpt\"><p>\u201cI DIRITTI SONO UNO SPETTACOLO\u201d LA CAMPAGNA ESORDISCE SUL PALCO DELL\u2019ARISTON DURANTE LA 71ESIMA EDIZIONE\u00a0 DEL FESTIVAL DI SANREMO\u00a0 Gli artisti in gara e i <a class=\"mh-excerpt-more\" href=\"https:\/\/www.piuomenopop.it\/index.php\/2021\/03\/04\/i-diritti-sono-uno-spettacolo-stasera-la-campagna-esordisce-sul-palco-del-festival-di-sanremo-con-gli-artisti-e-i-loro-ospiti\/\" title=\"I DIRITTI SONO UNO SPETTACOLO: stasera la CAMPAGNA esordisce sul PALCO DEL FESTIVAL di SANREMO con GLI ARTISTI e i LORO OSPITI\">[&#8230;]<\/a><\/p>\n<\/div>","protected":false},"author":2,"featured_media":66198,"comment_status":"closed","ping_status":"closed","sticky":false,"template":"","format":"standard","meta":{"sfsi_plus_gutenberg_text_before_share":"","sfsi_plus_gutenberg_show_text_before_share":"","sfsi_plus_gutenberg_icon_type":"","sfsi_plus_gutenberg_icon_alignemt":"","sfsi_plus_gutenburg_max_per_row":"","footnotes":"","_links_to":"","_links_to_target":""},"categories":[3,1],"tags":[],"class_list":["post-66196","post","type-post","status-publish","format-standard","has-post-thumbnail","hentry","category-news","category-senza-categoria"],"aioseo_notices":[],"_links":{"self":[{"href":"https:\/\/www.piuomenopop.it\/index.php\/wp-json\/wp\/v2\/posts\/66196","targetHints":{"allow":["GET"]}}],"collection":[{"href":"https:\/\/www.piuomenopop.it\/index.php\/wp-json\/wp\/v2\/posts"}],"about":[{"href":"https:\/\/www.piuomenopop.it\/index.php\/wp-json\/wp\/v2\/types\/post"}],"author":[{"embeddable":true,"href":"https:\/\/www.piuomenopop.it\/index.php\/wp-json\/wp\/v2\/users\/2"}],"replies":[{"embeddable":true,"href":"https:\/\/www.piuomenopop.it\/index.php\/wp-json\/wp\/v2\/comments?post=66196"}],"version-history":[{"count":3,"href":"https:\/\/www.piuomenopop.it\/index.php\/wp-json\/wp\/v2\/posts\/66196\/revisions"}],"predecessor-version":[{"id":66200,"href":"https:\/\/www.piuomenopop.it\/index.php\/wp-json\/wp\/v2\/posts\/66196\/revisions\/66200"}],"wp:featuredmedia":[{"embeddable":true,"href":"https:\/\/www.piuomenopop.it\/index.php\/wp-json\/wp\/v2\/media\/66198"}],"wp:attachment":[{"href":"https:\/\/www.piuomenopop.it\/index.php\/wp-json\/wp\/v2\/media?parent=66196"}],"wp:term":[{"taxonomy":"category","embeddable":true,"href":"https:\/\/www.piuomenopop.it\/index.php\/wp-json\/wp\/v2\/categories?post=66196"},{"taxonomy":"post_tag","embeddable":true,"href":"https:\/\/www.piuomenopop.it\/index.php\/wp-json\/wp\/v2\/tags?post=66196"}],"curies":[{"name":"wp","href":"https:\/\/api.w.org\/{rel}","templated":true}]}}