{"id":66222,"date":"2021-03-08T19:32:16","date_gmt":"2021-03-08T18:32:16","guid":{"rendered":"http:\/\/www.piuomenopop.it\/?p=66222"},"modified":"2021-03-08T19:32:16","modified_gmt":"2021-03-08T18:32:16","slug":"singolarmente-basta-che-se-ne-parli-di-cance","status":"publish","type":"post","link":"https:\/\/www.piuomenopop.it\/index.php\/2021\/03\/08\/singolarmente-basta-che-se-ne-parli-di-cance\/","title":{"rendered":"[SINGOLARMENTE] &#8220;Basta che se ne parli&#8221; di Cance"},"content":{"rendered":"<blockquote><p>Piuomenopop per scelta editoriale non ha mai pubblicato contenuti su singoli. Ci siamo resi conto negli ultimi tempi che il momento particolare porta il mondo della musica a reinventarsi e a proporre diversamente i suoi contenuti\u2026cos\u00ec abbiamo fatto anche noi\u00a0&#x1f642;<br \/>\n\u00c8 per questo che nasce la rubrica SINGOLARMENTE, che non parla di album e live (e della seconda sappiamo perch\u00e8), ma delle piccole gocce che i vari artisti stanno rilasciando nel mare magnum della musica: i singoli.<\/p><\/blockquote>\n<p>&nbsp;<\/p>\n<p>Giulia Cancedda, in arte <a href=\"https:\/\/www.facebook.com\/canceofficial\" target=\"_blank\" rel=\"noopener noreferrer\"><strong>Cance<\/strong><\/a>, \u00e8 una cantautrice Pop dal respiro R&amp;B. Diplomatasi in Canto Jazz, nel 2016 lascia il suo paese per avventurarsi nella metropoli londinese, dove vive per due anni; nel corso di questa esperienza,\u00a0<span class=\"il\">Cance<\/span>\u00a0riesce a conquistarsi un posto tra i finalisti di \u201cGIGS\u201d, la pi\u00f9 grande competizione di artisti di strada che si tiene ogni anno in Inghilterra. Consegue inoltre un Master in Popular Music Performance, torna in Italia e pubblica il suo primo singolo \u201cConosci?\u201d. Il brano la porta a vincere il Premio \u201cLa Musica Pu\u00f2\u201d (di SIAE e Mibact), assegnato al 1\u00b0 classificato UNDER 35 del Premio \u201cMusica Contro le Mafie 10 ed.\u201d (2019). Nel 2020 esce il suo secondo singolo, \u201cSakura\u201d, finalista al Premio Lunezia. A settembre dello stesso anno \u00e8 tra i residenti di \u201cSound Bocs\u201d, la prima Music Farm a sfondo civile mai realizzata in Europa.<br \/>\nDal 4 dicembre il primo EP di\u00a0<span class=\"il\">Cance<\/span>\u00a0\u201cOrablu\u201d \u00e8 disponibile su tutte le piattaforme digitali.<\/p>\n<p>Qui una mini intervista.<\/p>\n<p>&nbsp;<\/p>\n<p><strong>Da dove nasce la scelta di pubblicare un singolo in un momento cos\u00ec delicato dove non si pu\u00f2 suonare dal vivo?<\/strong><\/p>\n<p>Proprio perch\u00e8 non si pu\u00f2 suonare dal vivo, \u00e8 importante mantenere attiva la propria presenza sul web, per non rovinare tutto quello che si \u00e8 costruito nel tempo. Vero \u00e8 che in questo periodo, continuare ad investire su un progetto creando nuovi contenuti comporta tanti sacrifici, perch\u00e8 le entrate sono poche. Noi artisti emergenti siamo supportati all&#8217;inizio da una ristretta ma affiatata fan base, composta per di pi\u00f9 da amici e conoscenti, con cui si crea un rapporto prima di tutto umano. Il pubblico si affeziona al progetto di un artista ma anche all&#8217;artista stesso, e come tutte le relazioni anche queste vanno continuamente annaffiate, se non le si vuole vedere appassire. I nuovi fan inoltre, le persone che abbiamo conquistato per esempio con un singolo e hanno cominciato a seguirci, si aspetteranno delle conferme dai nostri prossimi lavori: la costanza \u00e8 fondamentale per confermare il proprio pubblico. In virt\u00f9 di ci\u00f2 e non solo condivido la scelta di \u00a0<strong><a href=\"https:\/\/www.musicacontrolemafie.it\/\" target=\"_blank\" rel=\"noopener noreferrer\">Musica contro le mafie<\/a><\/strong> di scaglionare l&#8217;uscita dei nostri singoli per poi riunirli, alla fine, in una compilation che conferma la creazione di un &#8220;noi&#8221;. Facendo cos\u00ec stiamo riuscendo a dare pi\u00f9 valore e risonanza a ci\u00f2 che di bello abbiamo realizzato, ai singoli brani e contenuti, supportandoci l&#8217;un l&#8217;altro ad ogni singola uscita. Aggiungo che in questo momento cos\u00ec difficile, pubblicare musica e avere un riscontro dalle persone fa davvero piacere e aiuta a resistere e non perdere di vista i propri obiettivi, guardando con fiducia al futuro.<\/p>\n<p><strong>Raccontaci un po\u2019 di questo brano, quali sono le tematiche che lo hanno ispirato?\u00a0<\/strong><\/p>\n<p>Grazie a <strong><a href=\"http:\/\/www.piuomenopop.it\/index.php\/2020\/08\/26\/sound-bocs-la-prima-music-farm-a-sfondo-civile-di-musica-contro-le-mafie-prendera-il-via-il-6-settembre\/\" target=\"_blank\" rel=\"noopener noreferrer\">\u201cSound Bocs\u201d<\/a><\/strong> e Musica Contro le Mafie ho avuto modo di realizzare un brano su una tematica che mi stava molto a cuore. La canzone \u00e8 una riflessione sul rapporto quasi maniacale che tutti noi abbiamo con i social network. Mi hanno ispirata, tempo fa, alcuni servizi de &#8220;Le Iene&#8221; riguardanti le sfide social tra adolescenti, dai selfie estremi alla Blackout challenge, di cui purtroppo abbiamo sentito recentemente parlare, ed episodi come quello del rapper &#8220;fratell\u00ec&#8221;, diventato virale tra i ragazzi per essersi schiantato contro un muro a grande velocit\u00e0. Mi sono chiesta: perch\u00e8 si \u00e8 disposti a fare di tutto pur di far parlare di s\u00e8? Perch\u00e8 ci si spinge oltre i propri limiti, talvolta rischiando anche la vita, per avere quei quindici secondi di notoriet\u00e0 nelle stories (i nuovi &#8220;quindici minuti&#8221; di Andy Warhol) che poi \u00e8 destinata a svanire, essendo costruita sul nulla? Occorre avere pi\u00f9 senso critico, pi\u00f9 consapevolezza nei confronti di ci\u00f2 che si incontra sul web e questo vale sia per i giovani che per gli adulti. I social possono essere veramente utili se usati nel modo giusto, permettendoci di diffondere ed amplificare le buone pratiche e i valori in cui crediamo, far conoscere la propria arte, il proprio talento. Ci\u00f2 che di buono predichiamo sui social dobbiamo per\u00f2 anche essere in grado di dimostrarlo poi nel mondo reale, perch\u00e8 \u00e8 l\u00ec che ci si fanno le vere cicatrici, che si viene messi alla prova. Nel videoclip del brano ho deciso appositamente di fare interagire il reale, rappresentato dalla mia parte in &#8220;live action&#8221;, con il virtuale, ovvero le animazioni realizzate da Chiara Seveso e Asia Allegretti, che raffigurano personaggi allegorici intenti a parodiare gli episodi a cui faccio riferimento nella canzone.<\/p>\n<p><strong>Come \u00e8 stato il lavoro di produzione in questo periodo? Avete dovuto lavorare da remoto?\u00a0<\/strong><\/p>\n<p>Per fortuna, nonostante il periodo, siamo riusciti a fare tutto in presenza ai Bocs Art di Cosenza. Io e gli altri artisti residenti abbiamo composto, arrangiato e registrato i brani proprio in quelle due settimane con l&#8217;aiuto dei coach, degli ospiti, dello staff e dei tecnici. E&#8217; stato bello poter collaborare in studio con dei veri professionisti e devo dire anche che \u00e8 stata una bella sfida, dal momento che abbiamo dovuto ottimizzare il poco tempo disponibile, cercando di avere subito le idee chiare sul risultato finale che volevamo ottenere. Una volta terminata l&#8217;esperienza ci siamo poi sentiti per confrontarci e apporre gli ultimi ritocchi ai brani da remoto.<\/p>\n<p><strong>Questo brano anticipa qualcosa? Uscir\u00e0 anche un album nel prossimo futuro?<\/strong><\/p>\n<p><em><strong>&#8220;Basta che se ne parli&#8221;<\/strong><\/em> far\u00e0 parte della &#8220;Sound Bocs Compilation&#8221;, che conterr\u00e0 i brani di tutti e dieci i residenti di Sound Bocs. Uscir\u00e0 inoltre un fantastico diario, il <a href=\"http:\/\/www.piuomenopop.it\/index.php\/2021\/01\/26\/a-marzo-sara-disponibile-sound-bocs-diary-libro-di-lettura-aumentata-che-contiene-racconti-fotografie-video-e-una-compilation-di-brani-realizzati-dai-dieci-artisti-residenti-di-sound-bocs-d\/\" target=\"_blank\" rel=\"noopener noreferrer\">&#8220;Sound Bocs Diary&#8221;<\/a>,\u00a0 presentato a Casa Sanremo nella settimana del 71\u00b0 Festival della Canzone Italiana. Questo oggetto prezioso conterr\u00e0 i nostri brani, che si potranno ascoltare tramite QR code, il nostro &#8220;caro diario&#8221; quotidiano scritto durante le giornate di residenza, nonch\u00e8 fotografie, video e molto altro. Insomma, sar\u00e0 un bellissimo ricordo per noi e un libro interessante e denso di emozioni per chi lo legger\u00e0.<\/p>\n<p><strong>Cosa possono fare i tuoi ascoltatori per supportarti in questo periodo complicato?<\/strong><\/p>\n<p>Possono ascoltare la nostra musica sino allo sfinimento e farci conoscere ad altri amici; gli amici a loro volta potrebbero fare la stessa cosa con altri amici e insomma..avanti cos\u00ec!! \ud83d\ude42<\/p>\n<p style=\"text-align: center;\"><iframe loading=\"lazy\" src=\"https:\/\/www.youtube.com\/embed\/HAmptWWropY\" width=\"560\" height=\"315\" frameborder=\"0\" allowfullscreen=\"allowfullscreen\"><\/iframe><\/p>\n<p>&nbsp;<\/p>\n<p style=\"text-align: center;\">Leggi anche: <a href=\"http:\/\/www.piuomenopop.it\/index.php\/2020\/09\/08\/musica-contro-le-mafie-sound-bocs-diary-primo-giorno-cance\/\" target=\"_blank\" rel=\"noopener noreferrer\">SOUND BOCS DIARY \u2013 Primo giorno: Cance<\/a><\/p>\n","protected":false},"excerpt":{"rendered":"<div class=\"mh-excerpt\"><p>Piuomenopop per scelta editoriale non ha mai pubblicato contenuti su singoli. Ci siamo resi conto negli ultimi tempi che il momento particolare porta il mondo <a class=\"mh-excerpt-more\" href=\"https:\/\/www.piuomenopop.it\/index.php\/2021\/03\/08\/singolarmente-basta-che-se-ne-parli-di-cance\/\" title=\"[SINGOLARMENTE] &#8220;Basta che se ne parli&#8221; di Cance\">[&#8230;]<\/a><\/p>\n<\/div>","protected":false},"author":2,"featured_media":64882,"comment_status":"closed","ping_status":"closed","sticky":false,"template":"","format":"standard","meta":{"sfsi_plus_gutenberg_text_before_share":"","sfsi_plus_gutenberg_show_text_before_share":"","sfsi_plus_gutenberg_icon_type":"","sfsi_plus_gutenberg_icon_alignemt":"","sfsi_plus_gutenburg_max_per_row":"","footnotes":"","_links_to":"","_links_to_target":""},"categories":[4,8,12215],"tags":[11124],"class_list":["post-66222","post","type-post","status-publish","format-standard","has-post-thumbnail","hentry","category-interviste","category-uscite","category-singolarmente","tag-cance"],"aioseo_notices":[],"_links":{"self":[{"href":"https:\/\/www.piuomenopop.it\/index.php\/wp-json\/wp\/v2\/posts\/66222","targetHints":{"allow":["GET"]}}],"collection":[{"href":"https:\/\/www.piuomenopop.it\/index.php\/wp-json\/wp\/v2\/posts"}],"about":[{"href":"https:\/\/www.piuomenopop.it\/index.php\/wp-json\/wp\/v2\/types\/post"}],"author":[{"embeddable":true,"href":"https:\/\/www.piuomenopop.it\/index.php\/wp-json\/wp\/v2\/users\/2"}],"replies":[{"embeddable":true,"href":"https:\/\/www.piuomenopop.it\/index.php\/wp-json\/wp\/v2\/comments?post=66222"}],"version-history":[{"count":1,"href":"https:\/\/www.piuomenopop.it\/index.php\/wp-json\/wp\/v2\/posts\/66222\/revisions"}],"predecessor-version":[{"id":66223,"href":"https:\/\/www.piuomenopop.it\/index.php\/wp-json\/wp\/v2\/posts\/66222\/revisions\/66223"}],"wp:featuredmedia":[{"embeddable":true,"href":"https:\/\/www.piuomenopop.it\/index.php\/wp-json\/wp\/v2\/media\/64882"}],"wp:attachment":[{"href":"https:\/\/www.piuomenopop.it\/index.php\/wp-json\/wp\/v2\/media?parent=66222"}],"wp:term":[{"taxonomy":"category","embeddable":true,"href":"https:\/\/www.piuomenopop.it\/index.php\/wp-json\/wp\/v2\/categories?post=66222"},{"taxonomy":"post_tag","embeddable":true,"href":"https:\/\/www.piuomenopop.it\/index.php\/wp-json\/wp\/v2\/tags?post=66222"}],"curies":[{"name":"wp","href":"https:\/\/api.w.org\/{rel}","templated":true}]}}