{"id":66536,"date":"2021-05-11T17:32:25","date_gmt":"2021-05-11T15:32:25","guid":{"rendered":"http:\/\/www.piuomenopop.it\/?p=66536"},"modified":"2021-05-11T17:32:25","modified_gmt":"2021-05-11T15:32:25","slug":"ferrara-sotto-le-stelle-ecco-la-line-up-completa-della-xxv-ed-dal-30-06-al-4-07-con-shame-iosonouncane-venerus-e-molti-altri","status":"publish","type":"post","link":"https:\/\/www.piuomenopop.it\/index.php\/2021\/05\/11\/ferrara-sotto-le-stelle-ecco-la-line-up-completa-della-xxv-ed-dal-30-06-al-4-07-con-shame-iosonouncane-venerus-e-molti-altri\/","title":{"rendered":"FERRARA SOTTO LE STELLE: ecco la line up completa della XXV ed. Dal 30\/06 al 4\/07 con Shame, Iosonouncane, Venerus e molti altri"},"content":{"rendered":"<p align=\"center\"><strong>FERRARA SOTTO LE STELLE 2021<br \/>\n<em>XXV edizione<\/em><\/strong><strong><br \/>\n<\/strong><\/p>\n<p align=\"center\"><strong>Ecco la line up completa della storica rassegna<\/strong><br \/>\n<strong>che si evolve in un boutique festival<\/strong>\u00a0<strong>attento al futuro e alla cultura green<\/strong><\/p>\n<p align=\"center\"><strong>SHAME | IOSONOUNCANE | MASSIMO VOLUME<br \/>\nVENERUS | LA RAPPRESENTANTE DI LISTA | MECNA<\/strong><\/p>\n<p align=\"center\"><strong>e poi ancora<\/strong><\/p>\n<p align=\"center\"><strong>GENERIC ANIMAL | POST NEBBIA<br \/>\nLAILA AL HABASH | VIERI CERVELLI MONTEL<\/strong><\/p>\n<p align=\"center\"><strong>30 giugno \u2013 4 luglio<br \/>\nParco Massari \u2013 Ferrara<\/strong><\/p>\n<p align=\"center\"><a href=\"https:\/\/gdgpress.voxmail.it\/nl\/pvwqdx\/hwevz0\/wx1ggd7\/uf\/1\/aHR0cHM6Ly93d3cuZmFjZWJvb2suY29tL2V2ZW50cy8xOTUyMTg3ODExNjA1MTkx?_d=649&amp;_c=41588001\" target=\"_blank\" rel=\"noopener noreferrer\" data-saferedirecturl=\"https:\/\/www.google.com\/url?q=https:\/\/gdgpress.voxmail.it\/nl\/pvwqdx\/hwevz0\/wx1ggd7\/uf\/1\/aHR0cHM6Ly93d3cuZmFjZWJvb2suY29tL2V2ZW50cy8xOTUyMTg3ODExNjA1MTkx?_d%3D649%26_c%3D41588001&amp;source=gmail&amp;ust=1620803114275000&amp;usg=AFQjCNGIUD2yvxsfmUDCTVHL6GJxiSmV9w\"><strong>https:\/\/www.facebook.com\/<wbr \/>events\/1952187811605191<\/strong><\/a><\/p>\n<p align=\"center\"><strong>biglietti: 20,00\u20ac + d.p.<\/strong><\/p>\n<p align=\"center\"><img loading=\"lazy\" decoding=\"async\" class=\"CToWUd a6T\" tabindex=\"0\" src=\"https:\/\/ci6.googleusercontent.com\/proxy\/GnKq9gcWBGsLlvo3C0LmiscQ97BmH2ry9I95eLIizOYvW9WUPZ7teN3lEeyQqx2Uzvkcz57nd9ANcgWQggG0YsFm-UFgIidw3B4vjbJXIsr90ksSpYw3Ro9Aic6NCzWWO9dZWGtJHNLptOLFMLLiZa9nd81iYrpBGRiEk43PSby8pWMgUvctJg=s0-d-e1-ft#http:\/\/gdgpress.voxmail.it\/rsp\/pvwqdx\/content\/iosonouncane_ira_press-3_photo_silvia_cesari__1_.jpg?_d=649&amp;_c=c487015f\" width=\"750\" height=\"498\" \/><\/p>\n<p align=\"center\">(IOSONOUNCANE &#8211; foto di Silvia Cesari)<\/p>\n<p align=\"center\"><img loading=\"lazy\" decoding=\"async\" class=\"CToWUd a6T\" tabindex=\"0\" src=\"https:\/\/ci6.googleusercontent.com\/proxy\/KzpDLR_I3fYBIgR_UdSjDmhBg5dc_ZYqXxbEaxj6Sgw5UzHNcnxv7Vg35SI9gdD1HkdvNVYBcbaDs0rQumD3_BxwQKbhyJqtUPiVxvdbJP4VXoqBhv0nLLtS_VBCTV36Uq8__k86mEv1=s0-d-e1-ft#http:\/\/gdgpress.voxmail.it\/rsp\/pvwqdx\/content\/shame_press_pic_2.jpg?_d=649&amp;_c=9b60a220\" width=\"750\" height=\"1000\" \/><\/p>\n<p align=\"center\">(Shame)<\/p>\n<p align=\"center\"><img loading=\"lazy\" decoding=\"async\" class=\"CToWUd a6T\" tabindex=\"0\" src=\"https:\/\/ci5.googleusercontent.com\/proxy\/iwAS7KMFIrQuyPkl0a6ipYOgv7JJ6VkA6YY67duoT1R1rAtKpmHTKVhtBrnQoQdDglpjYDRKpMYpDbdIOC0kbKTxP1SQLo1tgNF4D85T44xgRx82Z4Oc48vsTOHpCgpT4V29=s0-d-e1-ft#http:\/\/gdgpress.voxmail.it\/rsp\/pvwqdx\/content\/venerus__1_.jpg?_d=649&amp;_c=0e18a44d\" width=\"750\" height=\"1000\" \/><\/p>\n<p align=\"center\">(Venerus)<\/p>\n<p align=\"center\"><img loading=\"lazy\" decoding=\"async\" class=\"CToWUd a6T\" tabindex=\"0\" src=\"https:\/\/ci6.googleusercontent.com\/proxy\/v6n0Bf-TPOkM9JP8eI-WO9mQxmiL1RzLV2Pk1--pr-obxXT6uujDJG9KwOI8VuzYlAtuhMoyEtuWHmg1Gdflowm2VqsDST8Ul8ZqyJ0xeSYOw91Cs0YGfiQfqQrS8U0ghITSrDAE88wN_5eWrUWRt9o=s0-d-e1-ft#http:\/\/gdgpress.voxmail.it\/rsp\/pvwqdx\/content\/lrld_-_ph_manuela_di_pisa.jpg?_d=649&amp;_c=f78a4cdc\" width=\"750\" height=\"500\" \/><\/p>\n<p align=\"center\">(La Rappresentante di Lista &#8211; foto di Manuela Di Pisa)<\/p>\n<p>Un festival rinnovato, immerso nel verde urbano di una straordinaria citt\u00e0 d\u2019arte, che guarda al futuro con uno sguardo pi\u00f9 attento alla sostenibilit\u00e0, all\u2019innovazione, all\u2019inclusivit\u00e0 e maggiormente rivolto alle generazioni pi\u00f9 giovani.<\/p>\n<p>Fra le primissime realt\u00e0 italiane a confermare la ripartenza,<strong>\u00a0<\/strong>torna<strong>\u00a0dal 30 giugno al 4 luglio<\/strong>\u00a0<strong>Ferrara Sotto le Stelle,\u00a0<\/strong>lo storico\u00a0<strong>festival<\/strong>\u00a0giunto alla\u00a0<strong>XXV edizione<\/strong>\u00a0e che dal 2020 vede la\u00a0<strong>direzione artistica<\/strong>\u00a0di\u00a0<strong>Corrado Nuccini<\/strong>.<\/p>\n<p>Importante novit\u00e0 di questa edizione, il Festival si sposta dalla storica Piazza Castello per immergersi nel verde del prestigioso parco cittadino\u00a0<strong>Parco Massari<\/strong>. Un luogo accogliente e pi\u00f9 adeguato al tempo pandemico, che ospiter\u00e0 una line up da vero boutique festival: i neo-alfieri del post-punk britannico\u00a0<strong>Shame<\/strong>, il grande eretico\u00a0<strong>Iosonouncane\u00a0<\/strong>con la<strong>\u00a0prima tappa del suo attesissimo nuovo tour,\u00a0<\/strong>i pilastri della musica alternativa italiana\u00a0<strong>Massimo Volume,\u00a0<\/strong>il vero sovrano del nu-soul\u00a0<strong>Venerus,<\/strong>\u00a0il duo pi\u00f9 fluido della nuova scena indie\u00a0<strong>La Rappresentante di Lista\u00a0<\/strong>e il sofisticato rapper\/cantautore<strong>\u00a0Mecna.\u00a0<\/strong>A questi, si aggiungono i nomi di artisti che con le loro innovazioni stanno donando ulteriore luce a un momento gi\u00e0 molto fervido per la musica italiana:\u00a0<strong>Generic Animal\u00a0<\/strong>con il suo rap sghembo e malinconico, il pop psichedelico dei<strong>\u00a0Post Nebbia<\/strong>, la straordinaria miscela sonora di<strong>\u00a0Laila Al Habash\u00a0<\/strong>e, infine, il promettente musicista e graphic designer\u00a0<strong>Vieri Cervelli Montel.<\/strong><\/p>\n<p><strong>Un<\/strong><strong>a settimana densa di concerti imperdibili,<\/strong>\u00a0immersi nelle atmosfere rilassate del parco, tra teli colorati e materiali green, nel pieno rispetto dei protocolli anti-covid per garantire sicurezza a pubblico, artisti e tecnici.<\/p>\n<p>Ferrara Sotto le Stelle non sar\u00e0 solo musica live: il festival, infatti, propone<strong>\u00a0anche workshop per bambini e adolescenti, incontri\u00a0<\/strong>e<strong>\u00a0talk<\/strong>, senza dimenticare le\u00a0<strong>sonorizzazioni del parco urbano<\/strong>. Ci sar\u00e0 inoltre la possibilit\u00e0 di usufruire di sconti per musei, mostre e soggiorni a Ferrara, in modo da\u00a0<strong>fondere sempre di pi\u00f9 il festival con la sua citt\u00e0 e con il territorio che abita<\/strong>, in\u00a0<strong>uno straordinario dialogo ideale fra cultura contemporanea e un patrimonio storico artistico famoso in tutto il mondo<\/strong>.<\/p>\n<p>\u201c<em>L\u2019edizione del 2021 sar\u00e0 seminale:\u00a0<strong>nuova location e nuovo format<\/strong>\u00a0per la storica rassegna che festeggia la 25\u00b0 edizione guardando al futuro ed investendo, non sono sull\u2019edizione in corso, ma sul futuro del festival stesso\u201d<\/em>\u00a0afferma il direttore artistico, che aggiunge:\u00a0<em>\u201cIl nostro impegno \u00e8 realizzare\u00a0<strong>un festival in grado di interpretare le trasformazioni del mondo, un festival attento al digitale e alla cultura green<\/strong>\u201d.<\/em><\/p>\n<p align=\"center\"><strong><u>PROGRAMMA<\/u><\/strong><\/p>\n<p><strong>Mercoled\u00ec 30 giugno<\/strong>\u00a0il festival si apre con la prima tappa di uno dei tour pi\u00f9 attesi della stagione: quello di\u00a0<strong>IOSONOUNCANE<\/strong>, che porta sul palco il suo nuovo album\u00a0<em>Ira<\/em>. Un\u2019opera monumentale alla quale Jacopo Incani ha lavorato per cinque anni, scrivendo e arrangiando ogni singola parte, nota, accento e delineando la sua figura di compositore e arrangiatore, andando ben oltre quella di cantautore e producer. Il risultato \u00e8 un meraviglioso paesaggio sonoro, fitto e sconfinato, in cui si intrecciano elettronica, psichedelia, echi del Maghreb e reminiscenze jazz.<br \/>\nAd aprire il concerto\u00a0<strong>Vieri Cervelli Montel,<\/strong>\u00a0promettente e ispirato musicista di base a Firenze.<\/p>\n<p><strong>Gioved\u00ec 1\u00b0 luglio<\/strong>\u00a0\u00e8 la volta degli\u00a0<strong>Shame,\u00a0<\/strong>uno dei gruppi che negli ultimi anni ha ridato vigore alla scena post-punk britannica: il quintetto di South London arriva a Ferrara nel suo\u00a0<strong>primo live italiano nel 2021<\/strong>\u00a0per presentare\u00a0<em>DRUNK TANK PINK<\/em>, il loro secondo album uscito a gennaio 2021 e prodotto da\u00a0<strong>James Ford<\/strong>\u00a0(<strong>Arctic Monkeys<\/strong>,\u00a0<strong>Foals<\/strong>,\u00a0<strong>Florence and the Machine<\/strong>,\u00a0<strong>Depeche Mode<\/strong>, fra gli altri). Un disco potente, ruvido e irrequieto, audace e ambizioso, che respira quell\u2019aria sospesa di un Paese travolto dalla Brexit e dalla pandemia.<br \/>\nInsieme a loro i\u00a0<strong>Massimo Volume<\/strong>, band che ha fatto la storia della musica alternativa italiana con la sua originale miscela di voce, parlato e trame post-punk. Un pilastro della scena indipendente del nostro Paese che FSLS ospita per il suo\u00a0<strong>unico concerto estivo<\/strong>, che spazier\u00e0 dal capolavoro d\u2019esordio\u00a0<em>Stanze<\/em>\u00a0al loro ultimo album\u00a0<em>Il nuotatore<\/em>\u00a0che ha conquistato pubblico e critica.<\/p>\n<p><strong>Venerd\u00ec 2 luglio<\/strong>\u00a0protagonista\u00a0<strong>La Rappresentante di Lista<\/strong>, band nata dall\u2019incontro tra la cantante Veronica Lucchesi e il polistrumentista Dario Mangiaracina, reduce dal successo della partecipazione al Festival di Sanremo 2021 con\u00a0<em>Amare<\/em>\u00a0e del suo nuovo album\u00a0<em>My Mamma<\/em>: un disco libero, fluido, accogliente e contaminato dalla creativita\u0300 di quella che inizia a prendere la forma di un vero e proprio collettivo artistico.<br \/>\nIn apertura i\u00a0<strong>Post Nebbia<\/strong>, band padovana che con il suo ultimo album Canale Paesaggi si \u00e8 conquistata un posto d\u2019onore nella scena indipendente nostrana. Bassi funkettoni, ritmi ipnotici, tastierine acide, fulminei accenni di virate jazz: un pop psichedelico di rara eleganza compositiva, sicuramente influenzato dallo stile internazionale di gente come\u00a0<strong>Tame Impala<\/strong>\u00a0e\u00a0<strong>MGMT.<\/strong><\/p>\n<p><strong>Sabato 3 luglio<\/strong>\u00a0il Parco Massari ospita invece\u00a0<strong>Mecna<\/strong>, una delle voci pi\u00f9 importanti della scena rap italiana, capace di raccontarsi in modo intimo e personale attraverso produzioni eleganti, caratterizzate da tappeti elettronici e atmosfere soffuse che unite alle liriche autobiografiche ma mai autoreferenziali creano uno stile inedito e inconfondibile, come ha dimostrato ancora una volta nel suo ultimo successo discografico\u00a0<em>Mentre Nessuno Guarda<\/em>\u00a0e nei recenti singoli\u00a0<em>Soli<\/em>\u00a0e\u00a0<em>Mille Cose<\/em>.<br \/>\nPrima di lui salir\u00e0 sul palco\u00a0<strong>Generic Animal<\/strong>, al secolo Luca Galizia, per presentare il suo\u00a0<em>Presto<\/em>: un disco che \u00e8 un romanzo di formazione in musica di una generazione liquida, creato con sincerit\u00e0 e libert\u00e0 assolute, usando la lingua italiana in modo iper-creativo.<\/p>\n<p><strong>Domenica 4 luglio<\/strong>\u00a0il festival si chiude con\u00a0<strong>Venerus<\/strong>. Artista milanese eclettico e raffinato, capace di dare vita a un sound caleidoscopico e impossibile da etichettare, porter\u00e0 dal vivo le atmosfere oniriche di\u00a0<em>Magica Musica<\/em>, il suo primo disco, che conduce in un viaggio spazio-temporale tra soul, r\u2019n\u2019b ed elettronica, sfociando nel linguaggio del pop in modo del tutto inedito e che \u00e8 riuscito a incantare pubblico e critica.<br \/>\nIn apertura,<strong>\u00a0Laila Al Habash<\/strong>, cantautrice italo-palestinese classe 1998 che con il suo Ep d\u2019esordio\u00a0<em>Moquette<\/em>, prodotto da Stabber e Niccol\u00f2 Contessa, si \u00e8 affermata come uno dei nomi pi\u00f9 promettenti del panorama musicale italiano.<\/p>\n<p align=\"center\"><strong>***<\/strong><\/p>\n<p>Ferrara Sotto Le Stelle prosegue anche nel suo\u00a0<strong>percorso di digitalizzazione<\/strong>\u00a0e consolida quell\u2019idea di\u00a0<strong>\u201cfare sistema\u201d<\/strong>\u00a0nata subito dopo lo scoppio della pandemia: \u201c<em>Nel corso del 2020 abbiamo lavorato per creare un festival che fosse in rete con altre esperienze simili per dare la miglior risposta alla crisi della pandemia. Grazie ad un network con\u00a0<strong>acieloaperto di Cesena<\/strong>\u00a0e\u00a0<strong>Arti Vive di Soliera<\/strong>\u00a0abbiamo creato\u00a0<strong>\u201cCubo &#8211; Solido\u201d<\/strong>\u00a0che ha gi\u00e0 dato vita, nei mesi precedenti, alla prima edizione del\u00a0<strong>Festivalino Digitale Al Cubo<\/strong><\/em>\u201d, una serie gratuita di concerti e performance in live streaming, webinar e panel su tutto ci\u00f2 che riguarda il mondo dei festival, con ospiti, tra gli altri,\u00a0<strong>Emidio Clementi, Any Other, HER SKIN, Colombre, Xabier Iriondo, Don Antonio, H\u00e5n e Giungla<\/strong>.<\/p>\n<p>Ferrara Sotto Le Stelle nelle precedenti 24 edizioni<em>\u00a0<\/em>ha ospitato grandi protagonisti della musica internazionale, tra cui\u00a0<strong>Bob Dylan, Lou Reed, Philip Glass, PJ Harvey, Kraftwerk, Ryuichi Sakamoto, Radiohead, Sonic Youth, Beck, Pixies, Wilco, Mercury Rev, Deus, Bon Iver, The National\u00a0<\/strong>cos\u00ec come i migliori nomi della musica italiana:\u00a0<strong>Lucio Dalla, Franco Battiato, Paolo Conte, Afterhours, CSI, Vinicio Capossela, Marlene Kuntz, Verdena, Le Luci Della Centrale Elettrica<\/strong>\u00a0e molti altri ancora.<\/p>\n<p align=\"center\"><strong><u>CALENDARIO<\/u><\/strong><\/p>\n<p align=\"center\"><strong>mercoled\u00ec 30 giugno<br \/>\n<\/strong><strong>IOSONOUNCANE<br \/>\nOpening VIERI CERVELLI MONTEL<\/strong><\/p>\n<p align=\"center\"><strong>gioved\u00ec 1\u00b0 luglio<br \/>\n<\/strong><strong>SHAME + MASSIMO VOLUME<\/strong><\/p>\n<p align=\"center\"><strong>venerd\u00ec 2 luglio<br \/>\n<\/strong><strong>LA RAPPRESENTANTE DI LISTA<br \/>\nOpening POST NEBBIA<\/strong><\/p>\n<p align=\"center\"><strong>sabato 3 luglio<br \/>\n<\/strong><strong>MECNA<br \/>\nOpening GENERIC ANIMAL<\/strong><\/p>\n<p align=\"center\"><strong>domenica 4 luglio<br \/>\n<\/strong><strong>VENERUS<br \/>\nOpening LAILA AL HABASH<\/strong><\/p>\n<p><b><u>\u00a0<\/u><\/b><\/p>\n","protected":false},"excerpt":{"rendered":"<div class=\"mh-excerpt\"><p>FERRARA SOTTO LE STELLE 2021 XXV edizione Ecco la line up completa della storica rassegna che si evolve in un boutique festival\u00a0attento al futuro e <a class=\"mh-excerpt-more\" href=\"https:\/\/www.piuomenopop.it\/index.php\/2021\/05\/11\/ferrara-sotto-le-stelle-ecco-la-line-up-completa-della-xxv-ed-dal-30-06-al-4-07-con-shame-iosonouncane-venerus-e-molti-altri\/\" title=\"FERRARA SOTTO LE STELLE: ecco la line up completa della XXV ed. Dal 30\/06 al 4\/07 con Shame, Iosonouncane, Venerus e molti altri\">[&#8230;]<\/a><\/p>\n<\/div>","protected":false},"author":2,"featured_media":66537,"comment_status":"closed","ping_status":"closed","sticky":false,"template":"","format":"standard","meta":{"sfsi_plus_gutenberg_text_before_share":"","sfsi_plus_gutenberg_show_text_before_share":"","sfsi_plus_gutenberg_icon_type":"","sfsi_plus_gutenberg_icon_alignemt":"","sfsi_plus_gutenburg_max_per_row":"","footnotes":"","_links_to":"","_links_to_target":""},"categories":[5184,3],"tags":[339],"class_list":["post-66536","post","type-post","status-publish","format-standard","has-post-thumbnail","hentry","category-calendario-concerti","category-news","tag-ferrara-sotto-le-stelle"],"aioseo_notices":[],"_links":{"self":[{"href":"https:\/\/www.piuomenopop.it\/index.php\/wp-json\/wp\/v2\/posts\/66536","targetHints":{"allow":["GET"]}}],"collection":[{"href":"https:\/\/www.piuomenopop.it\/index.php\/wp-json\/wp\/v2\/posts"}],"about":[{"href":"https:\/\/www.piuomenopop.it\/index.php\/wp-json\/wp\/v2\/types\/post"}],"author":[{"embeddable":true,"href":"https:\/\/www.piuomenopop.it\/index.php\/wp-json\/wp\/v2\/users\/2"}],"replies":[{"embeddable":true,"href":"https:\/\/www.piuomenopop.it\/index.php\/wp-json\/wp\/v2\/comments?post=66536"}],"version-history":[{"count":1,"href":"https:\/\/www.piuomenopop.it\/index.php\/wp-json\/wp\/v2\/posts\/66536\/revisions"}],"predecessor-version":[{"id":66538,"href":"https:\/\/www.piuomenopop.it\/index.php\/wp-json\/wp\/v2\/posts\/66536\/revisions\/66538"}],"wp:featuredmedia":[{"embeddable":true,"href":"https:\/\/www.piuomenopop.it\/index.php\/wp-json\/wp\/v2\/media\/66537"}],"wp:attachment":[{"href":"https:\/\/www.piuomenopop.it\/index.php\/wp-json\/wp\/v2\/media?parent=66536"}],"wp:term":[{"taxonomy":"category","embeddable":true,"href":"https:\/\/www.piuomenopop.it\/index.php\/wp-json\/wp\/v2\/categories?post=66536"},{"taxonomy":"post_tag","embeddable":true,"href":"https:\/\/www.piuomenopop.it\/index.php\/wp-json\/wp\/v2\/tags?post=66536"}],"curies":[{"name":"wp","href":"https:\/\/api.w.org\/{rel}","templated":true}]}}