{"id":66613,"date":"2021-05-23T00:58:06","date_gmt":"2021-05-22T22:58:06","guid":{"rendered":"http:\/\/www.piuomenopop.it\/?p=66613"},"modified":"2021-05-23T00:58:06","modified_gmt":"2021-05-22T22:58:06","slug":"venerus-annunciate-le-nuove-date-del-tour-estivo-di-magica-musica","status":"publish","type":"post","link":"https:\/\/www.piuomenopop.it\/index.php\/2021\/05\/23\/venerus-annunciate-le-nuove-date-del-tour-estivo-di-magica-musica\/","title":{"rendered":"VENERUS: ANNUNCIATE LE NUOVE DATE DEL TOUR ESTIVO DI \u201cMAGICA MUSICA\u201d"},"content":{"rendered":"<p style=\"font-weight: 400; text-align: center;\"><strong>VENERUS<\/strong><\/p>\n<p style=\"font-weight: 400; text-align: center;\"><strong>ANNUNCIA LE NUOVE DATE<br \/>\nDEL TOUR ESTIVO DI<\/strong><\/p>\n<p style=\"font-weight: 400; text-align: center;\"><strong>\u201cMAGICA MUSICA\u201d<\/p>\n<p><\/strong><\/p>\n<p style=\"font-weight: 400;\"><strong>1 luglio 2021 &#8211; Stupinigi Sonic Park &#8211; Nichelino (TO)\u00a0&#8211; NUOVA DATA<\/strong><\/p>\n<p style=\"font-weight: 400;\"><strong>4 luglio 2021 &#8211; Ferrara Sotto le Stelle &#8211; Ferrara\u00a0&#8211; SOLD OUT<\/strong><\/p>\n<p style=\"font-weight: 400;\"><strong>10 luglio 2021 &#8211; Cavea Auditorium Parco Della Musica &#8211; Roma<\/strong><\/p>\n<p style=\"font-weight: 400;\"><strong>13 luglio 2021 &#8211; Pistoia Blues &#8211; Storytellers &#8211; Pistoia\u00a0&#8211; NUOVA DATA<\/strong><\/p>\n<p style=\"font-weight: 400;\"><strong>23 luglio 2021 &#8211; SEI Festival &#8211; Melpignano (Lecce)<\/strong><\/p>\n<p style=\"font-weight: 400;\"><strong>24 luglio 2021 &#8211; Locus Festival Preview &#8211;\u00a0 Minervino Murge (BAT)<\/strong><\/p>\n<p style=\"font-weight: 400;\"><strong>25 luglio 2021 &#8211; Meeting del Mare &#8211; Marina di Camerota (SA)\u00a0&#8211; NUOVA DATA<\/strong><\/p>\n<p style=\"font-weight: 400;\"><strong>29.07.2021 Milano, M\u0336I\u0336 \u0336A\u0336M\u0336I\u0336 MI MANCHI @ Castello Sforzesco (Milano)\u00a0&#8211; NUOVA DATA<\/strong><\/p>\n<p style=\"font-weight: 400;\"><strong>13 agosto 2021 &#8211; Color Fest &#8211; Maida (CZ)\u00a0&#8211; NUOVA DATA<\/strong><\/p>\n<p style=\"font-weight: 400;\"><strong>25 agosto 2021 &#8211; NoSound Urban Fest &#8211; Servigliano (FM)\u00a0&#8211; NUOVA DATA<\/strong><\/p>\n<p style=\"font-weight: 400;\"><strong>08 settembre 2021 &#8211; Live Rock Festival &#8211; Acquaviva (SI)\u00a0&#8211; NUOVA DATA<br \/>\n<\/strong><\/p>\n<p>&nbsp;<\/p>\n<p style=\"font-weight: 400;\"><strong>Venerus<\/strong>, astro nascente del cantautorato italiano,\u00a0<strong>annuncia le nuove date del tour estivo<\/strong>\u00a0<strong>dove<\/strong>\u00a0<strong>porter\u00e0 dal vivo l\u2019atmosfera di \u201cMagica Musica\u201d<\/strong>, il suo album di debutto uscito il 19 febbraio scorso.<\/p>\n<p style=\"font-weight: 400;\">Alle tappe gi\u00e0 annunciate, previste per\u00a0<strong>domenica 4 luglio al Ferrara Sotto le Stelle (gi\u00e0 sold out), sabato 10 luglio alla Cavea Auditorium Parco della Musica di Roma, venerd\u00ec 23 luglio al SEI Festival di Melpignano (Lecce) e sabato 24 luglio al Locus Festival Preview di Minervino Murge (BAT)<\/strong>\u00a0vanno ad aggiungersi anche le date di\u00a0<strong>gioved\u00ec 1 luglio al Stupinigi Sonic Park di Nichelino (TO), marted\u00ec 13 luglio al Pistoia Blues &#8211; Storytellers, domenica 25 luglio al Meeting del Mare di Marina di Camerota (SA), gioved\u00ec 29 luglio al M\u0336I\u0336 \u0336A\u0336M\u0336I\u0336 Mi Manchi al Castello Sforzesco di Milano, venerd\u00ec 13 agosto al Color Fest di Maida (CZ), mercoled\u00ec 25 agosto al NoSound Urban Fest di Servigliano (FM) e mercoled\u00ec 8 settembre al Live Rock Festival di Acquaviva (SI).<\/strong>\u00a0Info e biglietti su:\u00a0<a href=\"http:\/\/www.vertigo.co.it\/it\/venerus\" data-saferedirecturl=\"https:\/\/www.google.com\/url?q=http:\/\/www.vertigo.co.it\/it\/venerus&amp;source=gmail&amp;ust=1621709476672000&amp;usg=AFQjCNEBk9r6nq1rYl_YH-EuRX_5UfMtKw\">http:\/\/www.vertigo.co.it\/it\/venerus<\/a><\/p>\n<p style=\"font-weight: 400;\">\n<p style=\"font-weight: 400;\">\u201c<em>Credo che tornare a suonare nel 2021 sia una grande responsabilit\u00e0, sia per il pubblico che per la Musica. &#8211;\u00a0<\/em>dichiara Venerus<em>\u00a0&#8211;\u00a0 \u00c8 per questo che con molto realismo sto pensando a ogni singolo dettaglio con amore e visione. Ricorderemo per sempre questa estate.<\/em>\u201d<\/p>\n<p style=\"font-weight: 400;\">\n<p style=\"font-weight: 400;\">Da\u00a0<strong>venerd\u00ec 7 maggio\u00a0<\/strong>\u00e8 disponibile in radio e su tutte le piattaforme digitali\u00a0<strong>\u201cAppartamento\u201d<\/strong>,<strong>\u00a0il singolo estratto da \u201cMagica Musica\u201d\u00a0<\/strong>che vede la\u00a0<strong>partecipazione di Frah Quintale<\/strong>, rivelazione della scena street pop italiana.<\/p>\n<p style=\"font-weight: 400;\">Il brano, coprodotto insieme a MACE, \u00e8 la metafora di un cuore che si apre ad un amore, dandogli pieno accesso e lasciando che questo sentimento possa \u201cguardarci dentro, venire ad abitarci, cambiare arredamento\u201d.<\/p>\n<p style=\"font-weight: 400;\">Il\u00a0<a href=\"https:\/\/www.youtube.com\/watch?v=GaKS81d3xgk\" data-saferedirecturl=\"https:\/\/www.google.com\/url?q=https:\/\/www.youtube.com\/watch?v%3DGaKS81d3xgk&amp;source=gmail&amp;ust=1621709476672000&amp;usg=AFQjCNHOt0UrbwEhV3a_QXJrtYquNBeahg\">video<\/a>, diretto da\u00a0<strong>Cleopatria<\/strong>, \u00e8 girato live dal palco di Santeria Toscana a Milano, una venue, punto di riferimento per la scena dei concerti della citt\u00e0.<\/p>\n<p style=\"font-weight: 400;\"><strong>Il disco contiene 16 tracce, di cui 12 coprodotte con Mace, e vanta collaborazioni eterogenee: Frah Quintale, Calibro 35, Rkomi e Gemitaiz<\/strong>\u00a0per quanto riguarda i featuring, oltre ai produttori\u00a0<strong>Crookers, Tommaso Colliva, Vanegas, amanda lean &amp; not for climbing<\/strong>. Anticipato da \u201cCanzone per un amico\u201d e \u201cOgni pensiero vola\u201d, in \u201cMagica Musica\u201d si trovano le molte sfaccettature di un artista che, sfuggendo alle etichette di genere, fonde sonorit\u00e0 soul e R&amp;B all\u2019elettronica, per un risultato complessivo che parla il linguaggio del pop in modo del tutto inedito.<\/p>\n<p style=\"font-weight: 400;\">\u201cMagica Musica\u201d sorprende ad ogni traccia dove Venerus, attraverso una capacit\u00e0 di scrittura estremamente raffinata e l\u2019eclettismo sonoro, conduce l\u2019ascoltatore in un viaggio spazio-temporale che trasferir\u00e0 sul palco dei suoi live, trasmettendo quell\u2019atmosfera onirica nella dimensione della performance.<\/p>\n<p style=\"font-weight: 400;\">Cantautore, polistrumentista e produttore, Venerus nel suo disco d\u2019esordio esplora il suono a 360\u00b0 gradi e unisce parole e musica in una miscela originalissima che brilla nel panorama contemporaneo.<\/p>\n<p style=\"font-weight: 400;\"><strong>\u00a0<\/strong><strong><\/p>\n<p><\/strong><\/p>\n<p style=\"font-weight: 400;\"><strong>Info e biglietti su:\u00a0<\/strong><a href=\"http:\/\/www.vertigo.co.it\/it\/venerus\" data-saferedirecturl=\"https:\/\/www.google.com\/url?q=http:\/\/www.vertigo.co.it\/it\/venerus&amp;source=gmail&amp;ust=1621709476672000&amp;usg=AFQjCNEBk9r6nq1rYl_YH-EuRX_5UfMtKw\"><strong>http:\/\/www.vertigo.co.it\/it\/venerus<\/strong><\/a><\/p>\n<p style=\"font-weight: 400;\">\n<p style=\"font-weight: 400;\"><strong>SEGUI VENERUS<\/strong><\/p>\n<p style=\"font-weight: 400;\"><strong>Instagram\u00a0<\/strong><a href=\"https:\/\/www.instagram.com\/venerus\/?hl=it\" data-saferedirecturl=\"https:\/\/www.google.com\/url?q=https:\/\/www.instagram.com\/venerus\/?hl%3Dit&amp;source=gmail&amp;ust=1621709476672000&amp;usg=AFQjCNGItpeapDQcxSP7ljh6UtaGSxEjKQ\"><strong>@venerus<\/strong><\/a><strong><br \/>\nFacebook\u00a0<\/strong><a href=\"https:\/\/www.facebook.com\/venerusmusic\" data-saferedirecturl=\"https:\/\/www.google.com\/url?q=https:\/\/www.facebook.com\/venerusmusic&amp;source=gmail&amp;ust=1621709476672000&amp;usg=AFQjCNHrio25yE80aPfDtBwO4mB7awolSA\"><strong>@venerusmusic<\/strong><\/a><\/p>\n","protected":false},"excerpt":{"rendered":"<div class=\"mh-excerpt\"><p>VENERUS ANNUNCIA LE NUOVE DATE DEL TOUR ESTIVO DI \u201cMAGICA MUSICA\u201d 1 luglio 2021 &#8211; Stupinigi Sonic Park &#8211; Nichelino (TO)\u00a0&#8211; NUOVA DATA 4 luglio <a class=\"mh-excerpt-more\" href=\"https:\/\/www.piuomenopop.it\/index.php\/2021\/05\/23\/venerus-annunciate-le-nuove-date-del-tour-estivo-di-magica-musica\/\" title=\"VENERUS: ANNUNCIATE LE NUOVE DATE DEL TOUR ESTIVO DI \u201cMAGICA MUSICA\u201d\">[&#8230;]<\/a><\/p>\n<\/div>","protected":false},"author":2,"featured_media":66614,"comment_status":"closed","ping_status":"closed","sticky":false,"template":"","format":"standard","meta":{"sfsi_plus_gutenberg_text_before_share":"","sfsi_plus_gutenberg_show_text_before_share":"","sfsi_plus_gutenberg_icon_type":"","sfsi_plus_gutenberg_icon_alignemt":"","sfsi_plus_gutenburg_max_per_row":"","footnotes":"","_links_to":"","_links_to_target":""},"categories":[5184],"tags":[12323,6312],"class_list":["post-66613","post","type-post","status-publish","format-standard","has-post-thumbnail","hentry","category-calendario-concerti","tag-magica-musica","tag-venerus"],"aioseo_notices":[],"_links":{"self":[{"href":"https:\/\/www.piuomenopop.it\/index.php\/wp-json\/wp\/v2\/posts\/66613","targetHints":{"allow":["GET"]}}],"collection":[{"href":"https:\/\/www.piuomenopop.it\/index.php\/wp-json\/wp\/v2\/posts"}],"about":[{"href":"https:\/\/www.piuomenopop.it\/index.php\/wp-json\/wp\/v2\/types\/post"}],"author":[{"embeddable":true,"href":"https:\/\/www.piuomenopop.it\/index.php\/wp-json\/wp\/v2\/users\/2"}],"replies":[{"embeddable":true,"href":"https:\/\/www.piuomenopop.it\/index.php\/wp-json\/wp\/v2\/comments?post=66613"}],"version-history":[{"count":1,"href":"https:\/\/www.piuomenopop.it\/index.php\/wp-json\/wp\/v2\/posts\/66613\/revisions"}],"predecessor-version":[{"id":66615,"href":"https:\/\/www.piuomenopop.it\/index.php\/wp-json\/wp\/v2\/posts\/66613\/revisions\/66615"}],"wp:featuredmedia":[{"embeddable":true,"href":"https:\/\/www.piuomenopop.it\/index.php\/wp-json\/wp\/v2\/media\/66614"}],"wp:attachment":[{"href":"https:\/\/www.piuomenopop.it\/index.php\/wp-json\/wp\/v2\/media?parent=66613"}],"wp:term":[{"taxonomy":"category","embeddable":true,"href":"https:\/\/www.piuomenopop.it\/index.php\/wp-json\/wp\/v2\/categories?post=66613"},{"taxonomy":"post_tag","embeddable":true,"href":"https:\/\/www.piuomenopop.it\/index.php\/wp-json\/wp\/v2\/tags?post=66613"}],"curies":[{"name":"wp","href":"https:\/\/api.w.org\/{rel}","templated":true}]}}