{"id":66664,"date":"2021-05-30T22:20:41","date_gmt":"2021-05-30T20:20:41","guid":{"rendered":"http:\/\/www.piuomenopop.it\/?p=66664"},"modified":"2021-05-30T22:20:41","modified_gmt":"2021-05-30T20:20:41","slug":"il-2021-come-rinascita-degli-eventi-a-luglio-torna-il-balena-festival","status":"publish","type":"post","link":"https:\/\/www.piuomenopop.it\/index.php\/2021\/05\/30\/il-2021-come-rinascita-degli-eventi-a-luglio-torna-il-balena-festival\/","title":{"rendered":"IL 2021 COME RINASCITA DEGLI EVENTI, A LUGLIO TORNA IL BALENA FESTIVAL"},"content":{"rendered":"<p style=\"text-align: center;\"><b>\u00a0<\/b><\/p>\n<p style=\"text-align: center;\"><i><span style=\"font-weight: 400;\">Dopo circa un anno e mezzo di stop forzato, tornano gli eventi live del Balena Festival.<\/span><\/i><\/p>\n<p style=\"text-align: center;\"><i><span style=\"font-weight: 400;\">La rassegna musicale genovese si presenter\u00e0 al pubblico nella sua seconda edizione &#8211; summer edition &#8211; con la migliore scena musicale italiana nazionale ed emergente.<\/span><\/i><\/p>\n<p style=\"text-align: center;\"><i><span style=\"font-weight: 400;\">Una ventata d\u2019aria fresca che vuole far ripartire la citt\u00e0 proprio dalla musica.<\/span><\/i><\/p>\n<p>&nbsp;<\/p>\n<p><span style=\"font-weight: 400;\">Tutti pronti per il ritorno del cetaceo pi\u00f9 famoso d\u2019Italia: il <\/span><a href=\"https:\/\/www.balenafestival.it\/\"><b>Balena<\/b> <b>Festival<\/b><\/a><span style=\"font-weight: 400;\"> \u00e8 in dirittura di arrivo e con lui un\u2019estate di musica. La rassegna genovese \u00e8 pronta a riportare in citt\u00e0 il meglio della scena musicale nazionale ed emergente con una seconda edizione ancora pi\u00f9 rovente e ricca di novit\u00e0.<\/span><\/p>\n<p><span style=\"font-weight: 400;\">Si parte il <\/span><b>25 giugno<\/b><span style=\"font-weight: 400;\"> con il <\/span><b>Pre-Balena<\/b><span style=\"font-weight: 400;\"> &#8211; un appuntamento per scaldare i motori del festival &#8211; che vedr\u00e0 esibirsi <\/span><b>Folcast<\/b><span style=\"font-weight: 400;\"> e <\/span><b>Farnese<\/b><span style=\"font-weight: 400;\">,<\/span> <span style=\"font-weight: 400;\">nella speciale cornice dei <\/span><b>Giardini<\/b> <b>Luzzati<\/b><span style=\"font-weight: 400;\">, una nicchia caratteristica nel cuore del centro storico.<\/span><\/p>\n<p><span style=\"font-weight: 400;\">Ci ritroveremo a luglio, quindi, per dare il via ufficialmente al Balena Festival.\u00a0<\/span><\/p>\n<p><span style=\"font-weight: 400;\">Importanti nomi della musica italiana (e non solo!) insieme a promettenti artisti dell\u2019underground, saranno pronti a far ballare &#8211; comodamente seduti &#8211; il Porto Antico e tutta la citt\u00e0.<\/span><\/p>\n<p><span style=\"font-weight: 400;\">Ad aprire le danze, a due passi dal mare, sar\u00e0 <\/span><b>Willie<\/b> <b>Peyote<\/b><span style=\"font-weight: 400;\"> che il 10 luglio dar\u00e0 il via al festival all\u2019Arena del Mare, seguito dai <\/span><b>Black<\/b> <b>Country<\/b> <b>New<\/b> <b>Road<\/b><span style=\"font-weight: 400;\"> il 13, <\/span><b>Zen<\/b> <b>Circus<\/b><span style=\"font-weight: 400;\"> il 14, <\/span><b>Iosonouncane<\/b><span style=\"font-weight: 400;\"> il 15, <\/span><b>Frah<\/b> <b>Quintale<\/b><span style=\"font-weight: 400;\"> il 16, gli <\/span><b>Psicologi<\/b><span style=\"font-weight: 400;\"> il 17 e, a chiudere la rassegna il 18 luglio, saranno i <\/span><b>Ministri<\/b><span style=\"font-weight: 400;\">. Non mancheranno poi gli spazi dedicati alle nuove proposte che apriranno i singoli concerti proponendo al pubblico uno spaccato su quello che \u00e8 il nuovo <\/span><b>panorama emergente<\/b><span style=\"font-weight: 400;\">.\u00a0<\/span><\/p>\n<p><b>Otto date da non perdere<\/b><span style=\"font-weight: 400;\">, dunque, prenderanno vita tra <\/span><b>Giardini<\/b> <b>Luzzati<\/b><span style=\"font-weight: 400;\">, <\/span><b>Arena del Mare<\/b><span style=\"font-weight: 400;\"> e <\/span><b>Piazza delle Feste<\/b><span style=\"font-weight: 400;\">, alcune tra le location pi\u00f9 importanti del tessuto turistico cittadino. Dal Pop al Rap fino al Rock: una variegata line-up che accontenter\u00e0 proprio tutti.<\/span><\/p>\n<p><span style=\"font-weight: 400;\">La manifestazione, che affida nuovamente la direzione artistica a <\/span><b>Luca Pietronave<\/b><span style=\"font-weight: 400;\">, promotore dell\u2019ormai ultradecennale <\/span><a href=\"https:\/\/www.facebook.com\/Mojotic\/\"><b>Mojotic Festival<\/b><\/a><span style=\"font-weight: 400;\"> di Sestri Levante, nasce grazie alla collaborazione di <\/span><b>Porto Antico<\/b> <b>di Genova S.p.A. <\/b><span style=\"font-weight: 400;\">con diverse realt\u00e0 musicali del territorio: <\/span><a href=\"https:\/\/aluha.it\/\"><b>Aluha<\/b><\/a><b>, <\/b><a href=\"https:\/\/www.facebook.com\/cane.genova\/\"><b>Circolo CANE<\/b><\/a><b>, <\/b><a href=\"https:\/\/www.facebook.com\/profile.php?id=139925493417670&amp;ref=br_rs\"><b>Pioggia Rossa Dischi<\/b><\/a><b> e <\/b><a href=\"https:\/\/www.facebook.com\/profile.php?id=979317158762206&amp;ref=br_rs\"><b>Greenfog Studio<\/b><\/a><b>.<\/b><\/p>\n<p><span style=\"font-weight: 400;\">Balena Festival organizzato e diretto da <\/span><b>menti giovani e dinamiche<\/b><span style=\"font-weight: 400;\">, porta in citt\u00e0 una rinnovata idea di <\/span><i><span style=\"font-weight: 400;\">cultura pop<\/span><\/i><span style=\"font-weight: 400;\">, offrendo al pubblico musica e intrattenimento di qualit\u00e0, in un\u2019ottica di <\/span><b>condivisione e aggregazione<\/b><span style=\"font-weight: 400;\">.<\/span><\/p>\n<p><b>IL PROGRAMMA<\/b><\/p>\n<ul>\n<li style=\"font-weight: 400;\" aria-level=\"1\"><span style=\"font-weight: 400;\">25\/06 Folcast &amp; Farnese @ Giardini Luzzati <\/span><i><span style=\"font-weight: 400;\">Balena Preview<\/span><\/i><\/li>\n<li style=\"font-weight: 400;\" aria-level=\"1\"><span style=\"font-weight: 400;\">10\/07 Willie Peyote @ Arena del Mare<\/span><\/li>\n<li style=\"font-weight: 400;\" aria-level=\"1\"><span style=\"font-weight: 400;\">13\/07 Black Country New Road @ Piazza delle Feste<\/span><\/li>\n<li style=\"font-weight: 400;\" aria-level=\"1\"><span style=\"font-weight: 400;\">14\/07 The Zen Circus @ Arena del Mare\u00a0<\/span><\/li>\n<li style=\"font-weight: 400;\" aria-level=\"1\"><span style=\"font-weight: 400;\">15\/07 Iosonouncane @ Arena del Mare\u00a0<\/span><\/li>\n<li style=\"font-weight: 400;\" aria-level=\"1\"><span style=\"font-weight: 400;\">16\/07 Frah Quintale @ Arena del Mare\u00a0<\/span><\/li>\n<li style=\"font-weight: 400;\" aria-level=\"1\"><span style=\"font-weight: 400;\">17\/07 Psicologi @ Arena del Mare\u00a0<\/span><\/li>\n<li style=\"font-weight: 400;\" aria-level=\"1\"><span style=\"font-weight: 400;\">18\/07 I Ministri @ Arena del Mare\u00a0<\/span><\/li>\n<\/ul>\n<p>&nbsp;<\/p>\n<p><b>BIGLIETTI<\/b><\/p>\n<p><span style=\"font-weight: 400;\">Biglietti disponibili su <\/span><a href=\"https:\/\/www.ticketone.it\/\"><span style=\"font-weight: 400;\">TicketOne<\/span><\/a><span style=\"font-weight: 400;\">.<\/span><\/p>\n<p>&nbsp;<\/p>\n<p><b>MAGGIORI INFO SU<\/b><\/p>\n<p><span style=\"font-weight: 400;\">Sito internet: <\/span><a href=\"http:\/\/www.balenafestival.it\"><span style=\"font-weight: 400;\">www.balenafestival.it<\/span><\/a><span style=\"font-weight: 400;\">\u00a0<\/span><\/p>\n<p><a href=\"https:\/\/www.facebook.com\/balenafestival\"><span style=\"font-weight: 400;\">Pagina Facebook<\/span><\/a><\/p>\n<p><a href=\"https:\/\/www.instagram.com\/balenafestival\/?hl=it\"><span style=\"font-weight: 400;\">Profilo Instagram<\/span><\/a><\/p>\n<p>&nbsp;<\/p>\n<p><b>LOCATION<\/b><\/p>\n<p><a href=\"https:\/\/www.facebook.com\/GiardiniLuzzati\/\"><span style=\"font-weight: 400;\">Giardini Luzzati<\/span><\/a><\/p>\n<p><a href=\"https:\/\/portoantico.it\/spazi\/arena-del-mare\/\"><span style=\"font-weight: 400;\">Arena del Mare<\/span><\/a><\/p>\n<p><a href=\"https:\/\/portoantico.it\/spazi\/piazza-delle-feste\/\"><span style=\"font-weight: 400;\">Piazza delle Feste<\/span><\/a><\/p>\n<p>&nbsp;<\/p>\n<p><i><span style=\"font-weight: 400;\">Tutti i concerti si svolgeranno in ottemperanza alle normative anti-Covid.<\/span><\/i><\/p>\n","protected":false},"excerpt":{"rendered":"<div class=\"mh-excerpt\"><p>\u00a0 Dopo circa un anno e mezzo di stop forzato, tornano gli eventi live del Balena Festival. La rassegna musicale genovese si presenter\u00e0 al pubblico <a class=\"mh-excerpt-more\" href=\"https:\/\/www.piuomenopop.it\/index.php\/2021\/05\/30\/il-2021-come-rinascita-degli-eventi-a-luglio-torna-il-balena-festival\/\" title=\"IL 2021 COME RINASCITA DEGLI EVENTI, A LUGLIO TORNA IL BALENA FESTIVAL\">[&#8230;]<\/a><\/p>\n<\/div>","protected":false},"author":2,"featured_media":66665,"comment_status":"closed","ping_status":"closed","sticky":false,"template":"","format":"standard","meta":{"sfsi_plus_gutenberg_text_before_share":"","sfsi_plus_gutenberg_show_text_before_share":"","sfsi_plus_gutenberg_icon_type":"","sfsi_plus_gutenberg_icon_alignemt":"","sfsi_plus_gutenburg_max_per_row":"","footnotes":"","_links_to":"","_links_to_target":""},"categories":[5184],"tags":[9221,4657],"class_list":["post-66664","post","type-post","status-publish","format-standard","has-post-thumbnail","hentry","category-calendario-concerti","tag-balena-festival","tag-genova"],"aioseo_notices":[],"_links":{"self":[{"href":"https:\/\/www.piuomenopop.it\/index.php\/wp-json\/wp\/v2\/posts\/66664","targetHints":{"allow":["GET"]}}],"collection":[{"href":"https:\/\/www.piuomenopop.it\/index.php\/wp-json\/wp\/v2\/posts"}],"about":[{"href":"https:\/\/www.piuomenopop.it\/index.php\/wp-json\/wp\/v2\/types\/post"}],"author":[{"embeddable":true,"href":"https:\/\/www.piuomenopop.it\/index.php\/wp-json\/wp\/v2\/users\/2"}],"replies":[{"embeddable":true,"href":"https:\/\/www.piuomenopop.it\/index.php\/wp-json\/wp\/v2\/comments?post=66664"}],"version-history":[{"count":1,"href":"https:\/\/www.piuomenopop.it\/index.php\/wp-json\/wp\/v2\/posts\/66664\/revisions"}],"predecessor-version":[{"id":66666,"href":"https:\/\/www.piuomenopop.it\/index.php\/wp-json\/wp\/v2\/posts\/66664\/revisions\/66666"}],"wp:featuredmedia":[{"embeddable":true,"href":"https:\/\/www.piuomenopop.it\/index.php\/wp-json\/wp\/v2\/media\/66665"}],"wp:attachment":[{"href":"https:\/\/www.piuomenopop.it\/index.php\/wp-json\/wp\/v2\/media?parent=66664"}],"wp:term":[{"taxonomy":"category","embeddable":true,"href":"https:\/\/www.piuomenopop.it\/index.php\/wp-json\/wp\/v2\/categories?post=66664"},{"taxonomy":"post_tag","embeddable":true,"href":"https:\/\/www.piuomenopop.it\/index.php\/wp-json\/wp\/v2\/tags?post=66664"}],"curies":[{"name":"wp","href":"https:\/\/api.w.org\/{rel}","templated":true}]}}