{"id":66819,"date":"2021-06-13T02:45:31","date_gmt":"2021-06-13T00:45:31","guid":{"rendered":"http:\/\/www.piuomenopop.it\/?p=66819"},"modified":"2021-06-13T02:46:00","modified_gmt":"2021-06-13T00:46:00","slug":"davide-shorty-fusion-tour-nuove-date-al-tour-estivo-insieme-alla-straniero-band","status":"publish","type":"post","link":"https:\/\/www.piuomenopop.it\/index.php\/2021\/06\/13\/davide-shorty-fusion-tour-nuove-date-al-tour-estivo-insieme-alla-straniero-band\/","title":{"rendered":"DAVIDE SHORTY &#8211; fusion.tour \/\/ Nuove date al tour estivo insieme alla Straniero Band"},"content":{"rendered":"<p style=\"text-align: center;\" align=\"center\"><strong>DAVIDE SHORTY &#8211; fusion.tour<br \/>\n<\/strong><strong class=\"m_2760230992781589112Stile21\">si aggiungono nuove date al tour estivo insieme alla Straniero Band<\/strong><\/p>\n<p class=\"m_2760230992781589112Stile21\" style=\"text-align: center;\"><a href=\"https:\/\/rcwaves.us14.list-manage.com\/track\/click?u=7f3539261ae64d3cba6f29292&amp;id=d62b4f2d0c&amp;e=68b45167b3\" target=\"_blank\" rel=\"noopener noreferrer\" data-saferedirecturl=\"https:\/\/www.google.com\/url?q=https:\/\/rcwaves.us14.list-manage.com\/track\/click?u%3D7f3539261ae64d3cba6f29292%26id%3Dd62b4f2d0c%26e%3D68b45167b3&amp;source=gmail&amp;ust=1623505381800000&amp;usg=AFQjCNFd7_VW87pirI8Lz_I27jJ3RLGS_g\">LINK AI BIGLIETTI<\/a><\/p>\n<p class=\"m_2760230992781589112Stile21\" style=\"text-align: center;\" align=\"center\"><strong><a href=\"https:\/\/rcwaves.us14.list-manage.com\/track\/click?u=7f3539261ae64d3cba6f29292&amp;id=21e7fa0feb&amp;e=68b45167b3\" target=\"_blank\" rel=\"noopener noreferrer\" data-saferedirecturl=\"https:\/\/www.google.com\/url?q=https:\/\/rcwaves.us14.list-manage.com\/track\/click?u%3D7f3539261ae64d3cba6f29292%26id%3D21e7fa0feb%26e%3D68b45167b3&amp;source=gmail&amp;ust=1623505381800000&amp;usg=AFQjCNHh1bNR1NluBoIVSAqdjY8mp-rSpQ\">Ascolta \u201cfusion.\u201d ovunque<\/a><\/strong><\/p>\n<p><strong>Si aggiungono sette nuovi appuntamenti\u00a0<\/strong>al gi\u00e0 nutritissimo<strong>\u00a0fusion.tour di DAVIDE SHORTY<\/strong>. Un tour organizzato da\u00a0<strong>Django concerti<\/strong>\u00a0che toccher\u00e0 le principali citt\u00e0 italiane e i pi\u00f9 interessanti festival della Penisola. Nel cartellone spiccano appuntamenti come lo\u00a0<strong>Spring Attitude festival di Roma<\/strong>, il\u00a0<strong>Castello Sforzesco di Milano<\/strong>\u00a0e moltissimi altri live tra cui la partecipazione straordinaria al\u00a0<strong>&#8220;Little Italy Festival&#8221; ad Helsinki in Finlandia<\/strong>. La data di\u00a0<strong>Bologna<\/strong>\u00a0all&#8217;<strong>Arena Puccini\u00a0<\/strong>prevista iniziamente per giugno \u00e8 stata recentemente spostata a settembre. Sul palco il cantautore\/ rapper palermitano porter\u00e0 la sua ultima fatica discografica l&#8217;album\u00a0<strong><em>fusion.<\/em><\/strong>\u00a0e sar\u00e0 accompagnato dalla\u00a0<strong>Straniero Band<\/strong>\u00a0composta da:\u00a0<strong>Emanuele Triglia<\/strong>\u00a0al basso,\u00a0<strong>Claudio Guarcello<\/strong>\u00a0alle tastiere e\u00a0<strong>Davide Savarese<\/strong>\u00a0alla batteria.<\/p>\n<p><strong>\u201cfusion.\u201d<\/strong>\u00a0contiene\u00a0<strong>\u201cRegina\u201d<\/strong>,\u00a0<span lang=\"en-us\">b<wbr \/>rano che\u00a0<strong>Davide Shorty<\/strong>\u00a0ha portato sul palco dell\u2019<strong>Ariston<\/strong>\u00a0nella sezione\u00a0<strong>\u201cNuove Proposte\u201d<\/strong>\u00a0della\u00a0<strong>71^ edizione del Festival di Sanremo<\/strong>, classificandosi 2\u00b0 e vincendo il\u00a0<strong>\u201cPremio della Sala Stampa Lucio Dalla\u201d<\/strong>\u00a0sezione \u201c<strong>Nuove Proposte<\/strong>\u201d,\u00a0il\u00a0<strong>\u201cPremio Enzo Jannacci NUOVO IMAIE 2021\u201d<\/strong>\u00a0e il\u00a0<strong>\u201cPremio Lunezia per Sanremo 2021\u201d\u00a0<\/strong>per il valore musical-letterario.<\/span><\/p>\n<p>All\u2019interno dell\u2019album troviamo collaborazioni con artisti del calibro di\u00a0<strong>Roy Paci,<\/strong>\u00a0<strong>Koralle<\/strong>\u00a0&#8211; side project di Godblesscomputers -,<strong>\u00a0Dj Gruff, Serena Brancale, Sans Soucis, Gianluca Petrella<\/strong>\u00a0&#8211; trombonista italiano jazzista di fama internazionale -,\u00a0<strong>Amir Issaa, Davide Blank, Tom Ford, Emanuele Triglia<\/strong>\u00a0e<strong>\u00a0Alessio Bond\u00ec.<\/strong><\/p>\n<p><strong><span lang=\"en-us\">Davide Shorty\u00a0<\/span><\/strong><span lang=\"en-us\">\u00e8 un cantautore, rapper e producer di Palermo capace di far convivere la sua inconfondibile voce soul con sonorit\u00e0 innovative e melodie contaminate da jazz e rap. Dopo varie esperienze nella scena hip hop siciliana nel 2010 si trasferisce a Londra dove, nel 2012, fonda la band\u00a0<strong>Retrospective For Love<\/strong>. Nel 2016,<strong>\u00a0dopo essersi posizionato 3\u00b0<\/strong>\u00a0alla nona edizione del talent show<strong>\u00a0X Factor\u00a0<\/strong>(Dicembre 2015), pubblica il suo primo album ufficiale, &#8220;<strong>Straniero<\/strong>&#8220;, lavoro che lo porta ad esibirsi sui palchi di tutta Italia parallelamente alle prestigiose collaborazioni con artisti del calibro di\u00a0<strong>Robert Glasper<\/strong>,\u00a0<strong>Jordan Rakei<\/strong>\u00a0e\u00a0<strong>Mr Jukes<\/strong>\u00a0(Bombay Bicycle Club). Nel 2018 pubblica insieme ai\u00a0<strong>Funk Shui Project<\/strong>\u00a0l\u2019album\u00a0<strong>&#8220;Terapia di Gruppo&#8221;<\/strong>, che viene apprezzato molto da pubblico e critica. La fortunata collaborazione tra\u00a0<strong>Davide<\/strong>\u00a0e i<strong>\u00a0Funk Shui Project<\/strong>\u00a0continua nel 2019 quando esce per\u00a0<strong>Totally Imported<\/strong>\u00a0l\u2019album\u00a0<strong>\u201cLa Soluzione\u201d,<\/strong>\u00a0che conferma la sinergia artistica tra il cantante e il collettivo torinese. Al disco segue la pubblicazione del reboot dello stesso:\u00a0<strong>&#8220;La Soluzione Reboot&#8221;<\/strong>\u00a0con all&#8217;interno l&#8217;inedito<strong>\u00a0&#8220;Carillon&#8221;<\/strong>\u00a0feat.\u00a0<strong>Roy Paci.\u00a0<\/strong>Sempre nel 2019 collabora con\u00a0<strong>Daniele Silvestri<\/strong>\u00a0nel brano\u00a0<strong>\u201cTempi modesti&#8221;,<\/strong>\u00a0mentre nel 2020 firma con\u00a0<strong>Totally Imported.<\/strong>\u00a0Lo scorso\u00a0<strong>10 luglio\u00a0<\/strong>\u00e8 uscito &#8220;<strong>CANTI ANCORA?!<\/strong>&#8220;, singolo che vede la collaborazione con il suo ex giudice e amico\u00a0<strong>Elio<\/strong>. Nel 2021 partecipa alla 71^ edizione del Festival di Sanremo nella categoria \u201cNuove Proposte\u201d, dove si classifica 2\u00b0 e vince il\u00a0<strong>\u201cPremio della Sala Stampa Lucio Dalla\u201d,\u00a0<\/strong>il<strong>\u00a0\u201cPremio Enzo Jannacci NUOVO IMAIE 2021\u201d<\/strong><strong>\u00a0<\/strong>e il<strong>\u00a0\u201cPremio Lunezia per Sanremo 2021\u201d per il valore musical-letterario.<\/strong><\/span><\/p>\n<p class=\"m_2760230992781589112Stile211\" style=\"text-align: center;\"><span class=\"m_2760230992781589112Stile21\">FUSION.TOUR<\/span><span class=\"m_2760230992781589112Stile421\"><br \/>\n<strong><br \/>\n19 Giugno, Piazza Risorgimento &#8211; Urbino (PU) \/ Urbino Plays Jazz \u201cItalian Soul Summit\u201d\u00a0(con S. Brancale e Ain\u00e8)<\/strong><br \/>\n<strong>25 Giugno, Parco Berlinguer &#8211; Russi (RA) \/ Festival della Curiosit\u00e0<\/strong><br \/>\n<strong>04 Luglio, Piazza Cavour &#8211; Adria (RO) \/ Deltablues Festival<\/strong><br \/>\n<strong>14 Luglio, Milano \/ Castello Sforzesco<\/strong><br \/>\n<strong>15 Luglio, Torino &#8211; Ginzburg Park Festival \/ Ginzburg Park\u00a0[NEW]<\/strong><br \/>\n<strong>16 Luglio, Eur Social Park &#8211; Roma \/ SpringAttitude Festival<\/strong><br \/>\n<strong>17 Luglio, Ex Cava Cucuzzola &#8211; Cinto Euganeo (PD) \/ Sentieri Sonori<\/strong><br \/>\n<strong>18 Luglio, Cortile Palazzo del Broletto &#8211; Brescia \/ Jazz On The Road Festival<\/strong><br \/>\n<strong>22 Luglio, Lugo (RA) &#8211; Mutazioni Festival \/ Piazza dei martiri\u00a0\u00a0<\/strong><\/span><strong><span class=\"m_2760230992781589112Stile421\">[NEW]<\/span><span class=\"m_2760230992781589112Stile421\"><br \/>\n23 Luglio, Vibra Club &#8211; Modena \/ Mundus Festival<br \/>\n25 Luglio, Suvilahti &#8211; Helsinki, Fin \/ Little Italy Festival<br \/>\n28 Luglio, Pieve di San Martino &#8211; Palaia (PI) \/ Musicastrada Festival<br \/>\n29 Luglio, Giardini Estensi &#8211; Varese \/ Black&amp;Tube Festival<br \/>\n31 Luglio, Cava De&#8217; Tirreni (SA) &#8211; Mac Fest 2021 \/ Complesso Monumentale di San Giovanni\u00a0[NEW]<br \/>\n01 Agosto, Termoli (CB) &#8211; Termoli Jazz Festival \/ Teatro Verde\u00a0[NEW]<br \/>\n04 Agosto, Reggio Calabria &#8211; Play Music Festival \/ Ecolandia\u00a0[NEW]<br \/>\n05 Agosto, Roseto Capo Spulico (CS) &#8211; Peperoncino Jazz Festival \/ Piazza Roberto il Guiscardo\u00a0[NEW]<br \/>\n07 Agosto, Taranto &#8211; Jackstone Social Club \/ Viale Ionio\u00a0[NEW]<br \/>\n17 Agosto, Parco Fluviale Augusto Daolio &#8211; Sulmona (AQ) \/ Muntagninjazz\u00a0(ospite speciale Fabrizio Bosso)<br \/>\n<\/span><span class=\"m_2760230992781589112Stile421\">22 Settembre, Arena Puccini \/ Bologna\u00a0[recupero data]<\/span><\/strong><\/p>\n<p class=\"m_2760230992781589112Stile211\" style=\"text-align: center;\">CALENDARIO IN CONTINUO AGGIORNAMENTO<\/p>\n","protected":false},"excerpt":{"rendered":"<div class=\"mh-excerpt\"><p>DAVIDE SHORTY &#8211; fusion.tour si aggiungono nuove date al tour estivo insieme alla Straniero Band LINK AI BIGLIETTI Ascolta \u201cfusion.\u201d ovunque Si aggiungono sette nuovi <a class=\"mh-excerpt-more\" href=\"https:\/\/www.piuomenopop.it\/index.php\/2021\/06\/13\/davide-shorty-fusion-tour-nuove-date-al-tour-estivo-insieme-alla-straniero-band\/\" title=\"DAVIDE SHORTY &#8211; fusion.tour \/\/ Nuove date al tour estivo insieme alla Straniero Band\">[&#8230;]<\/a><\/p>\n<\/div>","protected":false},"author":2,"featured_media":66820,"comment_status":"closed","ping_status":"closed","sticky":false,"template":"","format":"standard","meta":{"sfsi_plus_gutenberg_text_before_share":"","sfsi_plus_gutenberg_show_text_before_share":"","sfsi_plus_gutenberg_icon_type":"","sfsi_plus_gutenberg_icon_alignemt":"","sfsi_plus_gutenburg_max_per_row":"","footnotes":"","_links_to":"","_links_to_target":""},"categories":[5184,3],"tags":[7333,12465],"class_list":["post-66819","post","type-post","status-publish","format-standard","has-post-thumbnail","hentry","category-calendario-concerti","category-news","tag-davide-shorty","tag-fusion-tour"],"aioseo_notices":[],"_links":{"self":[{"href":"https:\/\/www.piuomenopop.it\/index.php\/wp-json\/wp\/v2\/posts\/66819","targetHints":{"allow":["GET"]}}],"collection":[{"href":"https:\/\/www.piuomenopop.it\/index.php\/wp-json\/wp\/v2\/posts"}],"about":[{"href":"https:\/\/www.piuomenopop.it\/index.php\/wp-json\/wp\/v2\/types\/post"}],"author":[{"embeddable":true,"href":"https:\/\/www.piuomenopop.it\/index.php\/wp-json\/wp\/v2\/users\/2"}],"replies":[{"embeddable":true,"href":"https:\/\/www.piuomenopop.it\/index.php\/wp-json\/wp\/v2\/comments?post=66819"}],"version-history":[{"count":2,"href":"https:\/\/www.piuomenopop.it\/index.php\/wp-json\/wp\/v2\/posts\/66819\/revisions"}],"predecessor-version":[{"id":66822,"href":"https:\/\/www.piuomenopop.it\/index.php\/wp-json\/wp\/v2\/posts\/66819\/revisions\/66822"}],"wp:featuredmedia":[{"embeddable":true,"href":"https:\/\/www.piuomenopop.it\/index.php\/wp-json\/wp\/v2\/media\/66820"}],"wp:attachment":[{"href":"https:\/\/www.piuomenopop.it\/index.php\/wp-json\/wp\/v2\/media?parent=66819"}],"wp:term":[{"taxonomy":"category","embeddable":true,"href":"https:\/\/www.piuomenopop.it\/index.php\/wp-json\/wp\/v2\/categories?post=66819"},{"taxonomy":"post_tag","embeddable":true,"href":"https:\/\/www.piuomenopop.it\/index.php\/wp-json\/wp\/v2\/tags?post=66819"}],"curies":[{"name":"wp","href":"https:\/\/api.w.org\/{rel}","templated":true}]}}