{"id":67390,"date":"2021-07-09T00:46:52","date_gmt":"2021-07-08T22:46:52","guid":{"rendered":"http:\/\/www.piuomenopop.it\/?p=67390"},"modified":"2021-07-09T00:46:52","modified_gmt":"2021-07-08T22:46:52","slug":"albori-va-in-citta_lo-storico-festival-estivo-sul-lago-diseo-si-trasferisce-in-citta-a-bergamo-per-5-concerti-esclusivi","status":"publish","type":"post","link":"https:\/\/www.piuomenopop.it\/index.php\/2021\/07\/09\/albori-va-in-citta_lo-storico-festival-estivo-sul-lago-diseo-si-trasferisce-in-citta-a-bergamo-per-5-concerti-esclusivi\/","title":{"rendered":"ALBORI VA IN CITT\u00c0_Lo storico festival estivo sul lago d&#8217;Iseo si trasferisce in citt\u00e0, a Bergamo, per 5 concerti esclusivi"},"content":{"rendered":"<h2 style=\"text-align: center;\">Dal 16 al 18 luglio Albori Music Festival, lo storico festival estivo sul lago d\u2019Iseo, si trasferisce in citt\u00e0, a Bergamo, per 5 concerti speciali<\/h2>\n<p style=\"text-align: center;\"><strong>16 LUGLIO:\u00a0CALIBRO 35\u00a0@SPAZIO POLARESCO<\/strong><\/p>\n<p style=\"text-align: center;\"><strong>16 LUGLIO:\u00a0GIO EVAN\u00a0@BERGAMO1000\/Piazzale degli Alpini<\/strong><\/p>\n<p style=\"text-align: center;\"><strong>17 LUGLIO:\u00a0TRE ALLEGRI RAGAZZI MORTI\u00a0@SPAZIO POLARESCO<\/strong><\/p>\n<p style=\"text-align: center;\"><strong>18 LUGLIO:\u00a0CMQMARTINA+JOAN THIELE\u00a0@BERGAMO1000\/Piazzale degli Alpini<\/strong><\/p>\n<p style=\"text-align: center;\"><strong>18 LUGLIO:\u00a0GULINO\u00a0@SPAZIO POLARESCO<\/strong><\/p>\n<p class=\"m_4044571621452741202last-child\" style=\"text-align: center;\"><a href=\"https:\/\/freecomhub.us11.list-manage.com\/track\/click?u=cf5c3e09d0751ecfe894aef77&amp;id=931f945d55&amp;e=1f873ed663\" target=\"_blank\" rel=\"noopener noreferrer\" data-saferedirecturl=\"https:\/\/www.google.com\/url?q=https:\/\/freecomhub.us11.list-manage.com\/track\/click?u%3Dcf5c3e09d0751ecfe894aef77%26id%3D931f945d55%26e%3D1f873ed663&amp;source=gmail&amp;ust=1625870506470000&amp;usg=AFQjCNGAJzAz5iL0K4UeYnvoyCxnf__ooQ\"><strong>Biglietteria<\/strong><\/a><\/p>\n<p>Si trasferisce in citt\u00e0, a\u00a0<strong>Bergamo<\/strong>,\u00a0<strong>Albori Music Festival<\/strong>, lo storico festival musicale sul lago d\u2019Iseo. Una formula diffusa per questa edizione cittadina:\u00a0<strong>dal 16 al 18 luglio<\/strong>\u00a0cinque gli appuntamenti, divisi su due location,\u00a0<strong>Spazio Polaresco<\/strong>\u00a0e\u00a0<strong>Piazzale degli Alpini\/Bergamo1000<\/strong>. La line up artistica, annunciata sui canali social del festival, schiera\u00a0<strong>CALIBRO 35, GIO EVAN, TRE ALLEGRI RAGAZZI MORTI, CMQMARTINA+JOAN THIELE, GULINO.<\/strong><\/p>\n<p class=\"m_4044571621452741202last-child\">Si comincia\u00a0<strong>venerd\u00ec 16 luglio<\/strong>\u00a0allo\u00a0<strong>Spazio Polaresco<\/strong>\u00a0(dalle 18.30 in poi) con i\u00a0<strong>CALIBRO 35\u00a0<\/strong><em><strong>(biglietti ancora disponibili\u00a0<\/strong><a href=\"https:\/\/freecomhub.us11.list-manage.com\/track\/click?u=cf5c3e09d0751ecfe894aef77&amp;id=baacf3732c&amp;e=1f873ed663\" target=\"_blank\" rel=\"noopener noreferrer\" data-saferedirecturl=\"https:\/\/www.google.com\/url?q=https:\/\/freecomhub.us11.list-manage.com\/track\/click?u%3Dcf5c3e09d0751ecfe894aef77%26id%3Dbaacf3732c%26e%3D1f873ed663&amp;source=gmail&amp;ust=1625870506470000&amp;usg=AFQjCNHkPrf81QA_R0Da37CLQnLmKfgptA\"><strong>qui<\/strong><\/a><strong>)<\/strong><\/em>, definiti da Rolling Stone come il progetto pi\u00f9 \u201ccool\u201d uscito dal nostro Paese negli ultimi anni. In poco tempo sono diventati un vero e proprio punto di riferimento della scena nazionale ed internazionale, tanto da essere campionati da giganti del calibro di Dr. Dre in \u201cCompton\u201d, Jay-Z, The Child of lov &amp; Damon Albarn e da vantare ormai una schiera di appassionatissimi fan in tutto il globo, che comprende personaggi del calibro di Dj Food (Ninja Tune) e Mr Scruff. La band nata per gioco e formata da\u00a0<strong>Massimo Martellotta, Enrico Gabrielli, Luca Cavina<\/strong>\u00a0e\u00a0<strong>Fabio Rondanini<\/strong>\u00a0sotto l\u2019attenta guida del produttore e membro aggiunto\u00a0<strong>Tommaso Colliva<\/strong>, in oltre dieci anni di frenetica attivit\u00e0 ha mosso passi in molti campi e declinato il proprio stile unico su diverse forme di espressione musicale: non solo dischi, ma anche colonne sonore, produzioni tv, sonorizzazioni, library music, libri e spettacoli teatrali e moltissimi live in giro per tutto il mondo nei quali ha condiviso il palco con artisti del calibro di Muse, Sharon Jones, Sun Ra Arkestra e Thundercat.<strong>\u00a0<\/strong>L\u2019ultimo lavoro in studio \u00e8 \u201cMOMENTUM\u201d, pubblicato il 24 Gennaio 2020 su Record Kicks, album che ha rappresentato un nuovo punto di partenza per una delle formazioni contemporanee pi\u00f9\u2019 apprezzate sulla scena nazionale ed internazionale.<\/p>\n<p>In contemporanea, sul palco di\u00a0<strong>Piazzale degli Alpini\/Bergamo1000<\/strong>\u00a0(porte aperte dalle 18.30), salir\u00e0\u00a0<strong>GIO EVAN\u00a0<\/strong>che, a pochi mesi dall\u2019uscita del suo ultimo album, torna finalmente in tour\u00a0<em><strong>(biglietti ancora disponibili\u00a0<\/strong><a href=\"https:\/\/freecomhub.us11.list-manage.com\/track\/click?u=cf5c3e09d0751ecfe894aef77&amp;id=d03d3fbf8e&amp;e=1f873ed663\" target=\"_blank\" rel=\"noopener noreferrer\" data-saferedirecturl=\"https:\/\/www.google.com\/url?q=https:\/\/freecomhub.us11.list-manage.com\/track\/click?u%3Dcf5c3e09d0751ecfe894aef77%26id%3Dd03d3fbf8e%26e%3D1f873ed663&amp;source=gmail&amp;ust=1625870506470000&amp;usg=AFQjCNFoVkIRLa0KSC_7RHLcuymt2GgjCw\"><strong>qui<\/strong><\/a><strong>)<\/strong><\/em>. Il cantautore e scrittore \u00e8 reduce dalla sua prima apparizione al Festival di Sanremo con il brano \u201cArnica\u201d a cui \u00e8 seguita l\u2019uscita per Polydor\/Universal del suo nuovo album, \u201cMareducato\u201d, che ha gi\u00e0 raggiunto i 15 milioni di ascolti, e del suo ultimo libro per Rizzoli, \u201cCi siamo fatti mare\u201d.<\/p>\n<p>Conosciuti per le loro performance mascherate e per i loro live di rock essenziale,\u00a0<strong>TRE ALLEGRI RAGAZZI MORTI<\/strong>\u00a0saliranno sul palco dello\u00a0<strong>Spazio Polaresco<\/strong>\u00a0<strong>sabato 17 luglio<\/strong><em><strong>\u00a0<\/strong><\/em>dalle 18.30<em><strong>\u00a0(biglietti ancora disponibili\u00a0<\/strong><a href=\"https:\/\/freecomhub.us11.list-manage.com\/track\/click?u=cf5c3e09d0751ecfe894aef77&amp;id=d1d701a45f&amp;e=1f873ed663\" target=\"_blank\" rel=\"noopener noreferrer\" data-saferedirecturl=\"https:\/\/www.google.com\/url?q=https:\/\/freecomhub.us11.list-manage.com\/track\/click?u%3Dcf5c3e09d0751ecfe894aef77%26id%3Dd1d701a45f%26e%3D1f873ed663&amp;source=gmail&amp;ust=1625870506470000&amp;usg=AFQjCNF8JQBwc3UQE42mMyrvQijiAlR-tA\"><strong>qui<\/strong><\/a><\/em>). Sono considerati uno dei pilastri della scena rock alternativa italiana fin dalla loro formazione, nel 1994. Nati sotto la guida del celebre fumettista Davide Toffolo, la band \u00e8 formata dal batterista e membro originario\u00a0<strong>Luca Masseroni<\/strong>\u00a0e dal bassista\u00a0<strong>Enrico Molteni<\/strong>, aggiuntosi alla band per il primo album ufficiale \u201cPiccolo intervento a vivo\u201d (1997 BMG\/Ricordi), preceduto dagli auto-prodotti su audiocassetta \u201cMondo na\u00eff\u201d (1994), \u201cAllegro pogo morto\u201c (1995) e \u201cSi parte\u201d (1996). Il 31 ottobre 2019 i Tre allegri ragazzi morti hanno celebrato con una grande festa all\u2019Estragon di Bologna i primi 25 anni di carriera. Venticinque anni di musica, indipendenza e avventure; pi\u00f9 di millecinquecento concerti, dischi, fumetti, maschere, disegni, sogni e un&#8217;etichetta (La Tempesta) che ha dato voce a tantissimi nuovi artisti.<\/p>\n<p class=\"m_4044571621452741202last-child\">Sempre\u00a0<strong>sabato 17 luglio<\/strong>, ma sul palco di\u00a0<strong>Piazzale degli Alpini\/Bergamo1000<\/strong>, saliranno due tra le artiste pi\u00f9 richieste del panorama indie italiano:\u00a0<strong>CMQMARTINA e JOAN THIELE<\/strong>\u00a0<em><strong>(biglietti ancora disponibili\u00a0<\/strong><a href=\"https:\/\/freecomhub.us11.list-manage.com\/track\/click?u=cf5c3e09d0751ecfe894aef77&amp;id=eeec48e08a&amp;e=1f873ed663\" target=\"_blank\" rel=\"noopener noreferrer\" data-saferedirecturl=\"https:\/\/www.google.com\/url?q=https:\/\/freecomhub.us11.list-manage.com\/track\/click?u%3Dcf5c3e09d0751ecfe894aef77%26id%3Deeec48e08a%26e%3D1f873ed663&amp;source=gmail&amp;ust=1625870506470000&amp;usg=AFQjCNG9WSACG31-TLY43ORB-RB3zLEYPQ\"><strong>qui)<\/strong><\/a><strong>.<\/strong><\/em>\u00a0<strong>cmqmartina\u00a0<\/strong>ha poco pi\u00f9 di vent\u2019anni e vive a Monza, e poco importa se non \u00e8 Milano. Cresciuta con Celentano ed Elisa alle medie, ha tanti singoli all\u2019attivo, diverse playlist Spotify, 150mila followers e chiss\u00e0 quanti streams.\u00a0<strong>Joan Thiele<\/strong>\u00a0\u00e8 una cantautrice e producer di origini met\u00e0 italiane e met\u00e0 svizzero- colombiane, cresciuta tra Cartagena e l\u2019Italia. Fin dall&#8217;infanzia ha trascorso una vita nomade che le ha regalato un gusto musicale internazionale. Finito il liceo, si trasferisce a Londra, dove coltiva la sua passione per la musica e sviluppa una grande personalit\u00e0 artistica. Nel 2021 pubblica per Undamento due capitoli del suo nuovo progetto: \u201cAtto I &#8211; Memoria del Futuro\u201d (out 12\/02) e \u201cAtto II &#8211; Disordinato spazio\u201d (out 30\/04).<\/p>\n<p>A chiudere il lungo weekend di musica di\u00a0<strong>\u201cAlbori va in citt\u00e0\u201d<\/strong>\u00a0sar\u00e0,\u00a0<strong>domenica 18 luglio<\/strong>\u00a0al\u00a0<strong>Polaresco\u00a0<\/strong>(ore 20.30;\u00a0<a href=\"https:\/\/freecomhub.us11.list-manage.com\/track\/click?u=cf5c3e09d0751ecfe894aef77&amp;id=24b059029e&amp;e=1f873ed663\" target=\"_blank\" rel=\"noopener noreferrer\" data-saferedirecturl=\"https:\/\/www.google.com\/url?q=https:\/\/freecomhub.us11.list-manage.com\/track\/click?u%3Dcf5c3e09d0751ecfe894aef77%26id%3D24b059029e%26e%3D1f873ed663&amp;source=gmail&amp;ust=1625870506470000&amp;usg=AFQjCNGeuLJvTNgnrV8a-2WXbTJExmXQZg\">ingresso gratuito su prenotazione<\/a>),\u00a0<strong>GULINO<\/strong>, del quale \u00e8 uscito lo scorso 25 giugno il nuovo singolo \u201cMuovere maree\u201d, dedicato al giorno pi\u00f9 lungo dell\u2019anno. La riconoscibile identit\u00e0 artistica del cantautore siciliano, cantante e autore dei Marta Sui Tubi, colloca ogni sua opera nella tradizione della canzone italiana (note le collaborazioni, tra gli altri, con Lucio Dalla e Franco Battiato), ma con elementi innovati e di contaminazione, che valicano i confini geografici. L\u2019incontro tra folk, rock, indie e sperimentazione, sia vocale che strumentale, vicina al mondo di Demetrio Stratos, rende Gulino un artista d\u2019avanguardia che ha saputo conquistare un ampio pubblico. Prodotto da Andrea Pettinelli &amp; Lo ZOO di Berlino, MUOVERE MAREE inaugura la collaborazione tra Gulino e il Consorzio ZdB, etichetta nata sul modello della Cramps di Gianni Sassi, che ha uno storico di collaborazioni con artisti della mitica indipendente milanese.<\/p>\n","protected":false},"excerpt":{"rendered":"<div class=\"mh-excerpt\"><p>Dal 16 al 18 luglio Albori Music Festival, lo storico festival estivo sul lago d\u2019Iseo, si trasferisce in citt\u00e0, a Bergamo, per 5 concerti speciali <a class=\"mh-excerpt-more\" href=\"https:\/\/www.piuomenopop.it\/index.php\/2021\/07\/09\/albori-va-in-citta_lo-storico-festival-estivo-sul-lago-diseo-si-trasferisce-in-citta-a-bergamo-per-5-concerti-esclusivi\/\" title=\"ALBORI VA IN CITT\u00c0_Lo storico festival estivo sul lago d&#8217;Iseo si trasferisce in citt\u00e0, a Bergamo, per 5 concerti esclusivi\">[&#8230;]<\/a><\/p>\n<\/div>","protected":false},"author":2,"featured_media":67391,"comment_status":"closed","ping_status":"closed","sticky":false,"template":"","format":"standard","meta":{"sfsi_plus_gutenberg_text_before_share":"","sfsi_plus_gutenberg_show_text_before_share":"","sfsi_plus_gutenberg_icon_type":"","sfsi_plus_gutenberg_icon_alignemt":"","sfsi_plus_gutenburg_max_per_row":"","footnotes":"","_links_to":"","_links_to_target":""},"categories":[5184],"tags":[3372],"class_list":["post-67390","post","type-post","status-publish","format-standard","has-post-thumbnail","hentry","category-calendario-concerti","tag-albori-music-festival"],"aioseo_notices":[],"_links":{"self":[{"href":"https:\/\/www.piuomenopop.it\/index.php\/wp-json\/wp\/v2\/posts\/67390","targetHints":{"allow":["GET"]}}],"collection":[{"href":"https:\/\/www.piuomenopop.it\/index.php\/wp-json\/wp\/v2\/posts"}],"about":[{"href":"https:\/\/www.piuomenopop.it\/index.php\/wp-json\/wp\/v2\/types\/post"}],"author":[{"embeddable":true,"href":"https:\/\/www.piuomenopop.it\/index.php\/wp-json\/wp\/v2\/users\/2"}],"replies":[{"embeddable":true,"href":"https:\/\/www.piuomenopop.it\/index.php\/wp-json\/wp\/v2\/comments?post=67390"}],"version-history":[{"count":1,"href":"https:\/\/www.piuomenopop.it\/index.php\/wp-json\/wp\/v2\/posts\/67390\/revisions"}],"predecessor-version":[{"id":67392,"href":"https:\/\/www.piuomenopop.it\/index.php\/wp-json\/wp\/v2\/posts\/67390\/revisions\/67392"}],"wp:featuredmedia":[{"embeddable":true,"href":"https:\/\/www.piuomenopop.it\/index.php\/wp-json\/wp\/v2\/media\/67391"}],"wp:attachment":[{"href":"https:\/\/www.piuomenopop.it\/index.php\/wp-json\/wp\/v2\/media?parent=67390"}],"wp:term":[{"taxonomy":"category","embeddable":true,"href":"https:\/\/www.piuomenopop.it\/index.php\/wp-json\/wp\/v2\/categories?post=67390"},{"taxonomy":"post_tag","embeddable":true,"href":"https:\/\/www.piuomenopop.it\/index.php\/wp-json\/wp\/v2\/tags?post=67390"}],"curies":[{"name":"wp","href":"https:\/\/api.w.org\/{rel}","templated":true}]}}