{"id":67691,"date":"2021-07-18T19:54:57","date_gmt":"2021-07-18T17:54:57","guid":{"rendered":"http:\/\/www.piuomenopop.it\/?p=67691"},"modified":"2021-07-18T20:06:41","modified_gmt":"2021-07-18T18:06:41","slug":"aperol-with-heroes-together-we-can-venerdi-17-e-sabato-18-settembre-2021-allarena-di-verona-e-in-diretta-streaming-sulla-piattaforma-livenow","status":"publish","type":"post","link":"https:\/\/www.piuomenopop.it\/index.php\/2021\/07\/18\/aperol-with-heroes-together-we-can-venerdi-17-e-sabato-18-settembre-2021-allarena-di-verona-e-in-diretta-streaming-sulla-piattaforma-livenow\/","title":{"rendered":"APEROL with HEROES \u2013 TOGETHER WE CAN: venerd\u00ec 17 e sabato 18 settembre 2021 all\u2019Arena di Verona e in diretta streaming sulla piattaforma LIVENow"},"content":{"rendered":"<p style=\"text-align: center;\"><strong>ACHILLE LAURO, ARIETE, CARMEN CONSOLI, ELODIE, EMMA, GAZZELLE, MADAME, MAHMOOD, MASSIMO PERICOLO, NEGRAMARO, LA RAPPRESENTANTE DI LISTA, SANGIOVANNI<\/strong><\/p>\n<p>&nbsp;<\/p>\n<div style=\"text-align: center;\">UN FESTIVAL AD IMPATTO SOCIALE<\/div>\n<div style=\"text-align: center;\">DAL VIVO @ ARENA DI VERONA<\/div>\n<div style=\"text-align: center;\">E IN LIVE STREAMING SU LIVENow<\/div>\n<div style=\"text-align: center;\">VENERD\u00cd 17 E SABATO 18 SETTEMBRE 2021<\/div>\n<p>&nbsp;<\/p>\n<div>LE PREVENDITE<\/div>\n<div><a href=\"http:\/\/www.ticketmaster.it\/\" target=\"_blank\" rel=\"noopener noreferrer\" data-saferedirecturl=\"https:\/\/www.google.com\/url?q=http:\/\/www.ticketmaster.it\/&amp;source=gmail&amp;ust=1626715272116000&amp;usg=AFQjCNFXC4WYGifH4YPReu9Mn7Bv5VRCcw\">www.ticketmaster.it<\/a><\/div>\n<div><a href=\"http:\/\/www.ticketone.it\/\" target=\"_blank\" rel=\"noopener noreferrer\" data-saferedirecturl=\"https:\/\/www.google.com\/url?q=http:\/\/www.ticketone.it\/&amp;source=gmail&amp;ust=1626715272116000&amp;usg=AFQjCNF6XTEjRu7WrA3X2bDp8944K53N6g\">www.ticketone.it<\/a><\/div>\n<div>\n<p>\u00a0<a href=\"http:\/\/www.vivaticket.com\/\" target=\"_blank\" rel=\"noopener noreferrer\" data-saferedirecturl=\"https:\/\/www.google.com\/url?q=http:\/\/www.vivaticket.com\/&amp;source=gmail&amp;ust=1626715272116000&amp;usg=AFQjCNFiHECVZ7z3R8Pv7NmUMzW4jaQMkw\">www.vivaticket.com<\/a><\/p>\n<p>&nbsp;<\/p>\n<\/div>\n<div>BIGLIETTI LIVE STREAMING<\/div>\n<div><a href=\"https:\/\/www.live-now.com\/it-it\" target=\"_blank\" rel=\"noopener noreferrer\" data-saferedirecturl=\"https:\/\/www.google.com\/url?q=https:\/\/www.live-now.com\/it-it&amp;source=gmail&amp;ust=1626715272116000&amp;usg=AFQjCNFWdLxtbZ7Rh6AHClRRftACXQVBcQ\">https:\/\/www.live-now.com\/it-it<\/a><\/div>\n<div><\/div>\n<div><\/div>\n<div>Svelato il cast di APEROL with HEROES \u2013 TOGETHER WE CAN che si terr\u00e0 venerd\u00ec 17 e sabato 18 settembre 2021 all\u2019Arena di Verona e in diretta streaming sulla piattaforma LIVENow.<\/div>\n<p>&nbsp;<\/p>\n<div>Un Festival che accoglier\u00e0 12 grandi artisti della scena musicale italiana. L\u2019evento sar\u00e0 reso possibile anche grazie all\u2019impegno di Aperol, icona dell\u2019aperitivo italiano che, da sempre, \u00e8 impegnato nella creazione di un mondo di valori condivisi. Utilizzando la musica come linguaggio universale, Aperol \u00e8 in grado di creare una connessione diretta e spontanea tra le persone, invitando alla condivisione e all\u2019apertura verso gli altri.<\/div>\n<p>&nbsp;<\/p>\n<div>Quest\u2019anno la musica ci unisce per promuovere il rispetto di ogni diversit\u00e0, per una societ\u00e0 in grado di accogliere e valorizzare tutte le differenze. Aperol with Heroes 2021, aderendo all\u2019iniziativa internazionale Keychange, rappresentata in Italia da Music Innovation Hub, finanzier\u00e0 azioni concrete a favore delle minoranze e della parit\u00e0 di genere nel settore musicale.<\/div>\n<p>&nbsp;<\/p>\n<div>La raccolta fondi sar\u00e0 presentata in Italia il 17 Luglio a Milano in occasione di Play:Fair, iniziativa di SDG Action Campaign delle Nazioni Unite.<\/div>\n<p>&nbsp;<\/p>\n<div>A calcare il palco di Heroes 2021 sar\u00e0 una line-up di primo livello nella quale ogni performance avr\u00e0 una regia e quadri artistici differenti e in cui ogni artista potr\u00e0 esibirsi per 20 minuti in un set inedito.<\/div>\n<p>&nbsp;<\/p>\n<div>Ecco le esibizioni per data.<\/div>\n<p>&nbsp;<\/p>\n<ul>\n<li dir=\"ltr\" aria-level=\"1\">\n<div>Venerd\u00ec 17 settembre: Ariete, Elodie, Mahmood, Massimo Pericolo, Negramaro e Sangiovanni.<\/div>\n<\/li>\n<\/ul>\n<p>&nbsp;<\/p>\n<ul>\n<li dir=\"ltr\" aria-level=\"1\">\n<div>Sabato 18 settembre: Achille Lauro, Carmen Consoli, Emma, Gazzelle, La Rappresentante di Lista e Madame.<\/div>\n<\/li>\n<\/ul>\n<p>&nbsp;<\/p>\n<div>A sostenere questo grande evento ci saranno tre fra i pi\u00f9 importanti network radiofonici italiani: Radio Italia, Radio Deejay e Rai Radio 2.<\/div>\n<p>&nbsp;<\/p>\n<div>I biglietti saranno disponibili in prevendita dalle ore 16.00 di gioved\u00ec 15 luglio su <a href=\"http:\/\/www.ticketmaster.it\/\" target=\"_blank\" rel=\"noopener noreferrer\" data-saferedirecturl=\"https:\/\/www.google.com\/url?q=http:\/\/www.ticketmaster.it\/&amp;source=gmail&amp;ust=1626715272116000&amp;usg=AFQjCNFXC4WYGifH4YPReu9Mn7Bv5VRCcw\">www.ticketmaster.it<\/a>, <a href=\"http:\/\/www.ticketone.it\/\" target=\"_blank\" rel=\"noopener noreferrer\" data-saferedirecturl=\"https:\/\/www.google.com\/url?q=http:\/\/www.ticketone.it\/&amp;source=gmail&amp;ust=1626715272116000&amp;usg=AFQjCNF6XTEjRu7WrA3X2bDp8944K53N6g\">www.ticketone.it<\/a>, <a href=\"http:\/\/www.vivaticket.com\/\" target=\"_blank\" rel=\"noopener noreferrer\" data-saferedirecturl=\"https:\/\/www.google.com\/url?q=http:\/\/www.vivaticket.com\/&amp;source=gmail&amp;ust=1626715272116000&amp;usg=AFQjCNFiHECVZ7z3R8Pv7NmUMzW4jaQMkw\">www.vivaticket.com<\/a>. I biglietti per il live streaming su <a href=\"https:\/\/www.live-now.com\/it-it\" target=\"_blank\" rel=\"noopener noreferrer\" data-saferedirecturl=\"https:\/\/www.google.com\/url?q=https:\/\/www.live-now.com\/it-it&amp;source=gmail&amp;ust=1626715272116000&amp;usg=AFQjCNFWdLxtbZ7Rh6AHClRRftACXQVBcQ\">https:\/\/www.live-now.com\/it-it<\/a><wbr \/>.<\/div>\n<p>&nbsp;<\/p>\n<div>Per informazioni: <a href=\"https:\/\/heroesfestival.it\/\" target=\"_blank\" rel=\"noopener noreferrer\" data-saferedirecturl=\"https:\/\/www.google.com\/url?q=https:\/\/heroesfestival.it\/&amp;source=gmail&amp;ust=1626715272116000&amp;usg=AFQjCNE6FFXxjcCz1iHHye4mSPaUejP1AA\">Sito Web<\/a> \/ <a href=\"https:\/\/www.instagram.com\/aperolwithheroes\/?hl=it\" target=\"_blank\" rel=\"noopener noreferrer\" data-saferedirecturl=\"https:\/\/www.google.com\/url?q=https:\/\/www.instagram.com\/aperolwithheroes\/?hl%3Dit&amp;source=gmail&amp;ust=1626715272116000&amp;usg=AFQjCNGZKFhRgNzYa8nH8wRMGcTQOZfJUw\">Instagram<\/a><\/div>\n<p>&nbsp;<\/p>\n<div>APEROL with HEROES &#8211; TOGETHER WE CAN, ideato e prodotto da Music Innovation Hub Spa \u2013 Impresa Sociale (MIH), Friends&amp;Partners, Live Nation, Vivo Concerti e RP Legal &amp; Tax, in collaborazione con Arena di Verona Srl e Gianmarco Mazzi. La direzione artistica \u00e8 affidata a LaTarma, la digital strategy di Comunicarlo. Partners istituzionali ASVIS, KEYCHANGE. Si ringraziano OTR, Bomba Dischi, Woodworm.<\/div>\n","protected":false},"excerpt":{"rendered":"<div class=\"mh-excerpt\"><p>ACHILLE LAURO, ARIETE, CARMEN CONSOLI, ELODIE, EMMA, GAZZELLE, MADAME, MAHMOOD, MASSIMO PERICOLO, NEGRAMARO, LA RAPPRESENTANTE DI LISTA, SANGIOVANNI &nbsp; UN FESTIVAL AD IMPATTO SOCIALE DAL <a class=\"mh-excerpt-more\" href=\"https:\/\/www.piuomenopop.it\/index.php\/2021\/07\/18\/aperol-with-heroes-together-we-can-venerdi-17-e-sabato-18-settembre-2021-allarena-di-verona-e-in-diretta-streaming-sulla-piattaforma-livenow\/\" title=\"APEROL with HEROES \u2013 TOGETHER WE CAN: venerd\u00ec 17 e sabato 18 settembre 2021 all\u2019Arena di Verona e in diretta streaming sulla piattaforma LIVENow\">[&#8230;]<\/a><\/p>\n<\/div>","protected":false},"author":2,"featured_media":67692,"comment_status":"closed","ping_status":"closed","sticky":false,"template":"","format":"standard","meta":{"sfsi_plus_gutenberg_text_before_share":"","sfsi_plus_gutenberg_show_text_before_share":"","sfsi_plus_gutenberg_icon_type":"","sfsi_plus_gutenberg_icon_alignemt":"","sfsi_plus_gutenburg_max_per_row":"","footnotes":"","_links_to":"","_links_to_target":""},"categories":[5184],"tags":[12551],"class_list":["post-67691","post","type-post","status-publish","format-standard","has-post-thumbnail","hentry","category-calendario-concerti","tag-aperol-with-heroes"],"aioseo_notices":[],"_links":{"self":[{"href":"https:\/\/www.piuomenopop.it\/index.php\/wp-json\/wp\/v2\/posts\/67691","targetHints":{"allow":["GET"]}}],"collection":[{"href":"https:\/\/www.piuomenopop.it\/index.php\/wp-json\/wp\/v2\/posts"}],"about":[{"href":"https:\/\/www.piuomenopop.it\/index.php\/wp-json\/wp\/v2\/types\/post"}],"author":[{"embeddable":true,"href":"https:\/\/www.piuomenopop.it\/index.php\/wp-json\/wp\/v2\/users\/2"}],"replies":[{"embeddable":true,"href":"https:\/\/www.piuomenopop.it\/index.php\/wp-json\/wp\/v2\/comments?post=67691"}],"version-history":[{"count":2,"href":"https:\/\/www.piuomenopop.it\/index.php\/wp-json\/wp\/v2\/posts\/67691\/revisions"}],"predecessor-version":[{"id":67694,"href":"https:\/\/www.piuomenopop.it\/index.php\/wp-json\/wp\/v2\/posts\/67691\/revisions\/67694"}],"wp:featuredmedia":[{"embeddable":true,"href":"https:\/\/www.piuomenopop.it\/index.php\/wp-json\/wp\/v2\/media\/67692"}],"wp:attachment":[{"href":"https:\/\/www.piuomenopop.it\/index.php\/wp-json\/wp\/v2\/media?parent=67691"}],"wp:term":[{"taxonomy":"category","embeddable":true,"href":"https:\/\/www.piuomenopop.it\/index.php\/wp-json\/wp\/v2\/categories?post=67691"},{"taxonomy":"post_tag","embeddable":true,"href":"https:\/\/www.piuomenopop.it\/index.php\/wp-json\/wp\/v2\/tags?post=67691"}],"curies":[{"name":"wp","href":"https:\/\/api.w.org\/{rel}","templated":true}]}}